{"id":5240,"date":"2024-07-09T10:34:15","date_gmt":"2024-07-09T10:34:15","guid":{"rendered":"https:\/\/www.automakers.cz\/?p=5240"},"modified":"2024-07-09T10:35:17","modified_gmt":"2024-07-09T10:35:17","slug":"rolls-roce-mel-dve-premiery-ve-varech","status":"publish","type":"post","link":"https:\/\/www.automakers.cz\/?p=5240","title":{"rendered":"Rolls-Royce m\u011bl dv\u011b premi\u00e9ry ve Varech"},"content":{"rendered":"<p class=\"xmprfx_MsoNormal\"><strong>Rolls-Royce Cullinan Series II a Cullinan Series II Black Badge si odbyly \u010deskou premi\u00e9ru na medi\u00e1ln\u00ed recepci v Karlov\u00fdch Varech, po n\u00ed\u017e n\u00e1sledovala prezentace pro klienty. \u0160lo z\u00e1rove\u0148 o prvn\u00ed ve\u0159ejnou premi\u00e9ru v kontinent\u00e1ln\u00ed \u010d\u00e1sti Evropy.<\/strong><!--more--><\/p>\n<p class=\"xmprfx_MsoNormal\">Karel Kadlec, majitel spole\u010dnosti Rolls-Royce Motor Cars Prague, \u0159ekl: \u201eVzhledem k okouzluj\u00edc\u00ed atmosf\u00e9\u0159e tohoto v\u00fdjime\u010dn\u00e9ho t\u00fddne si nem\u016f\u017eeme p\u0159edstavit lep\u0161\u00ed p\u0159\u00edle\u017eitost pro slavnostn\u00ed premi\u00e9ru v \u010cesk\u00e9 republice i v cel\u00e9 kontinent\u00e1ln\u00ed \u010d\u00e1sti Evropy ne\u017e Mezin\u00e1rodn\u00ed filmov\u00fd festival Karlovy Vary. Tato jedine\u010dn\u00e1 ud\u00e1lost podtrhuje na\u0161e dlouhodob\u00e9 partnerstv\u00ed s festivalem.\u201c<\/p>\n<p><img loading=\"lazy\" decoding=\"async\" class=\"alignnone size-medium wp-image-5325\" src=\"http:\/\/www.automakers.cz\/wp-content\/uploads\/2024\/07\/Rolls-Kadlec-Vary-900x600.jpg\" alt=\"\" width=\"900\" height=\"600\" srcset=\"https:\/\/www.automakers.cz\/wp-content\/uploads\/2024\/07\/Rolls-Kadlec-Vary-900x600.jpg 900w, https:\/\/www.automakers.cz\/wp-content\/uploads\/2024\/07\/Rolls-Kadlec-Vary-1024x682.jpg 1024w, https:\/\/www.automakers.cz\/wp-content\/uploads\/2024\/07\/Rolls-Kadlec-Vary-768x512.jpg 768w, https:\/\/www.automakers.cz\/wp-content\/uploads\/2024\/07\/Rolls-Kadlec-Vary-1536x1024.jpg 1536w, https:\/\/www.automakers.cz\/wp-content\/uploads\/2024\/07\/Rolls-Kadlec-Vary.jpg 2000w\" sizes=\"auto, (max-width: 900px) 100vw, 900px\" \/>Na z\u00e1klad\u011b Cullinan z roku 2018 vznikl n\u00e1stupce: Cullinan Series II. Provokativn\u00ed alter ego voz\u016f Rolls-Royce, proveden\u00ed Black Badge, dos\u00e1hlo podle automobilky ve voze Cullinan sv\u00e9ho absolutn\u00edho vrcholu. Asertivn\u00ed a nekompromisn\u00ed styl oslovuje z\u00e1kazn\u00edky, kte\u0159\u00ed hledaj\u00ed ty nejodv\u00e1\u017en\u011bj\u0161\u00ed formy sebevyj\u00e1d\u0159en\u00ed.<\/p>\n<p class=\"xmprfx_MsoNormal\">Pr\u00e1v\u011b pro tyto klienty uv\u00e1d\u00ed zna\u010dka na trh Cullinan Series II Black Badge, kter\u00fd p\u0159edstavuje je\u0161t\u011b odv\u00e1\u017en\u011bj\u0161\u00ed a n\u00e1padn\u011bj\u0161\u00ed proveden\u00ed, s nejen temn\u011bj\u0161\u00edm estetick\u00fdm zpracov\u00e1n\u00edm, ale tak\u00e9 s osobit\u00fdm technick\u00fdm \u0159e\u0161en\u00edm, kter\u00e9 v\u00fdznamn\u011b podporuje charakter vozu.<\/p>\n<p class=\"xmprfx_MsoNormal\">Pavel Kalou\u0161, brand manager spole\u010dnosti Rolls-Royce Motor Cars Prague, b\u011bhem recepce pro m\u00e9dia prohl\u00e1sil: \u201eCullinan Series II z\u016fst\u00e1v\u00e1 vozem, kter\u00fd se ovl\u00e1d\u00e1 s\u00a0naprostou lehkost\u00ed, a\u0165 u\u017e se pohybuje kdekoli. Je tak v\u011brn\u00fd princip\u016fm a kvalit\u00e1m, d\u00edky nim\u017e je tento osobit\u00fd automobil tak obl\u00edben\u00fd. Z\u00e1rove\u0148 p\u0159edstavuje skute\u010dn\u00fd pokrok a v\u00fdvoj, vych\u00e1zej\u00edc\u00ed z\u00a0nov\u00fdch podn\u011bt\u016f ve vn\u00edm\u00e1n\u00ed vrcholn\u00e9ho luxusu, kter\u00fd dod\u00e1v\u00e1 vozu Cullinan p\u016fsobiv\u011bj\u0161\u00ed pojet\u00ed.\u201c<\/p>\n<p><img loading=\"lazy\" decoding=\"async\" class=\"alignnone size-medium wp-image-5328\" src=\"http:\/\/www.automakers.cz\/wp-content\/uploads\/2024\/07\/Rolls-Cullinan-Karlovy-Vary-900x600.jpg\" alt=\"\" width=\"900\" height=\"600\" srcset=\"https:\/\/www.automakers.cz\/wp-content\/uploads\/2024\/07\/Rolls-Cullinan-Karlovy-Vary-900x600.jpg 900w, https:\/\/www.automakers.cz\/wp-content\/uploads\/2024\/07\/Rolls-Cullinan-Karlovy-Vary-1024x682.jpg 1024w, https:\/\/www.automakers.cz\/wp-content\/uploads\/2024\/07\/Rolls-Cullinan-Karlovy-Vary-768x512.jpg 768w, https:\/\/www.automakers.cz\/wp-content\/uploads\/2024\/07\/Rolls-Cullinan-Karlovy-Vary-1536x1024.jpg 1536w, https:\/\/www.automakers.cz\/wp-content\/uploads\/2024\/07\/Rolls-Cullinan-Karlovy-Vary.jpg 2000w\" sizes=\"auto, (max-width: 900px) 100vw, 900px\" \/><b>CULLINAN SERIES II<\/b><\/p>\n<p class=\"xmprfx_MsoNormal\">Od prvn\u00edch voz\u016f dodan\u00fdch klient\u016fm plnil Cullinan sv\u016fj \u00fa\u010del jako vrcholn\u00fd a dokonale navr\u017een\u00fd ter\u00e9nn\u00ed automobil, schopn\u00fd dov\u00e9zt sv\u00e9ho majitele na m\u00edsta, kter\u00e1 p\u0159edt\u00edm ve voze\u00a0Rolls-Royce nikdy nenav\u0161t\u00edvil. V\u0161estrannost a snadn\u00e1 ovladatelnost v\u0161ak vedla k\u00a0tomu, \u017ee se Cullinan stal pro mnoho majitel\u016f vozem pro ka\u017edodenn\u00ed pou\u017eit\u00ed.<\/p>\n<p class=\"xmprfx_MsoNormal\">\u00dast\u0159edn\u00edm motivem exteri\u00e9ru jsou vertik\u00e1ln\u00ed linie, kter\u00e9 p\u0159ipom\u00ednaj\u00ed osv\u011btlen\u00e9 mrakodrapy v megalopol\u00edch, kde je Cullinan st\u00e1le v\u00edce doma \u2013 nejv\u00edce patrn\u00e9 je to na nov\u00e9m zpracov\u00e1n\u00ed vn\u011bj\u0161\u00edho osv\u011btlen\u00ed. P\u0159edn\u00ed \u010d\u00e1st vozu Cullinan Series II se skl\u00e1d\u00e1 z jednoduch\u00fdch lini\u00ed a ostr\u00fdch hran s d\u016frazem na \u010dist\u00e9, monolitick\u00e9 povrchy, kter\u00e9 umoc\u0148uj\u00ed velkorys\u00e9 proporce a dominantn\u00ed dojem z vozu.<\/p>\n<p class=\"xmprfx_MsoNormal\">Tradi\u010dn\u00edm st\u0159edobodem je osv\u011btlen\u00e1 m\u0159\u00ed\u017eka chladi\u010de v\u00a0podob\u011b antick\u00e9ho panteonu, kter\u00e1 byla d\u00e1le osv\u011b\u017eena ni\u017e\u0161\u00ed horn\u00ed hranou. Zahrnuje tak\u00e9 novou le\u0161t\u011bnou linii mezi sv\u011btlomety pro denn\u00ed sv\u00edcen\u00ed.<\/p>\n<p class=\"xmprfx_MsoNormal\">Z profilu Cullinan Series II odhaluje dal\u0161\u00ed zm\u011bny zevn\u011bj\u0161ku. Um\u00edrn\u011bn\u00e1, ale p\u0159esn\u00e1 linie vede od zadn\u00edch sv\u00edtilen dop\u0159edu k\u00a0zadn\u00edm kol\u016fm a m\u00ed\u0159\u00ed p\u0159\u00edmo ke st\u0159edov\u00fdm kryt\u016fm s\u00a0plovouc\u00edm embl\u00e9mem \u201eRR\u201c, co\u017e vytv\u00e1\u0159\u00ed dojem pohybu.<\/p>\n<p class=\"xmprfx_MsoNormal\">P\u0159i pohledu zezadu je v\u00fdraznou uk\u00e1zkou s\u00edly nov\u00e9 \u0159e\u0161en\u00ed v\u00fdfuk\u016f. Zm\u011bny na z\u00e1di uzav\u00edr\u00e1 ochrann\u00fd plech z brou\u0161en\u00e9 nerezov\u00e9 oceli.<\/p>\n<p><img loading=\"lazy\" decoding=\"async\" class=\"alignnone size-medium wp-image-5330\" src=\"http:\/\/www.automakers.cz\/wp-content\/uploads\/2024\/07\/Rolls-Cullinan-palubni-deska-900x600.jpg\" alt=\"\" width=\"900\" height=\"600\" srcset=\"https:\/\/www.automakers.cz\/wp-content\/uploads\/2024\/07\/Rolls-Cullinan-palubni-deska-900x600.jpg 900w, https:\/\/www.automakers.cz\/wp-content\/uploads\/2024\/07\/Rolls-Cullinan-palubni-deska-1024x682.jpg 1024w, https:\/\/www.automakers.cz\/wp-content\/uploads\/2024\/07\/Rolls-Cullinan-palubni-deska-768x512.jpg 768w, https:\/\/www.automakers.cz\/wp-content\/uploads\/2024\/07\/Rolls-Cullinan-palubni-deska-1536x1024.jpg 1536w, https:\/\/www.automakers.cz\/wp-content\/uploads\/2024\/07\/Rolls-Cullinan-palubni-deska.jpg 2000w\" sizes=\"auto, (max-width: 900px) 100vw, 900px\" \/>Nejpodstatn\u011bj\u0161\u00ed novinkou v uspo\u0159\u00e1d\u00e1n\u00ed interi\u00e9ru je sklen\u011bn\u00fd panel po cel\u00e9 \u0161\u00ed\u0159ce palubn\u00ed desky \u2013 elegantn\u00ed a v\u0161estrann\u00fd designov\u00fd prvek, kter\u00fd vynik\u00e1 jak digit\u00e1ln\u00edm \u0159e\u0161en\u00edm, tak \u0159emesln\u00fdm zpracov\u00e1n\u00edm. P\u0159\u00edmo p\u0159ed spolujezdcem je osv\u011btlen\u00fd panel s n\u00e1pisem Cullinan a ojedin\u011blou grafikou Cityscape. Je inspirov\u00e1n no\u010dn\u00edmi mrakodrapy sv\u011btov\u00fdch megalopol\u00ed a je vytvo\u0159en pomoc\u00ed 7\u00a0000 element\u016f. Klienti si tak\u00e9 mohou ve spolupr\u00e1ci s\u00a0design\u00e9ry zak\u00e1zkov\u00e9ho programu Bespoke vytvo\u0159it sv\u016fj vlastn\u00ed motiv osv\u011btlen\u00e9ho panelu.<\/p>\n<p class=\"xmprfx_MsoNormal\">Na stran\u011b spolujezdce se na palubn\u00ed desce nach\u00e1z\u00ed nov\u00fd panel s hodinami Spirit of Ecstasy \u2013 jedine\u010dn\u00e1 vitr\u00edna zobrazuj\u00edc\u00ed jak analogov\u00e9 hodinky, tak osv\u011btlenou so\u0161ku Spirit of Ecstasy z\u00a0nerezov\u00e9 oceli. Za\u010dlen\u011bn\u00ed Spirit of Ecstasy do interi\u00e9ru vozu bylo v\u00fdsledkem \u010dty\u0159let\u00e9ho v\u00fdvoje a jedine\u010dn\u00e9ho spojen\u00ed umu design\u00e9r\u016f s\u00a0digit\u00e1ln\u00edmi n\u00e1stroji a zru\u010dn\u00fdch mechanik\u016f s c\u00edlem vytvo\u0159it p\u016fsobiv\u00fd a pe\u010dliv\u011b uspo\u0159\u00e1dan\u00fd tok sv\u011btla.<\/p>\n<p class=\"xmprfx_MsoNormal\">Premi\u00e9ru ve voze Cullinan Series II m\u00e1 jasanov\u00e1 d\u00fdha Grey Stained, bohat\u011b zrnit\u00e9 p\u0159\u00edrodn\u00ed d\u0159evo s otev\u0159en\u00fdmi p\u00f3ry a jemn\u00fdm t\u0159pytem. Tento materi\u00e1l, vyvinut\u00fd odd\u011blen\u00edm Rolls-Royce Bespoke b\u011bhem \u010dty\u0159 let, podtrhuje sou\u010dasn\u00fd charakter vozu Cullinan. Pro dosa\u017een\u00ed komplexn\u00ed, v\u00fdrazn\u00e9 textury je nezbytn\u00e9 individu\u00e1ln\u011b vyb\u00edrat ka\u017ed\u00fd jednotliv\u00fd kmen, \u201elisty\u201c d\u00fdhy jsou n\u00e1sledn\u011b ru\u010dn\u011b obarveny a ozdobeny p\u0159id\u00e1n\u00edm mikroskopick\u00fdch kovov\u00fdch \u010d\u00e1stic, co\u017e vytv\u00e1\u0159\u00ed jedine\u010dn\u00fd t\u0159pytiv\u00fd efekt.<\/p>\n<p><img loading=\"lazy\" decoding=\"async\" class=\"alignnone size-medium wp-image-5333\" src=\"http:\/\/www.automakers.cz\/wp-content\/uploads\/2024\/07\/Rolls-sedadlo-900x600.jpg\" alt=\"\" width=\"900\" height=\"600\" srcset=\"https:\/\/www.automakers.cz\/wp-content\/uploads\/2024\/07\/Rolls-sedadlo-900x600.jpg 900w, https:\/\/www.automakers.cz\/wp-content\/uploads\/2024\/07\/Rolls-sedadlo-1024x682.jpg 1024w, https:\/\/www.automakers.cz\/wp-content\/uploads\/2024\/07\/Rolls-sedadlo-768x512.jpg 768w, https:\/\/www.automakers.cz\/wp-content\/uploads\/2024\/07\/Rolls-sedadlo-1536x1024.jpg 1536w, https:\/\/www.automakers.cz\/wp-content\/uploads\/2024\/07\/Rolls-sedadlo.jpg 2000w\" sizes=\"auto, (max-width: 900px) 100vw, 900px\" \/>Cullinan Series II tak\u00e9 pokra\u010duje v\u00a0objevov\u00e1n\u00ed textili\u00ed s\u00a0nov\u00fdm um\u011bl\u00fdm hedv\u00e1b\u00edm nazvan\u00fdm Duality Twill poch\u00e1zej\u00edc\u00edm z p\u0159\u00edrodn\u00edch bambusov\u00fdch vl\u00e1ken. Tato l\u00e1tka je inspirov\u00e1na rozs\u00e1hl\u00fdm bambusov\u00fdm h\u00e1jem v arboretu\u00a0<i>Le Jardin des M\u00e9diterran\u00e9es<\/i>\u00a0na Azurov\u00e9m pob\u0159e\u017e\u00ed, kter\u00e9 soused\u00ed s b\u00fdval\u00fdm domem sira Henryho Royce \u2013 tamn\u00ed Villa Mimosa b\u00fdvala jeho \u00fato\u010di\u0161t\u011bm na zimu.<\/p>\n<p class=\"xmprfx_MsoNormal\">Textilie s\u00a0keprovou vazbou vytv\u00e1\u0159\u00ed um\u011bleckou grafiku Duality. Design zalo\u017een\u00fd na abstraktn\u00ed interpretaci dvou p\u00edsmen R coby inici\u00e1l zakladatel\u016f zna\u010dky odr\u00e1\u017e\u00ed jasn\u00fd n\u00e1mo\u0159n\u00ed vliv, p\u0159ipom\u00ednaj\u00edc\u00ed propl\u00e9taj\u00edc\u00ed se lana na plachetnic\u00edch \u2013 jako dal\u0161\u00ed p\u0159ipom\u00ednka francouzsk\u00e9 Rivi\u00e9ry.<\/p>\n<p class=\"xmprfx_MsoNormal\">Kompletn\u00ed interi\u00e9r s l\u00e1tkou Duality Twill m\u016f\u017ee obsahovat a\u017e 2,2 milionu steh\u016f, nit\u011b o d\u00e9lce 11\u00a0mil (17, 7 km) a vznik\u00e1 20 hodin.<\/p>\n<p class=\"xmprfx_MsoNormal\">Cullinan Series II nov\u011b obsahuje dal\u0161\u00ed modern\u00ed \u0159emeslnou techniku \u2013 c\u00edlenou perforaci. Tento inovativn\u00ed zp\u016fsob umo\u017e\u0148uje um\u011bleck\u00fdm \u0159emesln\u00edk\u016fm vytv\u00e1\u0159et sv\u00e1 d\u00edla pomoc\u00ed sedadel jako pl\u00e1ten a miniaturn\u00edch perforac\u00ed v k\u016f\u017ei. Pro Cullinan Series II vytvo\u0159ili design\u00e9\u0159i vzor inspirovan\u00fd neust\u00e1le se m\u011bn\u00edc\u00edmi tvary a st\u00edny mrak\u016f nad s\u00eddlem firmy Rolls-Royce v Goodwoodu \u2013 skl\u00e1d\u00e1 se ze\u00a0107 000 otvor\u016f o pr\u016fm\u011bru 0,8 a 1,2 milimetru.<\/p>\n<p class=\"xmprfx_MsoNormal\"><b>CULLINAN SERIES II BLACK BADGE<\/b><\/p>\n<p class=\"xmprfx_MsoNormal\">Cullinan Series II Black Badge je stvo\u0159en pro ty, kte\u0159\u00ed hledaj\u00ed v\u00edce nitern\u00ed interpretaci zna\u010dky Rolls-Royce. Temn\u00e9 hlavn\u00ed prvky, kter\u00e9 jsou pro charakter vozu Black Badge z\u00e1sadn\u00ed, jsou d\u00e1le umocn\u011bny n\u00e1padn\u00fdmi dopl\u0148ky pro asertivn\u00ed a nekompromisn\u00ed vyzn\u011bn\u00ed.<\/p>\n<p class=\"xmprfx_MsoNormal\">U varianty Black Badge je m\u0159\u00ed\u017eka chladi\u010de v charakteristick\u00e9m \u010dern\u00e9m proveden\u00ed. St\u0159\u00edbrn\u00e1 \u201ehorizont\u00e1ln\u00ed linka\u201c vytv\u00e1\u0159\u00ed dojem \u0161\u00ed\u0159ky a pevnosti a sou\u010dasn\u011b navazuje na vertik\u00e1ln\u00ed sv\u00edtilny pro denn\u00ed sv\u00edcen\u00ed.<\/p>\n<p><strong>Spirit of Ectasy v \u010dern\u00e9 barv\u011b<\/strong><\/p>\n<p class=\"xmprfx_MsoNormal\">V\u0161echny detaily exteri\u00e9ru karoserie a z\u00e1\u0159iv\u00e9 prvky, v\u010detn\u011b so\u0161ky Spirit of Ecstasy, jsou rovn\u011b\u017e provedeny v \u010dern\u00e9 barv\u011b.<\/p>\n<p class=\"xmprfx_MsoNormal\">Vn\u011bj\u0161\u00ed dojem umoc\u0148uj\u00ed 23palcov\u00e1 kola s 10 propleten\u00fdmi paprsky: vizu\u00e1ln\u00ed efekt je vytvo\u0159en pe\u010dliv\u011b uspo\u0159\u00e1danou souhrou mezi le\u0161t\u011bn\u00fdmi, lakovan\u00fdmi a zapu\u0161t\u011bn\u00fdmi povrchy. Konstrukce otv\u00edr\u00e1 pohled na kotou\u010dov\u00e9 brzdy a t\u0159meny Black Badge, proveden\u00e9 ve v\u00fdrazn\u00fdch barv\u00e1ch.<\/p>\n<p class=\"xmprfx_MsoNormal\">Temn\u00e9 proveden\u00ed vozu Black Badge se odr\u00e1\u017e\u00ed i na kovov\u00fdch dopl\u0148c\u00edch v interi\u00e9ru. R\u00e1me\u010dky v\u00fddech\u016f ventila\u010dn\u00ed soustavy na palubn\u00ed desce a v zadn\u00ed \u010d\u00e1sti interi\u00e9ru jsou zatemn\u011bn\u00e9. Cullinan Series II Black Badge obsahuje tak\u00e9 nov\u00fd panel s hodinami. Uvnit\u0159 um\u00edst\u011bn\u00e1 so\u0161ka Spirit of Ecstasy je v \u010dern\u00e9 barv\u011b a p\u0159ipom\u00edn\u00e1 tak embl\u00e9m na p\u0159\u00eddi vozu Black Badge.<\/p>\n<p class=\"xmprfx_MsoNormal\">Cullinan Series II Black Badge vynik\u00e1 nejen osobit\u00fdm estetick\u00fdm zpracov\u00e1n\u00edm, ale tak\u00e9 vlastn\u00edm technick\u00fdm z\u00e1kladem. Vlastnosti, kter\u00e9 definovaly prvn\u00ed \u0159adu modelu Cullinan Black Badge, jako jsou vzduchov\u00e9 pru\u017einy s vy\u0161\u0161\u00ed kapacitou pro zm\u00edrn\u011bn\u00ed nakl\u00e1n\u011bn\u00ed karoserie a zv\u00fd\u0161en\u00ed rezervy v\u00fdkonu, byly zachov\u00e1ny. Dvakr\u00e1t p\u0159epl\u0148ovan\u00fd motor V12 o objemu 6,75 litru poskytuje v\u00fdkon 600 k a to\u010div\u00fd moment 900 Nm, ani\u017e by to ovlivnilo uhlazen\u00fd styl j\u00edzdy na takzvan\u00e9m l\u00e9taj\u00edc\u00edm koberci.<\/p>\n<p class=\"xmprfx_MsoNormal\">Frank Tiemann, \u0159editel korpor\u00e1tn\u00ed komunikace pro st\u0159edn\u00ed a v\u00fdchodn\u00ed Evropy a st\u0159edn\u00ed Asii ve spole\u010dnosti Rolls-Royce, dod\u00e1v\u00e1: \u201eD\u00edky nov\u00fdm technologi\u00edm, nov\u00fdm materi\u00e1l\u016fm, pe\u010dliv\u011b promy\u0161len\u00fdm \u00faprav\u00e1m designu a inovativn\u00edm p\u0159\u00edle\u017eitostem pro sebevyj\u00e1d\u0159en\u00ed prost\u0159ednictv\u00edm programu Bespoke si zachov\u00e1v\u00e1me v\u0161e, co na\u0161i klienti na tomto automobilu miluj\u00ed, a zaji\u0161\u0165ujeme mu jeho trval\u00e9 charisma.\u201c<\/p>\n<p class=\"xmprfx_Bullets\"><b>Vybran\u00e9 zaj\u00edmavosti voz\u016f Cullinan Series II a Cullinan Series II Black Badge:<\/b><\/p>\n<p class=\"xmprfx_Bullets\">\u00b7\u00a0\u00a0\u00a0\u00a0\u00a0\u00a0\u00a0\u010caloun\u011bn\u00ed Duality Twill obsahuje 2,2 milionu steh\u016f a nit\u011b o d\u00e9lce a\u017e 11 mil (17, 7 km)<\/p>\n<p class=\"xmprfx_Bullets\">\u00b7\u00a0\u00a0\u00a0\u00a0\u00a0\u00a0\u00a0Nov\u00e9 d\u011brov\u00e1n\u00ed ko\u017een\u00fdch sedadel inspirovan\u00e9 mraky nad s\u00eddlem automobilky Rolls-Royce<\/p>\n<p class=\"xmprfx_Bullets\">\u00b7\u00a0\u00a0\u00a0\u00a0\u00a0\u00a0\u00a0Nov\u00fd panel Clock Cabinet p\u0159in\u00e1\u0161\u00ed so\u0161ku Spirit of Ecstasy do interi\u00e9ru vozu Cullinan<\/p>\n<p class=\"xmprfx_Bullets\">\u00b7\u00a0\u00a0\u00a0\u00a0\u00a0\u00a0\u00a0V\u016fz obsahuje pokro\u010dil\u00e9 digit\u00e1ln\u00ed rozhran\u00ed SPIRIT a priv\u00e1tn\u00ed aplikaci Whispers<\/p>\n<p><strong>Zdroj: Michal Kudela, Rolls-Royce<\/strong><\/p>\n","protected":false},"excerpt":{"rendered":"<p>Rolls-Royce Cullinan Series II a Cullinan Series II Black Badge si odbyly \u010deskou premi\u00e9ru na&#8230;<\/p>\n","protected":false},"author":1,"featured_media":5324,"comment_status":"closed","ping_status":"closed","sticky":false,"template":"","format":"standard","meta":{"footnotes":""},"categories":[26,12],"tags":[],"class_list":["post-5240","post","type-post","status-publish","format-standard","has-post-thumbnail","hentry","category-eventy","category-premiery"],"_links":{"self":[{"href":"https:\/\/www.automakers.cz\/index.php?rest_route=\/wp\/v2\/posts\/5240","targetHints":{"allow":["GET"]}}],"collection":[{"href":"https:\/\/www.automakers.cz\/index.php?rest_route=\/wp\/v2\/posts"}],"about":[{"href":"https:\/\/www.automakers.cz\/index.php?rest_route=\/wp\/v2\/types\/post"}],"author":[{"embeddable":true,"href":"https:\/\/www.automakers.cz\/index.php?rest_route=\/wp\/v2\/users\/1"}],"replies":[{"embeddable":true,"href":"https:\/\/www.automakers.cz\/index.php?rest_route=%2Fwp%2Fv2%2Fcomments&post=5240"}],"version-history":[{"count":9,"href":"https:\/\/www.automakers.cz\/index.php?rest_route=\/wp\/v2\/posts\/5240\/revisions"}],"predecessor-version":[{"id":5335,"href":"https:\/\/www.automakers.cz\/index.php?rest_route=\/wp\/v2\/posts\/5240\/revisions\/5335"}],"wp:featuredmedia":[{"embeddable":true,"href":"https:\/\/www.automakers.cz\/index.php?rest_route=\/wp\/v2\/media\/5324"}],"wp:attachment":[{"href":"https:\/\/www.automakers.cz\/index.php?rest_route=%2Fwp%2Fv2%2Fmedia&parent=5240"}],"wp:term":[{"taxonomy":"category","embeddable":true,"href":"https:\/\/www.automakers.cz\/index.php?rest_route=%2Fwp%2Fv2%2Fcategories&post=5240"},{"taxonomy":"post_tag","embeddable":true,"href":"https:\/\/www.automakers.cz\/index.php?rest_route=%2Fwp%2Fv2%2Ftags&post=5240"}],"curies":[{"name":"wp","href":"https:\/\/api.w.org\/{rel}","templated":true}]}}