{"id":526,"date":"2023-11-27T07:21:16","date_gmt":"2023-11-27T07:21:16","guid":{"rendered":"https:\/\/www.automakers.cz\/?p=526"},"modified":"2023-11-27T07:56:09","modified_gmt":"2023-11-27T07:56:09","slug":"skodu-auto-ceka-dvouhodinova-stavka","status":"publish","type":"post","link":"https:\/\/www.automakers.cz\/?p=526","title":{"rendered":"\u0160kodu Auto \u010dek\u00e1 dvouhodinov\u00e1 st\u00e1vka"},"content":{"rendered":"<p><strong>Na dv\u011b hodiny se m\u00e1 toto pond\u011bl\u00ed p\u0159eru\u0161it pr\u00e1ce ve v\u0161ech z\u00e1vodech <span class=\"highlight-query highlight-E1id4 highlight-E4id1 highlight-E1M highlight-E4M\">\u0160kody<\/span> <span class=\"highlight-query highlight-E4id1 highlight-E1id4 highlight-E4M highlight-E1M\">Auto<\/span>, a to od 13:00 do 15:00. Automobilka se tak p\u0159ipoj\u00ed k jedn\u00e9 z nejv\u011bt\u0161\u00edch <span class=\"highlight-query\">st\u00e1vek<\/span> za posledn\u00edch 30 let. St\u00e1vkovat by podle odbor\u00e1\u0159sk\u00e9ho svazu KOVO mohl a\u017e milion <span class=\"highlight-E5id3 highlight-E5M\">zam\u011bstnanc\u016f<\/span>.<\/strong> <!--more--><\/p>\n<p>Podle odborov\u00fdch p\u0159ed\u00e1k\u016f se bude st\u00e1vkovat ve v\u0161ech kraj\u00edch v \u0159ad\u011b \u0161kol, firem \u010di \u00fa\u0159ad\u016f. N\u011bkde se pr\u00e1ce zastav\u00ed na hodinu, n\u011bkde na dv\u011b hodiny \u010di na cel\u00fd den. Po\u010det st\u00e1vkuj\u00edc\u00edch odbory zat\u00edm nezve\u0159ejnily. \u0160kolsk\u00e9 odbory odhaduj\u00ed, \u017ee se do <span class=\"highlight-query\">st\u00e1vky<\/span> zapoj\u00ed kolem 70 procent \u0161kol. Nespokojen\u00ed <span class=\"highlight-E5id21 highlight-E5M\">odbor\u00e1\u0159i<\/span> a odbor\u00e1\u0159ky zam\u00ed\u0159\u00ed do <span class=\"highlight-E0id0 highlight-E0M\">Prahy<\/span> tak\u00e9 na protestn\u00ed pochod od <span class=\"highlight-E0id2 highlight-E0M\">Rudolfina<\/span> na <span class=\"highlight-E0id6 highlight-E0M\">Malostransk\u00e9<\/span> <span class=\"highlight-E0id6 highlight-E0M\">n\u00e1m\u011bst\u00ed<\/span> a demonstraci. Naopak dopravn\u00ed v\u00fdluky v pond\u011bl\u00ed ve v\u011bt\u0161in\u011b <span class=\"highlight-E0id1 highlight-E0M\">\u010ceska<\/span> nehroz\u00ed, v\u011bt\u0161ina <span class=\"highlight-E5id19 highlight-E5M\">dopravc\u016f<\/span> uvedla, \u017ee <span class=\"highlight-E5id9 highlight-E5M\">\u0159idi\u010di<\/span> st\u00e1vkuj\u00edc\u00ed pouze symbolicky podpo\u0159\u00ed.<\/p>\n<figure id=\"attachment_533\" aria-describedby=\"caption-attachment-533\" style=\"width: 900px\" class=\"wp-caption alignnone\"><img loading=\"lazy\" decoding=\"async\" class=\"size-medium wp-image-533\" src=\"http:\/\/www.automakers.cz\/wp-content\/uploads\/2023\/11\/Skoda-CT-24-Reznickova-900x675.jpg\" alt=\"\" width=\"900\" height=\"675\" srcset=\"https:\/\/www.automakers.cz\/wp-content\/uploads\/2023\/11\/Skoda-CT-24-Reznickova-900x675.jpg 900w, https:\/\/www.automakers.cz\/wp-content\/uploads\/2023\/11\/Skoda-CT-24-Reznickova-1024x768.jpg 1024w, https:\/\/www.automakers.cz\/wp-content\/uploads\/2023\/11\/Skoda-CT-24-Reznickova-768x576.jpg 768w, https:\/\/www.automakers.cz\/wp-content\/uploads\/2023\/11\/Skoda-CT-24-Reznickova-1536x1152.jpg 1536w, https:\/\/www.automakers.cz\/wp-content\/uploads\/2023\/11\/Skoda-CT-24-Reznickova.jpg 2040w\" sizes=\"auto, (max-width: 900px) 100vw, 900px\" \/><figcaption id=\"caption-attachment-533\" class=\"wp-caption-text\">P\u0159\u00edmo z Mlad\u00e9 Boleslavi pokr\u00fdv\u00e1 dne\u0161n\u00ed st\u00e1vku \u010cT 24<\/figcaption><\/figure>\n<p><span class=\"highlight-query\">St\u00e1vku<\/span> vyhl\u00e1silo deset odborov\u00fdch svaz\u016f. Vedle \u0161kolsk\u00fdch odbor\u016f a svazu KOVO jsou to odbory \u00fa\u0159ednick\u00e9, d\u0159eva\u0159sk\u00e9, zdravotnick\u00e9, kultury, knihoven, potravin\u00e1\u0159\u016f a vysoko\u0161kolsk\u00fd svaz. Dal\u0161\u00ed svazy je podporuj\u00ed. <span class=\"highlight-E1id12 highlight-E1M\">\u010cMKOS<\/span> jako nejv\u011bt\u0161\u00ed centr\u00e1la s 31 svazy a asi 270 000 <span class=\"highlight-E5id0 highlight-E5M\">\u010dlen\u016f<\/span> postupuje spole\u010dn\u011b s <span class=\"highlight-E1id2 highlight-E1M\">Asociac\u00ed<\/span> <span class=\"highlight-E1id2 highlight-E1M\">samostatn\u00fdch<\/span> <span class=\"highlight-E1id2 highlight-E1M\">odbor\u016f<\/span> (<span class=\"highlight-E0id5 highlight-E0M\">ASO<\/span>). Druh\u00e1 centr\u00e1la zast\u0159e\u0161uje 12 organizac\u00ed a zhruba 110 000 <span class=\"highlight-E5id21 highlight-E5M\">odbor\u00e1\u0159\u016f<\/span>, mezi <span class=\"highlight-E5id0 highlight-E5M\">\u010dleny<\/span> jsou vlivn\u00e9 \u017eelezni\u010d\u00e1\u0159sk\u00e9 \u010di l\u00e9ka\u0159sk\u00e9 odbory. Av\u0161ak <span class=\"highlight-E5id16 highlight-E5M\">l\u00e9ka\u0159i<\/span> pond\u011bln\u00ed <span class=\"highlight-query\">st\u00e1vku<\/span> podpo\u0159\u00ed pouze symbolicky, kdy\u017e na prosinec pl\u00e1nuj\u00ed v\u011bt\u0161\u00ed protest.<\/p>\n<p>Podle <span class=\"highlight-E5id0 highlight-E5M\">p\u0159edsedy<\/span> svazu st\u00e1tn\u00edch org\u00e1n\u016f a organizac\u00ed <span class=\"highlight-E2id4 highlight-E2M\">Pavla<\/span> <span class=\"highlight-E2id4 highlight-E2M\">Bedn\u00e1\u0159e<\/span> cht\u011bj\u00ed cel\u00fd den st\u00e1vkovat <span class=\"highlight-E5id9 highlight-E5M\">\u00fa\u0159edn\u00edci<\/span> n\u011bkter\u00fdch <span class=\"highlight-E1id7 highlight-E4id2 highlight-E1M highlight-E4M\">\u00fa\u0159ad\u016f<\/span> <span class=\"highlight-E4id2 highlight-E1id7 highlight-E4M highlight-E1M\">pr\u00e1ce<\/span> \u010di soci\u00e1ln\u00ed spr\u00e1vy, v \u010d\u00e1sti \u00fa\u0159ad\u016f bude hodinov\u00e1 <span class=\"highlight-query\">st\u00e1vka<\/span> p\u0159es poledne a \u010d\u00e1st se p\u0159ipoj\u00ed symbolicky. Symbolick\u00e9 zapojen\u00ed pl\u00e1nuj\u00ed i dopravn\u00ed odbory, t\u0159eba <span class=\"highlight-E5id12 highlight-E5M\">\u0159idi\u010di<\/span> <span class=\"highlight-E5id12 highlight-E5M\">autobus\u016f<\/span> by mohli jezdit v reflexn\u00edch vest\u00e1ch.<\/p>\n<p><strong>Zdroj: \u010cT 24<\/strong><\/p>\n<figure id=\"attachment_527\" aria-describedby=\"caption-attachment-527\" style=\"width: 900px\" class=\"wp-caption alignnone\"><img loading=\"lazy\" decoding=\"async\" class=\"size-medium wp-image-527\" src=\"http:\/\/www.automakers.cz\/wp-content\/uploads\/2023\/11\/Skoda-Auto-almost-780000-vehicles-produced-worldwide-1-900x600.jpg\" alt=\"\" width=\"900\" height=\"600\" \/><figcaption id=\"caption-attachment-527\" class=\"wp-caption-text\">V\u00fdroba vozu \u0160koda Enyaq Coupe iV ve \u0160KODA Auto Mlad\u00e1 Boleslav.<\/figcaption><\/figure>\n","protected":false},"excerpt":{"rendered":"<p>Na dv\u011b hodiny se m\u00e1 toto pond\u011bl\u00ed p\u0159eru\u0161it pr\u00e1ce ve v\u0161ech z\u00e1vodech \u0160kody Auto, a&#8230;<\/p>\n","protected":false},"author":1,"featured_media":529,"comment_status":"open","ping_status":"open","sticky":false,"template":"","format":"standard","meta":{"footnotes":""},"categories":[31],"tags":[],"class_list":["post-526","post","type-post","status-publish","format-standard","has-post-thumbnail","hentry","category-news"],"_links":{"self":[{"href":"https:\/\/www.automakers.cz\/index.php?rest_route=\/wp\/v2\/posts\/526","targetHints":{"allow":["GET"]}}],"collection":[{"href":"https:\/\/www.automakers.cz\/index.php?rest_route=\/wp\/v2\/posts"}],"about":[{"href":"https:\/\/www.automakers.cz\/index.php?rest_route=\/wp\/v2\/types\/post"}],"author":[{"embeddable":true,"href":"https:\/\/www.automakers.cz\/index.php?rest_route=\/wp\/v2\/users\/1"}],"replies":[{"embeddable":true,"href":"https:\/\/www.automakers.cz\/index.php?rest_route=%2Fwp%2Fv2%2Fcomments&post=526"}],"version-history":[{"count":5,"href":"https:\/\/www.automakers.cz\/index.php?rest_route=\/wp\/v2\/posts\/526\/revisions"}],"predecessor-version":[{"id":530,"href":"https:\/\/www.automakers.cz\/index.php?rest_route=\/wp\/v2\/posts\/526\/revisions\/530"}],"wp:featuredmedia":[{"embeddable":true,"href":"https:\/\/www.automakers.cz\/index.php?rest_route=\/wp\/v2\/media\/529"}],"wp:attachment":[{"href":"https:\/\/www.automakers.cz\/index.php?rest_route=%2Fwp%2Fv2%2Fmedia&parent=526"}],"wp:term":[{"taxonomy":"category","embeddable":true,"href":"https:\/\/www.automakers.cz\/index.php?rest_route=%2Fwp%2Fv2%2Fcategories&post=526"},{"taxonomy":"post_tag","embeddable":true,"href":"https:\/\/www.automakers.cz\/index.php?rest_route=%2Fwp%2Fv2%2Ftags&post=526"}],"curies":[{"name":"wp","href":"https:\/\/api.w.org\/{rel}","templated":true}]}}