{"id":5267,"date":"2024-07-07T18:36:19","date_gmt":"2024-07-07T18:36:19","guid":{"rendered":"https:\/\/www.automakers.cz\/?p=5267"},"modified":"2024-07-07T19:27:30","modified_gmt":"2024-07-07T19:27:30","slug":"martin-sterba-konci-ve-vydavatelstvi-mafra","status":"publish","type":"post","link":"https:\/\/www.automakers.cz\/?p=5267","title":{"rendered":"Martin \u0160t\u011brba kon\u010d\u00ed ve vydavatelstv\u00ed Mafra"},"content":{"rendered":"<p><strong><span style=\"color: #000000;\"><span style=\"font-family: Arial, sans-serif;\"><span style=\"font-size: medium;\">Den\u00edk Metro reprezentoval od jeho zrodu v roce 1997 Martin \u0160t\u011brba (s t\u0159\u00edletou odmlkou kdy pracoval pro vydavatelstv\u00ed Automedia), jako obchodn\u00ed z\u00e1stupce a redaktor p\u0159\u00edlohy Metro Motor (vych\u00e1z\u00ed od roku 2008). Na konci \u010dervna se rozhodl z firmy odej\u00edt. Jak\u00e9 jsou d\u016fvody?<\/span><\/span><\/span><\/strong><!--more--><\/p>\n<p><span style=\"color: #000000;\">\u201e<span style=\"font-family: Arial, sans-serif;\"><span style=\"font-size: medium;\">Odch\u00e1z\u00edm po vz\u00e1jemn\u00e9 dohod\u011b a zm\u011bn\u00e1ch v odd\u011blen\u00ed ve kter\u00e9m jsem pracoval, proto\u017ee n\u011bkter\u00e9 zm\u011bny v odd\u011blen\u00ed byly pro m\u011b nep\u0159ijateln\u00e9,\u201c napsal n\u00e1m Martin s odkazem na pr\u00e1v\u011b prob\u00edhaj\u00edc\u00ed restrukturalizaci obchodn\u00edho odd\u011blen\u00ed Mafry.<\/span><\/span><\/span><\/p>\n<p><span style=\"color: #000000;\"><span style=\"font-family: Arial, sans-serif;\"><span style=\"font-size: medium;\">Co bude d\u00e1le s motoristickou p\u0159\u00edlohou Metro Motor? To ji\u017e nen\u00ed v m\u00fdm kompetenc\u00edch, nicm\u00e9n\u011b si mysl\u00edm, \u017ee p\u0159\u00edloha byla pro den\u00edk Metro p\u0159\u00ednosn\u00e1 a bude d\u00e1le pokra\u010dovat, tak\u017ee kon\u010d\u00ed jen pod m\u00fdm perem. Aktu\u00e1ln\u011b s p\u0159\u00edlohou pokra\u010duje m\u016fj bratr Roman \u0160t\u011brba, kter\u00fd do p\u0159\u00edlohy tak\u00e9 redak\u010dn\u011b p\u0159\u00edsp\u00edv\u00e1,\u201c up\u0159esnil pro n\u00e1\u0161 \u010dasopis \u0160t\u011brba.<\/span><\/span><\/span><\/p>\n<p><span style=\"color: #000000;\"><span style=\"font-family: Arial, sans-serif;\"><span style=\"font-size: medium;\">Co bude d\u011blat d\u00e1l? \u201eZat\u00edm nev\u00edm, ale aktu\u00e1ln\u011b m\u00e1m v hlav\u011b v\u00edce projekt\u016f a je tam i jeden spojen\u00fd s pokra\u010dov\u00e1n\u00edm v motoristick\u00e9 \u017eurnalistice, b\u011bhem l\u00e9ta si to mus\u00edm v\u0161e v klidu promyslet a pak uvid\u00edm jakou cestou se vyd\u00e1m,\u201c pl\u00e1nuje Martin na dal\u0161\u00ed t\u00fddny.<\/span><\/span><\/span><\/p>\n<p><strong>Zdroj: Martin \u0160t\u011brba<\/strong><\/p>\n<p><img loading=\"lazy\" decoding=\"async\" class=\"alignnone size-medium wp-image-4815\" src=\"http:\/\/www.automakers.cz\/wp-content\/uploads\/2024\/06\/Dacia-ZOO-reditel-Rybecky-Sterba-900x675.jpg\" alt=\"\" width=\"900\" height=\"675\" srcset=\"https:\/\/www.automakers.cz\/wp-content\/uploads\/2024\/06\/Dacia-ZOO-reditel-Rybecky-Sterba-900x675.jpg 900w, https:\/\/www.automakers.cz\/wp-content\/uploads\/2024\/06\/Dacia-ZOO-reditel-Rybecky-Sterba-1024x768.jpg 1024w, https:\/\/www.automakers.cz\/wp-content\/uploads\/2024\/06\/Dacia-ZOO-reditel-Rybecky-Sterba-768x576.jpg 768w, https:\/\/www.automakers.cz\/wp-content\/uploads\/2024\/06\/Dacia-ZOO-reditel-Rybecky-Sterba-1536x1152.jpg 1536w, https:\/\/www.automakers.cz\/wp-content\/uploads\/2024\/06\/Dacia-ZOO-reditel-Rybecky-Sterba.jpg 2040w\" sizes=\"auto, (max-width: 900px) 100vw, 900px\" \/><\/p>\n","protected":false},"excerpt":{"rendered":"<p>Den\u00edk Metro reprezentoval od jeho zrodu v roce 1997 Martin \u0160t\u011brba (s t\u0159\u00edletou odmlkou kdy&#8230;<\/p>\n","protected":false},"author":1,"featured_media":5269,"comment_status":"closed","ping_status":"closed","sticky":false,"template":"","format":"standard","meta":{"footnotes":""},"categories":[27,5],"tags":[],"class_list":["post-5267","post","type-post","status-publish","format-standard","has-post-thumbnail","hentry","category-novinari","category-personalie"],"_links":{"self":[{"href":"https:\/\/www.automakers.cz\/index.php?rest_route=\/wp\/v2\/posts\/5267","targetHints":{"allow":["GET"]}}],"collection":[{"href":"https:\/\/www.automakers.cz\/index.php?rest_route=\/wp\/v2\/posts"}],"about":[{"href":"https:\/\/www.automakers.cz\/index.php?rest_route=\/wp\/v2\/types\/post"}],"author":[{"embeddable":true,"href":"https:\/\/www.automakers.cz\/index.php?rest_route=\/wp\/v2\/users\/1"}],"replies":[{"embeddable":true,"href":"https:\/\/www.automakers.cz\/index.php?rest_route=%2Fwp%2Fv2%2Fcomments&post=5267"}],"version-history":[{"count":2,"href":"https:\/\/www.automakers.cz\/index.php?rest_route=\/wp\/v2\/posts\/5267\/revisions"}],"predecessor-version":[{"id":5270,"href":"https:\/\/www.automakers.cz\/index.php?rest_route=\/wp\/v2\/posts\/5267\/revisions\/5270"}],"wp:featuredmedia":[{"embeddable":true,"href":"https:\/\/www.automakers.cz\/index.php?rest_route=\/wp\/v2\/media\/5269"}],"wp:attachment":[{"href":"https:\/\/www.automakers.cz\/index.php?rest_route=%2Fwp%2Fv2%2Fmedia&parent=5267"}],"wp:term":[{"taxonomy":"category","embeddable":true,"href":"https:\/\/www.automakers.cz\/index.php?rest_route=%2Fwp%2Fv2%2Fcategories&post=5267"},{"taxonomy":"post_tag","embeddable":true,"href":"https:\/\/www.automakers.cz\/index.php?rest_route=%2Fwp%2Fv2%2Ftags&post=5267"}],"curies":[{"name":"wp","href":"https:\/\/api.w.org\/{rel}","templated":true}]}}