{"id":5279,"date":"2024-07-08T10:49:13","date_gmt":"2024-07-08T10:49:13","guid":{"rendered":"https:\/\/www.automakers.cz\/?p=5279"},"modified":"2024-07-09T10:33:54","modified_gmt":"2024-07-09T10:33:54","slug":"byd-chce-postavit-tovarnu-v-turecku","status":"publish","type":"post","link":"https:\/\/www.automakers.cz\/?p=5279","title":{"rendered":"BYD chce postavit tov\u00e1rnu v Turecku"},"content":{"rendered":"<div id=\"__next\">\n<div>\n<div class=\"media-ui-LeaderboardAd_parallaxWrapper-JMVgdxR--aU-\">\n<p><strong>Turecko m\u00e1 toto pond\u011bl\u00ed p\u0159edstavit dohodu s \u010d\u00ednskou automobilkou BYD o v\u00fdstavb\u011b tov\u00e1rny v hodnot\u011b 1 miliardy dolar\u016f na z\u00e1pad\u011b zem\u011b, uvedli ture\u010dt\u00ed p\u0159edstavitel\u00e9. Investice m\u00e1 pos\u00edlit p\u0159\u00edtomnost zna\u010dky v Evrop\u011b v dob\u011b eskaluj\u00edc\u00edho obchodn\u00edho nap\u011bt\u00ed.<\/strong><\/p>\n<div class=\"main-container grid-layout-container\" data-page-type=\"basic_article\">\n<article class=\"gridLayout_gridLayout__4EaSq first-story current\" data-story-id=\"SG59HWDWX2PS00\">\n<div class=\"gridLayout_centerContent__XTM8S\">\n<div class=\"flex\">\n<div class=\"styles_content__QvQ5s\">\n<div class=\"styles_articleBlur__G34p_ body-content\">\n<p class=\"media-ui-Paragraph_text-SqIsdNjh0t0-\" data-component=\"paragraph\">O\u010dek\u00e1v\u00e1 se, \u017ee tureck\u00fd prezident Recep Tayyip Erdogan ozn\u00e1m\u00ed dohodu v pond\u011bl\u00ed b\u011bhem slavnostn\u00edho ceremoni\u00e1lu v provincii Manisa, kde bude elektr\u00e1rna postavena, uvedli \u00fa\u0159edn\u00edci, kte\u0159\u00ed si nep\u0159\u00e1li b\u00fdt jmenov\u00e1ni, proto\u017ee nejsou opr\u00e1vn\u011bni mluvit ve\u0159ejn\u011b.<\/p>\n<p class=\"media-ui-Paragraph_text-SqIsdNjh0t0-\" data-component=\"paragraph\">Z\u00e1stupci BYD a prezidentsk\u00e1 kancel\u00e1\u0159 se zat\u00edm k t\u00e9matu odm\u00edtli vyj\u00e1d\u0159it.<\/p>\n<p data-component=\"paragraph\">Zdroj: Bloomberg<\/p>\n<\/div>\n<div class=\"styles_toutWrapper__zsccJ\"><\/div>\n<\/div>\n<\/div>\n<\/div>\n<div class=\"gridLayout_full__fl6bH\" data-component=\"recirc\">\n<div data-testid=\"viewport-element\">\n<div>\n<div>\n<div class=\"styles_moreFromBloomberg__HrR5_ recirc-box-small-list\" data-component=\"recirc-box-small-list\" data-testid=\"recirc-box-small-list\">\n<h3 class=\"title\" data-testid=\"recirc-box-small-list--title\"><\/h3>\n<div class=\"story-wrapper\"><\/div>\n<\/div>\n<\/div>\n<\/div>\n<\/div>\n<\/div>\n<\/article>\n<\/div>\n<p>&nbsp;<\/p>\n<\/div>\n<\/div>\n<\/div>\n<p><!--more--><\/p>\n<div id=\"fortress-container-root\">\n<section id=\"expandableBanner\" class=\"media-ui-ExpandableBanner_wrapper-XI2Pa6VcOwc-\" role=\"banner\" data-expanded=\"true\" data-component=\"expandable-banner\">\n<div class=\"media-ui-ExpandableBanner_dialog-YQeXTRa3iG0- media-ui-ExpandableBanner_expanded-wurR9SYdq5s- banner\" title=\"Banner\" role=\"alertdialog\" aria-live=\"assertive\" aria-label=\"Korouhev\">\n<div class=\"media-ui-ExpandableBanner_title-SmxM-s20jSI-\">\n<div class=\"media-ui-ExpandableBanner_titleContent-7TeOq4euWDw-\">\n<div class=\"sMDGntobuKjJdgkUI64x\"><\/div>\n<\/div>\n<\/div>\n<\/div>\n<\/section>\n<\/div>\n","protected":false},"excerpt":{"rendered":"<p>Turecko m\u00e1 toto pond\u011bl\u00ed p\u0159edstavit dohodu s \u010d\u00ednskou automobilkou BYD o v\u00fdstavb\u011b tov\u00e1rny v hodnot\u011b&#8230;<\/p>\n","protected":false},"author":1,"featured_media":2659,"comment_status":"closed","ping_status":"closed","sticky":false,"template":"","format":"standard","meta":{"footnotes":""},"categories":[3],"tags":[],"class_list":["post-5279","post","type-post","status-publish","format-standard","has-post-thumbnail","hentry","category-investice"],"_links":{"self":[{"href":"https:\/\/www.automakers.cz\/index.php?rest_route=\/wp\/v2\/posts\/5279","targetHints":{"allow":["GET"]}}],"collection":[{"href":"https:\/\/www.automakers.cz\/index.php?rest_route=\/wp\/v2\/posts"}],"about":[{"href":"https:\/\/www.automakers.cz\/index.php?rest_route=\/wp\/v2\/types\/post"}],"author":[{"embeddable":true,"href":"https:\/\/www.automakers.cz\/index.php?rest_route=\/wp\/v2\/users\/1"}],"replies":[{"embeddable":true,"href":"https:\/\/www.automakers.cz\/index.php?rest_route=%2Fwp%2Fv2%2Fcomments&post=5279"}],"version-history":[{"count":3,"href":"https:\/\/www.automakers.cz\/index.php?rest_route=\/wp\/v2\/posts\/5279\/revisions"}],"predecessor-version":[{"id":5306,"href":"https:\/\/www.automakers.cz\/index.php?rest_route=\/wp\/v2\/posts\/5279\/revisions\/5306"}],"wp:featuredmedia":[{"embeddable":true,"href":"https:\/\/www.automakers.cz\/index.php?rest_route=\/wp\/v2\/media\/2659"}],"wp:attachment":[{"href":"https:\/\/www.automakers.cz\/index.php?rest_route=%2Fwp%2Fv2%2Fmedia&parent=5279"}],"wp:term":[{"taxonomy":"category","embeddable":true,"href":"https:\/\/www.automakers.cz\/index.php?rest_route=%2Fwp%2Fv2%2Fcategories&post=5279"},{"taxonomy":"post_tag","embeddable":true,"href":"https:\/\/www.automakers.cz\/index.php?rest_route=%2Fwp%2Fv2%2Ftags&post=5279"}],"curies":[{"name":"wp","href":"https:\/\/api.w.org\/{rel}","templated":true}]}}