{"id":5289,"date":"2024-07-08T10:03:56","date_gmt":"2024-07-08T10:03:56","guid":{"rendered":"https:\/\/www.automakers.cz\/?p=5289"},"modified":"2024-07-08T10:03:56","modified_gmt":"2024-07-08T10:03:56","slug":"most-druhou-divokou-kartu-ma-turecek","status":"publish","type":"post","link":"https:\/\/www.automakers.cz\/?p=5289","title":{"rendered":"Most: Druhou divokou kartu m\u00e1 Ture\u010dek"},"content":{"rendered":"<p><b>I kdy\u017e byla divok\u00e1 karta na \u0161est\u00fd podnik leto\u0161n\u00edho mistrovstv\u00ed sv\u011bta FIM Superbike World Championship p\u0159id\u011blena Filipu Feiglovi, poda\u0159ilo se Komisi z\u00e1vod\u016f silni\u010dn\u00edch motocykl\u016f a veden\u00ed A\u010cR dohodnout u schvalovac\u00ed komise World Superbike \u00fa\u010dast je\u0161t\u011b jednoho \u010desk\u00e9ho jezdce. <\/b><!--more--><\/p>\n<p><b>Druhou divokou kartu tak dostal Daniel Ture\u010dek.<\/b><\/p>\n<p>\u0160est\u00fd podnik leto\u0161n\u00edho seri\u00e1lu\u00a0<b>mistrovstv\u00ed sv\u011bta silni\u010dn\u00edch motocykl\u016f prob\u011bhne 19.\u201321.7.2024 na mosteck\u00e9m autodromu<\/b>. \u010ceskou republiku bude reprezentovat krom\u011b pravideln\u00fdch \u00fa\u010dastn\u00edk\u016f\u00a0<b>Petra Svobody<\/b>(jeho \u00fa\u010dast je v\u0161ak po nep\u0159\u00edjemn\u00e9m zran\u011bn\u00ed nohy v Misanu nejist\u00e1) a\u00a0<b>Filipa Novotn\u00e9ho<\/b>\u00a0ve t\u0159\u00edd\u011b SSP300 a\u00a0<b>Ond\u0159eje Vostatka<\/b>\u00a0v \u0161estistovk\u00e1ch, pak je\u0161t\u011b na divokou kartu startuj\u00edc\u00edho\u00a0<b>Filipa Feigla<\/b>\u00a0(WorldSSP) a zm\u00edn\u011bn\u00e9ho\u00a0<b>Daniela Ture\u010dka<\/b>\u00a0(SSP300). Devaten\u00e1ctilet\u00fd jezdec z Brna za\u010dal z\u00e1vodit u\u017e ve sv\u00fdch dev\u00edti letech. V leto\u0161n\u00ed sez\u00f3n\u011b startuje s Kawasaki Ninja 400 za t\u00fdm Roh\u00e1\u010d &amp; Fejta Motoracing v seri\u00e1lu Aple Adria International Motorcycle Championship.<\/p>\n<p><i>\u201eDan dopln\u00ed v kategorii SSP300 Petra Svobodu a Filipa Novotn\u00e9ho. I kdy\u017e po smoln\u00e9m p\u00e1du Petra v Misanu si mysl\u00edm, \u017ee v Most\u011b nakonec nepojede. Nicm\u00e9n\u011b tahle t\u0159\u00edda je obrovsky vyrovnan\u00e1 a souboje v t\u0159\u00edstovk\u00e1ch jsou v\u017edy velmi atraktivn\u00ed. P\u0159id\u011blen\u00ed dal\u0161\u00ed divok\u00e9 karty je pro n\u00e1s velk\u00fd diplomatick\u00fd \u00fasp\u011bch, obzvl\u00e1\u0161\u0165 s ohledem na to, \u017ee se Dan p\u0159ihl\u00e1sil a\u017e t\u00fdden po term\u00ednu. Jsem r\u00e1d, \u017ee m\u00e1me tak dobrou pozici v obou federac\u00edch, motocyklov\u00e9 FIM a automobilov\u00e9 FIA. Je to v\u00fdsledek dlouholet\u00e9 pr\u00e1ce. Superbiky se na mosteck\u00e9m autodromu pojedou u\u017e po \u010dtvrt\u00e9 a ur\u010dit\u011b to bude op\u011bt skv\u011bl\u00e1 pod\u00edvan\u00e1,\u201c<\/i>\u00a0komentoval p\u0159id\u011blen\u00ed druh\u00e9 divok\u00e9 karty prezident Autoklubu \u010cR Jan \u0160\u0165ov\u00ed\u010dek.<\/p>\n<p><u><strong><a href=\"https:\/\/autodrom-mostcz.t.mailkit.eu\/mc\/VEQPVPVL\/FVDPTBFAKWHQHGDYWF\/CMIPVPMMPLQ\" target=\"_blank\" rel=\"noopener\">HARMONOGRAM Z\u00c1VODN\u00cdHO V\u00cdKENDU<\/a><\/strong><\/u><\/p>\n<p><i>\u201eStartovat po boku nejv\u011bt\u0161\u00edch sv\u011btov\u00fdch hv\u011bzd je pro Dana velk\u00e1 p\u0159\u00edle\u017eitost. M\u00e1m z toho up\u0159\u00edmnou radost, proto\u017ee na dom\u00e1c\u00edm podniku uvid\u00ed fanou\u0161ci v lep\u0161\u00edm p\u0159\u00edpad\u011b p\u011bt \u010desk\u00fdch z\u00e1vodn\u00edk\u016f, pokud se Petr Svoboda zvl\u00e1dne zotavit po t\u011b\u017ek\u00e9m zran\u011bn\u00ed z Misana. \u00da\u010dast dom\u00e1c\u00edch jezdc\u016f pochopiteln\u011b p\u0159in\u00e1\u0161\u00ed \u00fapln\u011b jinou atmosf\u00e9ru. Oba dr\u017eitel\u00e9 divok\u00fdch karet nav\u00edc z\u00edskaj\u00ed spoustu cenn\u00fdch zku\u0161enost\u00ed. I kdy\u017e jezd\u00ed ve \u0161pi\u010dkov\u00fdch region\u00e1ln\u00edch \u0161ampion\u00e1tech, mistrovstv\u00ed sv\u011bta je \u00fapln\u011b n\u011bco jin\u00e9ho, a to kluk\u016fm p\u0159inese bezesporu velk\u00fd z\u00e1\u017eitek,\u201c<\/i>\u00a0poznamenal p\u0159edseda Komise z\u00e1vod\u016f silni\u010dn\u00edch motocykl\u016f, Mat\u011bj Smr\u017e.<\/p>\n<p><i>\u201eJsem nad\u0161en\u00fd, je to spln\u011bn\u00ed velk\u00e9ho snu. Od dev\u00edti let jezd\u00edm z\u00e1vodn\u011b, posledn\u00ed t\u0159i roky na t\u0159\u00edstovce. M\u00e1m za sebou hodn\u011b z\u00e1vod\u016f, ale tohle je opravdu v\u00fdjime\u010dn\u00e1 z\u00e1le\u017eitost. Asi nejv\u00edc, co jde. M\u00e1m velkou motivaci se uk\u00e1zat v co mo\u017en\u00e1 nejlep\u0161\u00edm sv\u011btle, ale hlavn\u011b nas\u00e1vat atmosf\u00e9ru sv\u011btov\u00e9ho podniku a po\u0159\u00e1dn\u011b si to u\u017e\u00edt. D\u011bkuji mnohokr\u00e1t za tuhle p\u0159\u00edle\u017eitost, p\u0159edev\u0161\u00edm panu prezidentovi a veden\u00ed Autoklubu, Mat\u011bjovi Smr\u017eovi, cel\u00e9mu m\u00e9mu t\u00fdmu a partner\u016fm. O divokou kartu jsem po\u017e\u00e1dal pozd\u011b a ne\u010dekal jsem, \u017ee to dopadne,\u201c<\/i>\u00a0doplnil devaten\u00e1ctilet\u00fd Daniel Ture\u010dek.<\/p>\n<p><img loading=\"lazy\" decoding=\"async\" class=\"alignnone size-medium wp-image-5292\" src=\"http:\/\/www.automakers.cz\/wp-content\/uploads\/2024\/07\/Most-motocykl-okruh-Turecek-900x600.jpg\" alt=\"\" width=\"900\" height=\"600\" srcset=\"https:\/\/www.automakers.cz\/wp-content\/uploads\/2024\/07\/Most-motocykl-okruh-Turecek-900x600.jpg 900w, https:\/\/www.automakers.cz\/wp-content\/uploads\/2024\/07\/Most-motocykl-okruh-Turecek-1024x682.jpg 1024w, https:\/\/www.automakers.cz\/wp-content\/uploads\/2024\/07\/Most-motocykl-okruh-Turecek-768x512.jpg 768w, https:\/\/www.automakers.cz\/wp-content\/uploads\/2024\/07\/Most-motocykl-okruh-Turecek-1536x1024.jpg 1536w, https:\/\/www.automakers.cz\/wp-content\/uploads\/2024\/07\/Most-motocykl-okruh-Turecek.jpg 2000w\" sizes=\"auto, (max-width: 900px) 100vw, 900px\" \/><strong>\u0160est\u00fd podnik seri\u00e1lu FIM Superbike World Championship se kon\u00e1 o pr\u00e1zdninov\u00e9m term\u00ednu 19.\u201321. \u010dervence 2024. <\/strong><\/p>\n<p>Po cel\u00fd z\u00e1vodn\u00ed v\u00edkend bude prob\u00edhat tak\u00e9 bohat\u00fd doprovodn\u00fd program.<\/p>\n<p>V\u00edce informac\u00ed na\u00a0<a href=\"https:\/\/autodrom-mostcz.t.mailkit.eu\/mc\/VEQPVPWQ\/DRTWRLNNXHJSGZPQGQ\/CMIPVPMMPLQ\" target=\"_blank\" rel=\"noopener\">www.superbike-most.cz<\/a>.<\/p>\n","protected":false},"excerpt":{"rendered":"<p>I kdy\u017e byla divok\u00e1 karta na \u0161est\u00fd podnik leto\u0161n\u00edho mistrovstv\u00ed sv\u011bta FIM Superbike World Championship&#8230;<\/p>\n","protected":false},"author":1,"featured_media":5291,"comment_status":"closed","ping_status":"closed","sticky":false,"template":"","format":"standard","meta":{"footnotes":""},"categories":[19],"tags":[],"class_list":["post-5289","post","type-post","status-publish","format-standard","has-post-thumbnail","hentry","category-motorsport"],"_links":{"self":[{"href":"https:\/\/www.automakers.cz\/index.php?rest_route=\/wp\/v2\/posts\/5289","targetHints":{"allow":["GET"]}}],"collection":[{"href":"https:\/\/www.automakers.cz\/index.php?rest_route=\/wp\/v2\/posts"}],"about":[{"href":"https:\/\/www.automakers.cz\/index.php?rest_route=\/wp\/v2\/types\/post"}],"author":[{"embeddable":true,"href":"https:\/\/www.automakers.cz\/index.php?rest_route=\/wp\/v2\/users\/1"}],"replies":[{"embeddable":true,"href":"https:\/\/www.automakers.cz\/index.php?rest_route=%2Fwp%2Fv2%2Fcomments&post=5289"}],"version-history":[{"count":2,"href":"https:\/\/www.automakers.cz\/index.php?rest_route=\/wp\/v2\/posts\/5289\/revisions"}],"predecessor-version":[{"id":5293,"href":"https:\/\/www.automakers.cz\/index.php?rest_route=\/wp\/v2\/posts\/5289\/revisions\/5293"}],"wp:featuredmedia":[{"embeddable":true,"href":"https:\/\/www.automakers.cz\/index.php?rest_route=\/wp\/v2\/media\/5291"}],"wp:attachment":[{"href":"https:\/\/www.automakers.cz\/index.php?rest_route=%2Fwp%2Fv2%2Fmedia&parent=5289"}],"wp:term":[{"taxonomy":"category","embeddable":true,"href":"https:\/\/www.automakers.cz\/index.php?rest_route=%2Fwp%2Fv2%2Fcategories&post=5289"},{"taxonomy":"post_tag","embeddable":true,"href":"https:\/\/www.automakers.cz\/index.php?rest_route=%2Fwp%2Fv2%2Ftags&post=5289"}],"curies":[{"name":"wp","href":"https:\/\/api.w.org\/{rel}","templated":true}]}}