{"id":5300,"date":"2024-07-08T10:51:51","date_gmt":"2024-07-08T10:51:51","guid":{"rendered":"https:\/\/www.automakers.cz\/?p=5300"},"modified":"2024-07-08T10:52:20","modified_gmt":"2024-07-08T10:52:20","slug":"holecek-chce-rozsirit-metro-na-venkov","status":"publish","type":"post","link":"https:\/\/www.automakers.cz\/?p=5300","title":{"rendered":"Hole\u010dek chce roz\u0161\u00ed\u0159it Metro na venkov"},"content":{"rendered":"<div id=\"space-a\" class=\"col-h\">\n<div class=\"art-full\"><b>Den\u00edk Metro oslavil 7. \u010dervence 27 let na \u010desk\u00e9m trhu. Jeho \u0161\u00e9fredaktor Petr Hole\u010dek slibuje na dal\u0161\u00ed rok v\u00edce origin\u00e1ln\u00edho obsahu a <\/b><strong>front\u00e1ln\u00ed \u00fatok na regiony, kde chce v r\u00e1mci vydavatelstv\u00ed Mafra vyu\u017e\u00edt mezeru po zru\u0161en\u00e9m den\u00edku 5plus2.<\/strong><\/div>\n<div><\/div>\n<div class=\"art-full\">&#8222;Prahu jsme u\u017e dobyli, v hlavn\u00edm m\u011bst\u011b jsme dlouhodob\u011b nej\u010dten\u011bj\u0161\u00edm den\u00edkem, tak te\u010f jsme zam\u011b\u0159ili na dal\u0161\u00ed obce v \u010cesk\u00e9 republice. Abyste rozum\u011bli, my jsme v regionech u\u017e velmi dlouho, jen podle posledn\u00edho v\u00fdzkumu \u010dtenosti Media projekt je celost\u00e1tn\u00ed \u010dtenost den\u00edku Metro 295 tis\u00edc \u010dten\u00e1\u0159\u016f na vyd\u00e1n\u00ed, z toho samotn\u00e1 Praha bez okres\u016f Praha-v\u00fdchod a Praha-z\u00e1pad vykazuje 202 tis\u00edc \u010dten\u00e1\u0159\u016f na jedno \u010d\u00edslo,&#8220; uvedl Hole\u010dek v rozhovoru pro iDNES.<\/div>\n<div><\/div>\n<div class=\"art-full\">&#8222;V regionech je to tedy je dal\u0161\u00edch t\u00e9m\u011b\u0159 sto tis\u00edc lid\u00ed ka\u017ed\u00fd den. Jen\u017ee nyn\u00ed jsme vyu\u017eili distribu\u010dn\u00ed m\u00edsta po ukon\u010den\u00e9m projektu 5plus2 a je\u0161t\u011b v\u00edce jsme zv\u00fd\u0161ili n\u00e1\u0161 p\u00e1te\u010dn\u00ed dosah, tak jako to d\u011blala P\u011btplusdvojka. Z\u00edskali jsme dal\u0161\u00edch 2 200 distribu\u010dn\u00edch slot\u016f v 950 m\u011bstech a obc\u00edch, tak\u017ee ka\u017ed\u00fd p\u00e1tek je n\u00e1\u0161 n\u00e1klad p\u0159ibli\u017en\u011b 450 tis\u00edc kus\u016f a rozd\u00e1v\u00e1n je na celkem 2 850 m\u00edstech v 1 600 m\u011bstech a obc\u00edch \u010cesk\u00e9 republiky,&#8220; pochlubil se \u0161\u00e9fredaktor.<\/div>\n<div>\n<figure id=\"attachment_5269\" aria-describedby=\"caption-attachment-5269\" style=\"width: 900px\" class=\"wp-caption alignnone\"><img loading=\"lazy\" decoding=\"async\" class=\"size-medium wp-image-5269\" src=\"http:\/\/www.automakers.cz\/wp-content\/uploads\/2024\/07\/Sterba-Martin-TUkas-900x675.jpg\" alt=\"\" width=\"900\" height=\"675\" \/><figcaption id=\"caption-attachment-5269\" class=\"wp-caption-text\">Martin \u0160t\u011brba (Foto: Erich Handl)<\/figcaption><\/figure>\n<\/div>\n<\/div>\n<div><strong>Den\u00edk Metro hl\u00e1s\u00ed tak\u00e9 horkou person\u00e1ln\u00ed novinku. Vydavatelstv\u00ed opustil k 30. \u010dervnu\u00a0 jeho dlouholet\u00fd inzertn\u00ed mana\u017eer a redaktor Martin \u0160t\u011brba.<\/strong><\/div>\n<p><!--more--><\/p>\n","protected":false},"excerpt":{"rendered":"<p>Den\u00edk Metro oslavil 7. \u010dervence 27 let na \u010desk\u00e9m trhu. Jeho \u0161\u00e9fredaktor Petr Hole\u010dek slibuje&#8230;<\/p>\n","protected":false},"author":1,"featured_media":5301,"comment_status":"closed","ping_status":"closed","sticky":false,"template":"","format":"standard","meta":{"footnotes":""},"categories":[49,27],"tags":[],"class_list":["post-5300","post","type-post","status-publish","format-standard","has-post-thumbnail","hentry","category-media","category-novinari"],"_links":{"self":[{"href":"https:\/\/www.automakers.cz\/index.php?rest_route=\/wp\/v2\/posts\/5300","targetHints":{"allow":["GET"]}}],"collection":[{"href":"https:\/\/www.automakers.cz\/index.php?rest_route=\/wp\/v2\/posts"}],"about":[{"href":"https:\/\/www.automakers.cz\/index.php?rest_route=\/wp\/v2\/types\/post"}],"author":[{"embeddable":true,"href":"https:\/\/www.automakers.cz\/index.php?rest_route=\/wp\/v2\/users\/1"}],"replies":[{"embeddable":true,"href":"https:\/\/www.automakers.cz\/index.php?rest_route=%2Fwp%2Fv2%2Fcomments&post=5300"}],"version-history":[{"count":3,"href":"https:\/\/www.automakers.cz\/index.php?rest_route=\/wp\/v2\/posts\/5300\/revisions"}],"predecessor-version":[{"id":5304,"href":"https:\/\/www.automakers.cz\/index.php?rest_route=\/wp\/v2\/posts\/5300\/revisions\/5304"}],"wp:featuredmedia":[{"embeddable":true,"href":"https:\/\/www.automakers.cz\/index.php?rest_route=\/wp\/v2\/media\/5301"}],"wp:attachment":[{"href":"https:\/\/www.automakers.cz\/index.php?rest_route=%2Fwp%2Fv2%2Fmedia&parent=5300"}],"wp:term":[{"taxonomy":"category","embeddable":true,"href":"https:\/\/www.automakers.cz\/index.php?rest_route=%2Fwp%2Fv2%2Fcategories&post=5300"},{"taxonomy":"post_tag","embeddable":true,"href":"https:\/\/www.automakers.cz\/index.php?rest_route=%2Fwp%2Fv2%2Ftags&post=5300"}],"curies":[{"name":"wp","href":"https:\/\/api.w.org\/{rel}","templated":true}]}}