{"id":5311,"date":"2024-07-09T10:32:24","date_gmt":"2024-07-09T10:32:24","guid":{"rendered":"https:\/\/www.automakers.cz\/?p=5311"},"modified":"2024-07-09T11:41:08","modified_gmt":"2024-07-09T11:41:08","slug":"manes-hostil-automotive-leaders-forum","status":"publish","type":"post","link":"https:\/\/www.automakers.cz\/?p=5311","title":{"rendered":"M\u00e1nes hostil Automotive Leaders Forum"},"content":{"rendered":"<p><span class=\"break-words tvm-parent-container\"><span dir=\"ltr\"><strong>V\u00edce ne\u017e stovka host\u016f z \u0159ad automotive firem, st\u00e1tn\u00ed spr\u00e1vy i spolupracuj\u00edc\u00edch organizac\u00ed se se\u0161lo v pra\u017esk\u00e9 galerii M\u00e1nes na 3. ro\u010dn\u00edku Automotive Leaders Fora, kter\u00e9 jako tradi\u010dn\u011b uspo\u0159\u00e1dalo Sdru\u017een\u00ed autopr\u016fmyslu.<\/strong> <\/span><\/span><!--more--><\/p>\n<p><span class=\"break-words tvm-parent-container\"><span dir=\"ltr\">Leto\u0161n\u00ed akce se zam\u011b\u0159ila na t\u00e9ma udr\u017eitelnosti, kter\u00e9 se prol\u00ednalo prostory celove\u010dern\u00edho f\u00f3ra, prezentacemi v\u0161ech vystupuj\u00edc\u00edch i doprovodnou v\u00fdstavou, na kter\u00e9 kl\u00ed\u010dov\u00ed partne\u0159i \u0160kodovky prezentovali sv\u00e9 udr\u017eiteln\u00e9 produkty a \u0159e\u0161en\u00ed a s n\u00e1v\u0161t\u011bvn\u00edky diskutovali o ekologi\u010dt\u011bj\u0161\u00ed budoucnosti jako hnac\u00edm motoru r\u016fstu.<\/span><\/span><\/p>\n<p>Slavnostn\u00ed \u010d\u00e1st ve\u010dera otev\u0159eli Martin Jahn, prezident AUTOSAP a ministr dopravy Martin Kupka. N\u00e1sledovaly prezentace Karsten Schnake ze \u0160kody a So\u0148a Klepek Jon\u00e1\u0161ov\u00e1 z INCIEN | Institut Cirkul\u00e1rn\u00ed Ekonomiky, kte\u0159\u00ed p\u0159edstavili udr\u017eitelnost nejen jako business case, ale i jako kl\u00ed\u010dovou p\u0159\u00edle\u017eitost.<\/p>\n<p><img loading=\"lazy\" decoding=\"async\" class=\"alignnone size-medium wp-image-5346\" src=\"http:\/\/www.automakers.cz\/wp-content\/uploads\/2024\/07\/Schnake-Jahn-900x600.jpg\" alt=\"\" width=\"900\" height=\"600\" srcset=\"https:\/\/www.automakers.cz\/wp-content\/uploads\/2024\/07\/Schnake-Jahn-900x600.jpg 900w, https:\/\/www.automakers.cz\/wp-content\/uploads\/2024\/07\/Schnake-Jahn-1024x683.jpg 1024w, https:\/\/www.automakers.cz\/wp-content\/uploads\/2024\/07\/Schnake-Jahn-768x512.jpg 768w, https:\/\/www.automakers.cz\/wp-content\/uploads\/2024\/07\/Schnake-Jahn-1536x1025.jpg 1536w, https:\/\/www.automakers.cz\/wp-content\/uploads\/2024\/07\/Schnake-Jahn.jpg 2048w\" sizes=\"auto, (max-width: 900px) 100vw, 900px\" \/>Mezi vystavovateli prezentovali sv\u00e9 produkty spl\u0148uj\u00edc\u00ed nejvy\u0161\u0161\u00ed krit\u00e9ria udr\u017eitelnosti jak \u010dlensk\u00e9 firmy sdru\u017een\u00ed:<\/p>\n<p><span class=\"break-words tvm-parent-container\"><span dir=\"ltr\">\u00a0TAWESCO AUTOMOTIVE, PLASTIKA a.s., Antolin Czech Republic s.r.o., tak i dal\u0161\u00ed vystavovatel\u00e9 <a class=\"app-aware-link \" href=\"https:\/\/www.linkedin.com\/company\/wolters-europe\/\" target=\"_self\" rel=\"noopener\" data-test-app-aware-link=\"\">Wolters Europe<\/a>, <a class=\"app-aware-link \" href=\"https:\/\/www.linkedin.com\/company\/praktik-system-s.-r.-o.\/\" target=\"_self\" rel=\"noopener\" data-test-app-aware-link=\"\">Praktik System s. r. o.<\/a>, <a class=\"app-aware-link \" href=\"https:\/\/www.linkedin.com\/company\/gkn-automotive\/\" target=\"_self\" rel=\"noopener\" data-test-app-aware-link=\"\">GKN Automotive<\/a>, <a class=\"app-aware-link \" href=\"https:\/\/www.linkedin.com\/company\/treves\/\" target=\"_self\" rel=\"noopener\" data-test-app-aware-link=\"\">Tr\u00e8ves Group<\/a>, <a class=\"app-aware-link \" href=\"https:\/\/www.linkedin.com\/company\/cartonnage-p-van-de-velde\/\" target=\"_self\" rel=\"noopener\" data-test-app-aware-link=\"\">Van de Velde Packaging Group<\/a>, <a class=\"app-aware-link \" href=\"https:\/\/www.linkedin.com\/company\/silon-s-r-o-\/\" target=\"_self\" rel=\"noopener\" data-test-app-aware-link=\"\">SILON<\/a>, <a class=\"app-aware-link \" href=\"https:\/\/www.linkedin.com\/company\/minth-group-ltd.\/\" target=\"_self\" rel=\"noopener\" data-test-app-aware-link=\"\">MINTH GROUP<\/a>, <a class=\"app-aware-link \" href=\"https:\/\/www.linkedin.com\/company\/ronalgroup\/\" target=\"_self\" rel=\"noopener\" data-test-app-aware-link=\"\">RONAL GROUP<\/a>, <a class=\"app-aware-link \" href=\"https:\/\/www.linkedin.com\/company\/eissmann-group-automotive\/\" target=\"_self\" rel=\"noopener\" data-test-app-aware-link=\"\">Eissmann Group Automotive<\/a>, <a class=\"app-aware-link \" href=\"https:\/\/www.linkedin.com\/company\/sage-automotive-interiors\/\" target=\"_self\" rel=\"noopener\" data-test-app-aware-link=\"\">Sage Automotive Interiors<\/a>, <a class=\"app-aware-link \" href=\"https:\/\/www.linkedin.com\/company\/qinshift\/\" target=\"_self\" rel=\"noopener\" data-test-app-aware-link=\"\">Qinshift<\/a> a <a class=\"app-aware-link \" href=\"https:\/\/www.linkedin.com\/company\/thetrask\/\" target=\"_self\" rel=\"noopener\" data-test-app-aware-link=\"\">Trask<\/a>.<\/span><\/span><\/p>\n<p><img loading=\"lazy\" decoding=\"async\" class=\"alignnone size-medium wp-image-5348\" src=\"http:\/\/www.automakers.cz\/wp-content\/uploads\/2024\/07\/Manes-Vendula-900x616.jpg\" alt=\"\" width=\"900\" height=\"616\" srcset=\"https:\/\/www.automakers.cz\/wp-content\/uploads\/2024\/07\/Manes-Vendula-900x616.jpg 900w, https:\/\/www.automakers.cz\/wp-content\/uploads\/2024\/07\/Manes-Vendula-1024x701.jpg 1024w, https:\/\/www.automakers.cz\/wp-content\/uploads\/2024\/07\/Manes-Vendula-768x525.jpg 768w, https:\/\/www.automakers.cz\/wp-content\/uploads\/2024\/07\/Manes-Vendula-1536x1051.jpg 1536w, https:\/\/www.automakers.cz\/wp-content\/uploads\/2024\/07\/Manes-Vendula.jpg 2048w\" sizes=\"auto, (max-width: 900px) 100vw, 900px\" \/>&#8222;Automotive Leaders Forum 2024 uk\u00e1zalo rostouc\u00ed v\u00fdznam udr\u017eitelnosti v automobilov\u00e9m pr\u016fmyslu a potvrdilo, \u017ee je skv\u011blou a unik\u00e1tn\u00ed platformou pro sd\u00edlen\u00ed informac\u00ed, navazov\u00e1n\u00ed kontakt\u016f a oslavu \u00fasp\u011bch\u016f na\u0161eho odv\u011btv\u00ed,&#8220; zhodnotil akci AutoSAP.<\/p>\n<p><strong>Zdroj: AutoSAP<\/strong><\/p>\n<p><span class=\"break-words tvm-parent-container\"><span dir=\"ltr\"> Medi\u00e1ln\u00edm partnerem cel\u00e9ho ve\u010dera byl \u010dasopis \u010cesk\u00fd autopr\u016fmysl.<br \/>\n<\/span><\/span><\/p>\n<p><img loading=\"lazy\" decoding=\"async\" class=\"alignnone size-medium wp-image-5157\" src=\"http:\/\/www.automakers.cz\/wp-content\/uploads\/2024\/07\/Cesky-autoprumysl-Iveco-636x900.jpeg\" alt=\"\" width=\"636\" height=\"900\" srcset=\"https:\/\/www.automakers.cz\/wp-content\/uploads\/2024\/07\/Cesky-autoprumysl-Iveco-636x900.jpeg 636w, https:\/\/www.automakers.cz\/wp-content\/uploads\/2024\/07\/Cesky-autoprumysl-Iveco-724x1024.jpeg 724w, https:\/\/www.automakers.cz\/wp-content\/uploads\/2024\/07\/Cesky-autoprumysl-Iveco-768x1086.jpeg 768w, https:\/\/www.automakers.cz\/wp-content\/uploads\/2024\/07\/Cesky-autoprumysl-Iveco-1086x1536.jpeg 1086w, https:\/\/www.automakers.cz\/wp-content\/uploads\/2024\/07\/Cesky-autoprumysl-Iveco-1024x1448.jpeg 1024w, https:\/\/www.automakers.cz\/wp-content\/uploads\/2024\/07\/Cesky-autoprumysl-Iveco.jpeg 1240w\" sizes=\"auto, (max-width: 636px) 100vw, 636px\" \/><\/p>\n","protected":false},"excerpt":{"rendered":"<p>V\u00edce ne\u017e stovka host\u016f z \u0159ad automotive firem, st\u00e1tn\u00ed spr\u00e1vy i spolupracuj\u00edc\u00edch organizac\u00ed se se\u0161lo&#8230;<\/p>\n","protected":false},"author":1,"featured_media":5313,"comment_status":"closed","ping_status":"closed","sticky":false,"template":"","format":"standard","meta":{"footnotes":""},"categories":[26,22],"tags":[],"class_list":["post-5311","post","type-post","status-publish","format-standard","has-post-thumbnail","hentry","category-eventy","category-konference"],"_links":{"self":[{"href":"https:\/\/www.automakers.cz\/index.php?rest_route=\/wp\/v2\/posts\/5311","targetHints":{"allow":["GET"]}}],"collection":[{"href":"https:\/\/www.automakers.cz\/index.php?rest_route=\/wp\/v2\/posts"}],"about":[{"href":"https:\/\/www.automakers.cz\/index.php?rest_route=\/wp\/v2\/types\/post"}],"author":[{"embeddable":true,"href":"https:\/\/www.automakers.cz\/index.php?rest_route=\/wp\/v2\/users\/1"}],"replies":[{"embeddable":true,"href":"https:\/\/www.automakers.cz\/index.php?rest_route=%2Fwp%2Fv2%2Fcomments&post=5311"}],"version-history":[{"count":6,"href":"https:\/\/www.automakers.cz\/index.php?rest_route=\/wp\/v2\/posts\/5311\/revisions"}],"predecessor-version":[{"id":5349,"href":"https:\/\/www.automakers.cz\/index.php?rest_route=\/wp\/v2\/posts\/5311\/revisions\/5349"}],"wp:featuredmedia":[{"embeddable":true,"href":"https:\/\/www.automakers.cz\/index.php?rest_route=\/wp\/v2\/media\/5313"}],"wp:attachment":[{"href":"https:\/\/www.automakers.cz\/index.php?rest_route=%2Fwp%2Fv2%2Fmedia&parent=5311"}],"wp:term":[{"taxonomy":"category","embeddable":true,"href":"https:\/\/www.automakers.cz\/index.php?rest_route=%2Fwp%2Fv2%2Fcategories&post=5311"},{"taxonomy":"post_tag","embeddable":true,"href":"https:\/\/www.automakers.cz\/index.php?rest_route=%2Fwp%2Fv2%2Ftags&post=5311"}],"curies":[{"name":"wp","href":"https:\/\/api.w.org\/{rel}","templated":true}]}}