{"id":5446,"date":"2024-07-14T07:17:33","date_gmt":"2024-07-14T07:17:33","guid":{"rendered":"https:\/\/www.automakers.cz\/?p=5446"},"modified":"2024-07-14T21:43:50","modified_gmt":"2024-07-14T21:43:50","slug":"skoda-prodala-100-vozu-fabia-rs-rally2","status":"publish","type":"post","link":"https:\/\/www.automakers.cz\/?p=5446","title":{"rendered":"\u0160koda prodala 100 voz\u016f Fabia RS Rally2"},"content":{"rendered":"<p><strong>\u0160koda Motorsport prodala 100 kus\u016f sv\u00e9ho nejnov\u011bj\u0161\u00edho rallyov\u00e9ho speci\u00e1lu \u0160koda Fabia RS Rally2. Jubilejn\u00ed v\u016fz byl b\u011bhem mal\u00e9 slavnosti v s\u00eddle t\u00fdmu v Mlad\u00e9 Boleslavi p\u0159ed\u00e1n rumunsk\u00e9mu jezdci Andrei G\u00eertofanovi, kter\u00fd je na druh\u00e9m m\u00edst\u011b \u017eeb\u0159\u00ed\u010dku dom\u00e1c\u00edho \u0161ampion\u00e1tu.<\/strong><br \/>\n<!--more--><\/p>\n<p>Luk\u00e1\u0161 Pat\u00e1k, vedouc\u00ed z\u00e1kaznick\u00e9ho programu \u0160koda Motorsport, vysv\u011btluje: \u201ePro \u0160koda Motorsport je prodej st\u00e9ho vozu \u0160koda Fabia RS Rally2 z\u00e1kazn\u00edkovi velmi v\u00fdjime\u010dn\u00fdm okam\u017eikem. Toto \u010d\u00edslo je dal\u0161\u00edm potvrzen\u00edm na\u0161\u00ed pr\u00e1ce, a to nejen z pohledu stavby velmi konkurenceschopn\u00fdch rallyov\u00fdch voz\u016f, ale tak\u00e9 z pohledu poskytov\u00e1n\u00ed vynikaj\u00edc\u00edch slu\u017eeb na\u0161im z\u00e1kazn\u00edk\u016fm.\u201c<\/p>\n<p>Rumunsk\u00fd jezdec Andrei G\u00eertofan z t\u00fdmu Prorally Team Bra\u0161ov se t\u011b\u0161\u00ed, a\u017e sv\u016fj sou\u010dasn\u00fd v\u016fz \u0160koda Fabia Rally2 nahrad\u00ed nejnov\u011bj\u0161\u00edm modelem \u0160koda Fabia RS Rally2. \u201eS prvn\u00ed generac\u00ed vozu \u0160koda Fabia Rally2 jsem zat\u00edm byl v\u017edy schopen dos\u00e1hnout \u0161pi\u010dkov\u00fdch v\u00fdsledk\u016f. Nyn\u00ed ale r\u00e1d p\u0159esednu do vozu \u0160koda Fabia RS Rally2, kter\u00fd je podle m\u00e9ho n\u00e1zoru v sou\u010dasn\u00e9 dob\u011b nejlep\u0161\u00edm vozem pro boj o n\u00e1\u0161 n\u00e1rodn\u00ed titul,\u201c \u0159\u00edk\u00e1 G\u00eertofan.<\/p>\n<p>\u00dasp\u011b\u0161n\u00fd p\u0159\u00edb\u011bh vozu \u0160koda Fabia ve specifikaci Rally2 za\u010dal t\u00e9m\u011b\u0159 p\u0159ed deseti lety. Jeho z\u00e1kladem je konkurenceschopn\u00fd v\u016fz, kter\u00fd byl pr\u016fb\u011b\u017en\u011b testov\u00e1n a neust\u00e1le zdokonalov\u00e1n. Nejnov\u011bj\u0161\u00ed generace vozu \u0160koda Fabia RS Rally2 nen\u00ed v\u00fdjimkou: pro druhou polovinu sez\u00f3ny 2024 bude \u0160koda Motorsport nab\u00edzet druhou sadu p\u0159evod\u016f, d\u00edky n\u00ed\u017e bude tento v\u016fz je\u0161t\u011b vhodn\u011bj\u0161\u00ed pro rychl\u00e9 sout\u011b\u017ee, jako je nap\u0159\u00edklad Finsk\u00e1 rally. Krom\u011b toho \u0160koda Motorsport ned\u00e1vno d\u00e1le zlep\u0161il odezvu brzdov\u00e9ho ped\u00e1lu a odolnost chladic\u00edch kan\u00e1l\u016f brzd.<\/p>\n<p>Po homologaci prvn\u00ed generace vozu \u0160koda Fabia Rally2, kterou z\u00edskal 1. dubna 2015, vybojoval Esapekka Lappi v roce 2016 FIA jezdeck\u00fd titul mistra sv\u011bta kategorie WRC2, na n\u011bj\u017e v n\u00e1sleduj\u00edc\u00edch dvou letech nav\u00e1zali Pontus Tidemand a Jan Kopeck\u00fd. Dne 1. dubna 2019 byl homologov\u00e1n v\u016fz \u0160koda Fabia Rally2 evo. V t\u00e9 sez\u00f3n\u011b z\u00edskal budouc\u00ed mistr sv\u011bta Kalle Rovanper\u00e4 mistrovsk\u00fd titul v kategorii WRC2 Pro a Pierre-Louis Loubet jezdeck\u00fd mistrovsk\u00fd titul kategorie WRC2. Andreas Mikkelsen v roce 2021 vyhr\u00e1l jak FIA Mistrovstv\u00ed Evropy v rally, tak FIA Mistrovstv\u00ed sv\u011bta v rally v kategorii WRC2. N\u00e1sleduj\u00edc\u00ed rok se Emil Lindholm stal mistrem sv\u011bta v kategorii WRC2.<br \/>\nMotorsport<\/p>\n<p>Dal\u0161\u00ed generace s n\u00e1zvem \u0160koda Fabia RS Rally2 vych\u00e1zela ze \u010dtvrt\u00e9 generace s\u00e9riov\u00e9ho modelu Fabia. Vyzna\u010dovala se zcela nov\u00fdm podvozkem a v\u00fdraznou modernizac\u00ed motoru. \u0160koda Fabia RS Rally2 plynule nav\u00e1zala na \u00fasp\u011b\u0161nou historii a v roce 2023 se poprv\u00e9 p\u0159edstavila ve FIA Mistrovstv\u00ed sv\u011bta v rallye na Rallye Monte-Carlo. Andreas Mikkelsen, jezd\u00edc\u00ed za t\u00fdm Toksport WRT podporovan\u00fd spole\u010dnost\u00ed \u0160koda Motorsport, v tomto roce v kategorii WRC2 op\u011bt z\u00edskal jezdeck\u00fd mistrovsk\u00fd titul. V sez\u00f3n\u011b 2024 FIA Mistrovstv\u00ed sv\u011bta v rally pos\u00e1dky spol\u00e9haj\u00edc\u00ed na nejnov\u011bj\u0161\u00ed v\u016fz kategorie Rally2 z Mlad\u00e9 Boleslavi op\u011bt slav\u00ed v\u00edt\u011bzstv\u00ed v kategorii WRC2.<\/p>\n<p>Od sv\u00e9 homologace na za\u010d\u00e1tku roku 2015 z\u00edskala \u0160koda Fabia navr\u017een\u00e1 pro kategorii Rally2 28 v\u00edt\u011bzstv\u00ed v region\u00e1ln\u00edch a 125 v n\u00e1rodn\u00edch mistrovstv\u00edch. Na cel\u00e9m sv\u011bt\u011b si \u0160koda Fabia b\u011bhem uplynul\u00fdch dev\u00edti let p\u0159ipsala p\u0159ibli\u017en\u011b 22 000 start\u016f v rally, z nich\u017e bylo 2563 v\u00edt\u011bzn\u00fdch a v\u00edce ne\u017e 6400kr\u00e1t se jej\u00ed pos\u00e1dky um\u00edstily na stupn\u00edch v\u00edt\u011bz\u016f. Od roku 2015 dodala \u0160koda Motorsport t\u00e9m\u011b\u0159 600 voz\u016f \u0160koda Fabia ve specifikaci kategorie Rally2 do 42 zem\u00ed sv\u011bta. Nyn\u00ed 100. prodan\u00fdm vozem potvrzuje svoji pozici jedni\u010dky v kategorii Rally2 tak\u00e9 aktu\u00e1ln\u00ed \u0160koda Fabia RS Rally2.<\/p>\n<p><img loading=\"lazy\" decoding=\"async\" class=\"alignnone size-medium wp-image-5450\" src=\"http:\/\/www.automakers.cz\/wp-content\/uploads\/2024\/07\/skoda-fabia-rally2-2-small-900x600.jpg\" alt=\"\" width=\"900\" height=\"600\" srcset=\"https:\/\/www.automakers.cz\/wp-content\/uploads\/2024\/07\/skoda-fabia-rally2-2-small-900x600.jpg 900w, https:\/\/www.automakers.cz\/wp-content\/uploads\/2024\/07\/skoda-fabia-rally2-2-small-1024x683.jpg 1024w, https:\/\/www.automakers.cz\/wp-content\/uploads\/2024\/07\/skoda-fabia-rally2-2-small-768x512.jpg 768w, https:\/\/www.automakers.cz\/wp-content\/uploads\/2024\/07\/skoda-fabia-rally2-2-small-1536x1024.jpg 1536w, https:\/\/www.automakers.cz\/wp-content\/uploads\/2024\/07\/skoda-fabia-rally2-2-small-2048x1365.jpg 2048w\" sizes=\"auto, (max-width: 900px) 100vw, 900px\" \/><\/p>\n","protected":false},"excerpt":{"rendered":"<p>\u0160koda Motorsport prodala 100 kus\u016f sv\u00e9ho nejnov\u011bj\u0161\u00edho rallyov\u00e9ho speci\u00e1lu \u0160koda Fabia RS Rally2. Jubilejn\u00ed v\u016fz&#8230;<\/p>\n","protected":false},"author":2,"featured_media":5449,"comment_status":"closed","ping_status":"closed","sticky":false,"template":"","format":"standard","meta":{"footnotes":""},"categories":[15,19],"tags":[],"class_list":["post-5446","post","type-post","status-publish","format-standard","has-post-thumbnail","hentry","category-fleety","category-motorsport"],"_links":{"self":[{"href":"https:\/\/www.automakers.cz\/index.php?rest_route=\/wp\/v2\/posts\/5446","targetHints":{"allow":["GET"]}}],"collection":[{"href":"https:\/\/www.automakers.cz\/index.php?rest_route=\/wp\/v2\/posts"}],"about":[{"href":"https:\/\/www.automakers.cz\/index.php?rest_route=\/wp\/v2\/types\/post"}],"author":[{"embeddable":true,"href":"https:\/\/www.automakers.cz\/index.php?rest_route=\/wp\/v2\/users\/2"}],"replies":[{"embeddable":true,"href":"https:\/\/www.automakers.cz\/index.php?rest_route=%2Fwp%2Fv2%2Fcomments&post=5446"}],"version-history":[{"count":1,"href":"https:\/\/www.automakers.cz\/index.php?rest_route=\/wp\/v2\/posts\/5446\/revisions"}],"predecessor-version":[{"id":5478,"href":"https:\/\/www.automakers.cz\/index.php?rest_route=\/wp\/v2\/posts\/5446\/revisions\/5478"}],"wp:featuredmedia":[{"embeddable":true,"href":"https:\/\/www.automakers.cz\/index.php?rest_route=\/wp\/v2\/media\/5449"}],"wp:attachment":[{"href":"https:\/\/www.automakers.cz\/index.php?rest_route=%2Fwp%2Fv2%2Fmedia&parent=5446"}],"wp:term":[{"taxonomy":"category","embeddable":true,"href":"https:\/\/www.automakers.cz\/index.php?rest_route=%2Fwp%2Fv2%2Fcategories&post=5446"},{"taxonomy":"post_tag","embeddable":true,"href":"https:\/\/www.automakers.cz\/index.php?rest_route=%2Fwp%2Fv2%2Ftags&post=5446"}],"curies":[{"name":"wp","href":"https:\/\/api.w.org\/{rel}","templated":true}]}}