{"id":5452,"date":"2024-07-12T06:49:59","date_gmt":"2024-07-12T06:49:59","guid":{"rendered":"https:\/\/www.automakers.cz\/?p=5452"},"modified":"2024-07-15T11:12:32","modified_gmt":"2024-07-15T11:12:32","slug":"ford-ukazal-kugu-a-pumu-v-ratmericich","status":"publish","type":"post","link":"https:\/\/www.automakers.cz\/?p=5452","title":{"rendered":"Ford uk\u00e1zal Kugu a Pumu v Ratm\u011b\u0159ic\u00edch (Video)"},"content":{"rendered":"<p><strong>Ford svolal 11. \u010dervence motoristick\u00e9 novin\u00e1\u0159e na prvn\u00ed j\u00edzdy s nov\u00fdmi verzemi model\u016f Kuga a Puma. Startovalo s v AMB na O\u0159echu, c\u00edlem byl st\u0159edo\u010desk\u00fd z\u00e1mek Ratm\u011b\u0159ice.<\/strong><!--more--><\/p>\n<p>Na zrekonstruovan\u00e9m z\u00e1mku \u010dekala z\u00e1stupce m\u00e9di\u00ed technick\u00e1 prezentace p\u0159\u00edmo u vystaven\u00fdch vozidel a okruhov\u00e9 j\u00edzdy.<\/p>\n<figure id=\"attachment_5461\" aria-describedby=\"caption-attachment-5461\" style=\"width: 900px\" class=\"wp-caption alignnone\"><img loading=\"lazy\" decoding=\"async\" class=\"size-medium wp-image-5461\" src=\"http:\/\/www.automakers.cz\/wp-content\/uploads\/2024\/07\/Ford-Kuga-Orech-Jenik-900x675.jpg\" alt=\"\" width=\"900\" height=\"675\" srcset=\"https:\/\/www.automakers.cz\/wp-content\/uploads\/2024\/07\/Ford-Kuga-Orech-Jenik-900x675.jpg 900w, https:\/\/www.automakers.cz\/wp-content\/uploads\/2024\/07\/Ford-Kuga-Orech-Jenik-1024x768.jpg 1024w, https:\/\/www.automakers.cz\/wp-content\/uploads\/2024\/07\/Ford-Kuga-Orech-Jenik-768x576.jpg 768w, https:\/\/www.automakers.cz\/wp-content\/uploads\/2024\/07\/Ford-Kuga-Orech-Jenik-1536x1152.jpg 1536w, https:\/\/www.automakers.cz\/wp-content\/uploads\/2024\/07\/Ford-Kuga-Orech-Jenik.jpg 2040w\" sizes=\"auto, (max-width: 900px) 100vw, 900px\" \/><figcaption id=\"caption-attachment-5461\" class=\"wp-caption-text\">Startovalo se v AMB O\u0159ech<\/figcaption><\/figure>\n<p>&#8222;Kuga s Pumou tvo\u0159\u00ed 70 procent prodej\u016f na\u0161ich osobn\u00edch voz\u016f, jde z na\u0161eho pohledu o z\u00e1sadn\u00ed novinky. T\u0159et\u00ed generace Kugy byla sv\u011btu p\u0159edstavena na sam\u00e9m za\u010d\u00e1tku leto\u0161n\u00edho roku, prvn\u00ed vozy u\u017e dorazily k \u010desk\u00fdm dealer\u016fm. Nejprod\u00e1van\u011bj\u0161\u00ed evropsk\u00fd model PHEV se vyr\u00e1b\u00ed v Evrop\u011b, v mont\u00e1\u017en\u00edm z\u00e1vod\u011b ve \u0161pan\u011blsk\u00e9 Valencii,&#8220; p\u0159ipomn\u011bl mluv\u010d\u00ed zna\u010dky Petr Burian.<\/p>\n<p><img loading=\"lazy\" decoding=\"async\" class=\"alignnone size-medium wp-image-5467\" src=\"http:\/\/www.automakers.cz\/wp-content\/uploads\/2024\/07\/Ford-Burian-Ratmerice-900x675.jpg\" alt=\"\" width=\"900\" height=\"675\" srcset=\"https:\/\/www.automakers.cz\/wp-content\/uploads\/2024\/07\/Ford-Burian-Ratmerice-900x675.jpg 900w, https:\/\/www.automakers.cz\/wp-content\/uploads\/2024\/07\/Ford-Burian-Ratmerice-1024x768.jpg 1024w, https:\/\/www.automakers.cz\/wp-content\/uploads\/2024\/07\/Ford-Burian-Ratmerice-768x576.jpg 768w, https:\/\/www.automakers.cz\/wp-content\/uploads\/2024\/07\/Ford-Burian-Ratmerice-1536x1152.jpg 1536w, https:\/\/www.automakers.cz\/wp-content\/uploads\/2024\/07\/Ford-Burian-Ratmerice.jpg 2040w\" sizes=\"auto, (max-width: 900px) 100vw, 900px\" \/>Kuga startuje zhruba na 650 000 korun\u00e1ch a s\u00e1z\u00ed na hybridn\u00ed pohon PHEV, u kter\u00e9ho mohou majitel\u00e9 vyu\u017e\u00edvat dom\u00e1c\u00ed nebo ve\u0159ejn\u00e9 nab\u00edjen\u00ed a u\u017e\u00edt si a\u017e 69 km j\u00edzdy na \u010dist\u011b elektrick\u00fd pohon.<\/p>\n<p>\u0158idi\u010d\u016fm, kte\u0159\u00ed nemus\u00ed m\u00edt pohodln\u00e9 nab\u00edjen\u00ed po ruce, nab\u00edz\u00ed pln\u011b hybridn\u00ed Kuga FHEV pohodl\u00ed a komfort elektrifikovan\u00e9ho pohonu s dojezdem a\u017e 900 km na jednu n\u00e1dr\u017e paliva a a\u017e 64 % \u010dist\u011b elektrick\u00e9 j\u00edzdy ve m\u011bst\u011b.<\/p>\n<p><img loading=\"lazy\" decoding=\"async\" class=\"alignnone size-medium wp-image-5462\" src=\"http:\/\/www.automakers.cz\/wp-content\/uploads\/2024\/07\/Ford-Kuga-Benes-Ratmerice-900x675.jpg\" alt=\"\" width=\"900\" height=\"675\" srcset=\"https:\/\/www.automakers.cz\/wp-content\/uploads\/2024\/07\/Ford-Kuga-Benes-Ratmerice-900x675.jpg 900w, https:\/\/www.automakers.cz\/wp-content\/uploads\/2024\/07\/Ford-Kuga-Benes-Ratmerice-1024x768.jpg 1024w, https:\/\/www.automakers.cz\/wp-content\/uploads\/2024\/07\/Ford-Kuga-Benes-Ratmerice-768x576.jpg 768w, https:\/\/www.automakers.cz\/wp-content\/uploads\/2024\/07\/Ford-Kuga-Benes-Ratmerice-1536x1152.jpg 1536w, https:\/\/www.automakers.cz\/wp-content\/uploads\/2024\/07\/Ford-Kuga-Benes-Ratmerice.jpg 2040w\" sizes=\"auto, (max-width: 900px) 100vw, 900px\" \/><strong>Automatick\u00e9 zpomalen\u00ed v zat\u00e1\u010dk\u00e1ch<\/strong><\/p>\n<p>&#8222;Nov\u00fd model rychleji akceleruje a dok\u00e1\u017ee t\u00e1hnout a\u017e 2 100 kg &#8211; \u00fadajn\u011b v\u00edce ne\u017e kter\u00fdkoli jin\u00fd v\u016fz v t\u00e9to t\u0159\u00edd\u011b. \u00a0Cestov\u00e1n\u00ed m\u00e1 b\u00fdt pohodln\u011bj\u0161\u00ed d\u00edky technologii, kter\u00e1 d\u00edky satelitn\u00ed navigaci dok\u00e1\u017ee automaticky zpomalit v zat\u00e1\u010dk\u00e1ch, na kruhov\u00fdch objezdech a sjezdech z d\u00e1lnic a nab\u00edz\u00ed 360stup\u0148ov\u00fd kamerov\u00fd syst\u00e9m, kter\u00fd dok\u00e1\u017ee p\u0159i parkov\u00e1n\u00ed zobrazit na st\u0159edov\u00e9m 13,2palcov\u00e9m displeji pohled z pta\u010d\u00ed perspektivy,&#8220; uvedli mana\u017ee\u0159i zna\u010dky.<\/p>\n<p>Kuga tak\u00e9 nab\u00eddla vylep\u0161enou konektivitu. Informa\u010dn\u00ed a z\u00e1bavn\u00ed syst\u00e9m SYNC 4 integruje chytr\u00e9 telefony pomoc\u00ed bezdr\u00e1tov\u00fdch technologi\u00ed Apple CarPlay a Android Auto 8 a nab\u00edz\u00ed p\u0159ipojen\u00ed 5G<sup>.<\/sup><\/p>\n<p><strong>Ford Puma za p\u016fl milionu korun<br \/>\n<\/strong><\/p>\n<p>Nov\u00e1 verze m\u011bstsk\u00e9ho crossoveru Puma se v z\u00e1kladu s manu\u00e1ln\u00edm \u0159azen\u00edm vejde pod p\u016fl milionu. &#8222;Hodn\u011b ale s\u00e1z\u00edme na verzi s automatem kterou lze z\u00edskat za 530 tis\u00edc korun,&#8220; up\u0159esnila produktov\u00e1 mana\u017eerka vozu Aneta Bene\u0161ov\u00e1.<\/p>\n<p><img loading=\"lazy\" decoding=\"async\" class=\"alignnone size-medium wp-image-5468\" src=\"http:\/\/www.automakers.cz\/wp-content\/uploads\/2024\/07\/Ford-Ratmerice-Benesova-900x675.jpg\" alt=\"\" width=\"900\" height=\"675\" srcset=\"https:\/\/www.automakers.cz\/wp-content\/uploads\/2024\/07\/Ford-Ratmerice-Benesova-900x675.jpg 900w, https:\/\/www.automakers.cz\/wp-content\/uploads\/2024\/07\/Ford-Ratmerice-Benesova-1024x768.jpg 1024w, https:\/\/www.automakers.cz\/wp-content\/uploads\/2024\/07\/Ford-Ratmerice-Benesova-768x576.jpg 768w, https:\/\/www.automakers.cz\/wp-content\/uploads\/2024\/07\/Ford-Ratmerice-Benesova-1536x1152.jpg 1536w, https:\/\/www.automakers.cz\/wp-content\/uploads\/2024\/07\/Ford-Ratmerice-Benesova.jpg 2040w\" sizes=\"auto, (max-width: 900px) 100vw, 900px\" \/>Kompaktn\u00ed crossover s prostorem pro p\u011bt cestuj\u00edc\u00edch a jejich zavazadla p\u0159in\u00e1\u0161\u00ed nov\u00fd interi\u00e9r, dva velk\u00e9 digit\u00e1ln\u00ed displeje, konektivitu a pokro\u010dil\u00e9 j\u00edzdn\u00ed technologie.<\/p>\n<p>&#8222;Uvnit\u0159 najdeme nov\u00fd kokpit se sportovn\u00edm stylem a s vysoko um\u00edst\u011bn\u00fdmi obrazovkami, kter\u00e9 jsou nato\u010deny sm\u011brem k \u0159idi\u010di, zat\u00edmco fyzick\u00fdch tla\u010d\u00edtek je minimum. D\u00edky konektivit\u011b 5G mohou z\u00e1kazn\u00edci p\u0159ebrat kontrolu nad ka\u017edou j\u00edzdou &#8211; a\u0165 u\u017e se cht\u011bj\u00ed vyhnout ne\u010dekan\u00fdm dopravn\u00edm z\u00e1cp\u00e1m p\u0159i cest\u011b do \u0161koly nebo vyrazit nejrychlej\u0161\u00ed trasou za v\u00edkendov\u00fdm dobrodru\u017estv\u00edm,&#8220; p\u0159ipomn\u011bla Bene\u0161ov\u00e1.<\/p>\n<p><img loading=\"lazy\" decoding=\"async\" class=\"alignnone size-medium wp-image-5463\" src=\"http:\/\/www.automakers.cz\/wp-content\/uploads\/2024\/07\/Ford-Puma-Benesovi-900x675.jpg\" alt=\"\" width=\"900\" height=\"675\" srcset=\"https:\/\/www.automakers.cz\/wp-content\/uploads\/2024\/07\/Ford-Puma-Benesovi-900x675.jpg 900w, https:\/\/www.automakers.cz\/wp-content\/uploads\/2024\/07\/Ford-Puma-Benesovi-1024x768.jpg 1024w, https:\/\/www.automakers.cz\/wp-content\/uploads\/2024\/07\/Ford-Puma-Benesovi-768x576.jpg 768w, https:\/\/www.automakers.cz\/wp-content\/uploads\/2024\/07\/Ford-Puma-Benesovi-1536x1152.jpg 1536w, https:\/\/www.automakers.cz\/wp-content\/uploads\/2024\/07\/Ford-Puma-Benesovi.jpg 2040w\" sizes=\"auto, (max-width: 900px) 100vw, 900px\" \/>I u Pumy technologie usnad\u0148uj\u00ed \u0159\u00edzen\u00ed s vyu\u017eit\u00edm tempomatu, kter\u00fd zpomaluje na k\u0159i\u017eovatk\u00e1ch a v zat\u00e1\u010dk\u00e1ch, nov\u00e9 sv\u011btlomety pom\u00e1haj\u00ed v noci \u0159idi\u010d\u016fm l\u00e9pe vid\u011bt do zat\u00e1\u010dek a nov\u00e9 kamery poskytuj\u00ed na st\u0159edov\u00e9m displeji pohled z pta\u010d\u00ed perspektivy, aby bylo parkov\u00e1n\u00ed v ru\u0161n\u00fdch ulic\u00edch hra\u010dkou.<\/p>\n<p><img loading=\"lazy\" decoding=\"async\" class=\"alignnone size-medium wp-image-5464\" src=\"http:\/\/www.automakers.cz\/wp-content\/uploads\/2024\/07\/Ford-Puma-Ratmerice-900x675.jpg\" alt=\"\" width=\"900\" height=\"675\" srcset=\"https:\/\/www.automakers.cz\/wp-content\/uploads\/2024\/07\/Ford-Puma-Ratmerice-900x675.jpg 900w, https:\/\/www.automakers.cz\/wp-content\/uploads\/2024\/07\/Ford-Puma-Ratmerice-1024x768.jpg 1024w, https:\/\/www.automakers.cz\/wp-content\/uploads\/2024\/07\/Ford-Puma-Ratmerice-768x576.jpg 768w, https:\/\/www.automakers.cz\/wp-content\/uploads\/2024\/07\/Ford-Puma-Ratmerice-1536x1152.jpg 1536w, https:\/\/www.automakers.cz\/wp-content\/uploads\/2024\/07\/Ford-Puma-Ratmerice.jpg 2040w\" sizes=\"auto, (max-width: 900px) 100vw, 900px\" \/>Pod kapotou Pumy najdeme mild-hybridn\u00ed pohonn\u00e9 jednotky s v\u00fdkonem a\u017e 155 k &#8211; nebo 170 k nejvy\u0161\u0161\u00edho v\u00fdkonu u sportovn\u00edho modelu Puma ST Powershift.<\/p>\n<p><strong>Erich Handl, Ratm\u011b\u0159ice<\/strong><\/p>\n<p><iframe loading=\"lazy\"  id=\"_ytid_34954\"  width=\"640\" height=\"360\"  data-origwidth=\"640\" data-origheight=\"360\" src=\"https:\/\/www.youtube.com\/embed\/25KV1rSm4mM?enablejsapi=1&#038;autoplay=0&#038;cc_load_policy=0&#038;cc_lang_pref=&#038;iv_load_policy=1&#038;loop=0&#038;modestbranding=0&#038;rel=1&#038;fs=1&#038;playsinline=0&#038;autohide=2&#038;theme=dark&#038;color=red&#038;controls=1&#038;\" class=\"__youtube_prefs__  epyt-is-override  no-lazyload\" title=\"YouTube player\"  allow=\"accelerometer; autoplay; clipboard-write; encrypted-media; gyroscope; picture-in-picture\" allowfullscreen data-no-lazy=\"1\" data-skipgform_ajax_framebjll=\"\"><\/iframe><\/p>\n<p>&nbsp;<\/p>\n<p>&nbsp;<\/p>\n","protected":false},"excerpt":{"rendered":"<p>Ford svolal 11. \u010dervence motoristick\u00e9 novin\u00e1\u0159e na prvn\u00ed j\u00edzdy s nov\u00fdmi verzemi model\u016f Kuga a&#8230;<\/p>\n","protected":false},"author":1,"featured_media":5460,"comment_status":"closed","ping_status":"closed","sticky":false,"template":"","format":"standard","meta":{"footnotes":""},"categories":[37,12,69,66],"tags":[],"class_list":["post-5452","post","type-post","status-publish","format-standard","has-post-thumbnail","hentry","category-ceny-novinek","category-premiery","category-suv","category-video"],"_links":{"self":[{"href":"https:\/\/www.automakers.cz\/index.php?rest_route=\/wp\/v2\/posts\/5452","targetHints":{"allow":["GET"]}}],"collection":[{"href":"https:\/\/www.automakers.cz\/index.php?rest_route=\/wp\/v2\/posts"}],"about":[{"href":"https:\/\/www.automakers.cz\/index.php?rest_route=\/wp\/v2\/types\/post"}],"author":[{"embeddable":true,"href":"https:\/\/www.automakers.cz\/index.php?rest_route=\/wp\/v2\/users\/1"}],"replies":[{"embeddable":true,"href":"https:\/\/www.automakers.cz\/index.php?rest_route=%2Fwp%2Fv2%2Fcomments&post=5452"}],"version-history":[{"count":16,"href":"https:\/\/www.automakers.cz\/index.php?rest_route=\/wp\/v2\/posts\/5452\/revisions"}],"predecessor-version":[{"id":5479,"href":"https:\/\/www.automakers.cz\/index.php?rest_route=\/wp\/v2\/posts\/5452\/revisions\/5479"}],"wp:featuredmedia":[{"embeddable":true,"href":"https:\/\/www.automakers.cz\/index.php?rest_route=\/wp\/v2\/media\/5460"}],"wp:attachment":[{"href":"https:\/\/www.automakers.cz\/index.php?rest_route=%2Fwp%2Fv2%2Fmedia&parent=5452"}],"wp:term":[{"taxonomy":"category","embeddable":true,"href":"https:\/\/www.automakers.cz\/index.php?rest_route=%2Fwp%2Fv2%2Fcategories&post=5452"},{"taxonomy":"post_tag","embeddable":true,"href":"https:\/\/www.automakers.cz\/index.php?rest_route=%2Fwp%2Fv2%2Ftags&post=5452"}],"curies":[{"name":"wp","href":"https:\/\/api.w.org\/{rel}","templated":true}]}}