{"id":5481,"date":"2024-07-16T06:27:10","date_gmt":"2024-07-16T06:27:10","guid":{"rendered":"https:\/\/www.automakers.cz\/?p=5481"},"modified":"2024-07-16T06:27:49","modified_gmt":"2024-07-16T06:27:49","slug":"information-security-summit-na-kolech-bmw","status":"publish","type":"post","link":"https:\/\/www.automakers.cz\/?p=5481","title":{"rendered":"Information Security Summit na kolech BMW"},"content":{"rendered":"<p><strong>Jubilejn\u00ed XXV. ro\u010dn\u00edk mezin\u00e1rodn\u00ed konference Information Security Summit IS2, nad n\u00ed\u017e m\u011bl z\u00e1\u0161titu prezident Petr Pavel, se letos konal<\/strong><strong> pod n\u00e1zvem \u201e25 let IS2 \u2013 BEZPE\u010cN\u00c1 a DIGIT\u00c1LN\u00cd SPOLE\u010cNOST\u201c. Hosty vozily po Praze limuz\u00edny BMW \u0159ady 7. <\/strong><!--more--><\/p>\n<p>Konference je jedn\u00edm z nejv\u00fdznamn\u011bj\u0161\u00edch setk\u00e1n\u00ed odborn\u00edk\u016f v oblasti informa\u010dn\u00ed a kybernetick\u00e9 bezpe\u010dnosti. V prostor\u00e1ch auly \u010cesk\u00e9ho vysok\u00e9ho u\u010den\u00ed technick\u00e9ho v Praze \u2013 Betl\u00e9msk\u00e9 kaple \u2013 se v pr\u016fb\u011bhu dvou dn\u00ed na konci kv\u011btna se\u0161lo v\u00edce ne\u017e 230 specialist\u016f v t\u00e9to oblasti.<\/p>\n<p>Mezi v\u00fdznamn\u00e9 p\u0159edn\u00e1\u0161ej\u00edc\u00ed pat\u0159ili nap\u0159\u00edklad Massimo Mercati z Evropsk\u00e9 vesm\u00edrn\u00e9 agentury, Jaak Tarien, emeritn\u00ed \u0159editel Kooperativn\u00edho centra excelence kybernetick\u00e9 obrany NATO, nebo Ond\u0159ej Filip, \u0159editel CZ.NIC a jeden za 14 kl\u00ed\u010dn\u00edk\u016f internetu.<\/p>\n<p>Mezi\u00a0\u0159e\u010dn\u00edky byl tak\u00e9 Manuel H\u00e4ring z\u00a0odd\u011blen\u00ed Special Sales BMW AG, kter\u00e9 m\u00e1 na starosti oblast obrn\u011bn\u00fdch vozidel BMW. Jeho p\u0159edn\u00e1\u0161ka se zam\u011b\u0159ila na nov\u00e9 trendy v\u00a0ot\u00e1zk\u00e1ch ochrann\u00fdch voz\u016f, je\u017e zde byly prezentov\u00e1ny i na p\u0159\u00edkladu nov\u00e9ho BMW \u0159ady\u00a07 Protection. Pr\u00e1v\u011b tento v\u016fz byl v r\u00e1mci konference IS2 v\u016fbec poprv\u00e9 v\u00a0\u010cesk\u00e9 republice k\u00a0vid\u011bn\u00ed.<\/p>\n<p>P\u0159epravu host\u016f mezin\u00e1rodn\u00ed konference zaji\u0161\u0165ovaly vozy BMW \u0159ady 7 v r\u016fzn\u00fdch variant\u00e1ch, v\u010detn\u011b elektrick\u00e9ho BMW i7.<\/p>\n<p><img loading=\"lazy\" decoding=\"async\" class=\"alignnone size-medium wp-image-5483\" src=\"http:\/\/www.automakers.cz\/wp-content\/uploads\/2024\/07\/P90559559_highRes_bmw-at-is2-summit-07-small-2-900x600.jpg\" alt=\"\" width=\"900\" height=\"600\" srcset=\"https:\/\/www.automakers.cz\/wp-content\/uploads\/2024\/07\/P90559559_highRes_bmw-at-is2-summit-07-small-2-900x600.jpg 900w, https:\/\/www.automakers.cz\/wp-content\/uploads\/2024\/07\/P90559559_highRes_bmw-at-is2-summit-07-small-2-1024x683.jpg 1024w, https:\/\/www.automakers.cz\/wp-content\/uploads\/2024\/07\/P90559559_highRes_bmw-at-is2-summit-07-small-2-768x512.jpg 768w, https:\/\/www.automakers.cz\/wp-content\/uploads\/2024\/07\/P90559559_highRes_bmw-at-is2-summit-07-small-2-1536x1024.jpg 1536w, https:\/\/www.automakers.cz\/wp-content\/uploads\/2024\/07\/P90559559_highRes_bmw-at-is2-summit-07-small-2-2048x1366.jpg 2048w\" sizes=\"auto, (max-width: 900px) 100vw, 900px\" \/><\/p>\n","protected":false},"excerpt":{"rendered":"<p>Jubilejn\u00ed XXV. ro\u010dn\u00edk mezin\u00e1rodn\u00ed konference Information Security Summit IS2, nad n\u00ed\u017e m\u011bl z\u00e1\u0161titu prezident Petr&#8230;<\/p>\n","protected":false},"author":2,"featured_media":5482,"comment_status":"closed","ping_status":"closed","sticky":false,"template":"","format":"standard","meta":{"footnotes":""},"categories":[22,29],"tags":[],"class_list":["post-5481","post","type-post","status-publish","format-standard","has-post-thumbnail","hentry","category-konference","category-sponzoring"],"_links":{"self":[{"href":"https:\/\/www.automakers.cz\/index.php?rest_route=\/wp\/v2\/posts\/5481","targetHints":{"allow":["GET"]}}],"collection":[{"href":"https:\/\/www.automakers.cz\/index.php?rest_route=\/wp\/v2\/posts"}],"about":[{"href":"https:\/\/www.automakers.cz\/index.php?rest_route=\/wp\/v2\/types\/post"}],"author":[{"embeddable":true,"href":"https:\/\/www.automakers.cz\/index.php?rest_route=\/wp\/v2\/users\/2"}],"replies":[{"embeddable":true,"href":"https:\/\/www.automakers.cz\/index.php?rest_route=%2Fwp%2Fv2%2Fcomments&post=5481"}],"version-history":[{"count":4,"href":"https:\/\/www.automakers.cz\/index.php?rest_route=\/wp\/v2\/posts\/5481\/revisions"}],"predecessor-version":[{"id":5545,"href":"https:\/\/www.automakers.cz\/index.php?rest_route=\/wp\/v2\/posts\/5481\/revisions\/5545"}],"wp:featuredmedia":[{"embeddable":true,"href":"https:\/\/www.automakers.cz\/index.php?rest_route=\/wp\/v2\/media\/5482"}],"wp:attachment":[{"href":"https:\/\/www.automakers.cz\/index.php?rest_route=%2Fwp%2Fv2%2Fmedia&parent=5481"}],"wp:term":[{"taxonomy":"category","embeddable":true,"href":"https:\/\/www.automakers.cz\/index.php?rest_route=%2Fwp%2Fv2%2Fcategories&post=5481"},{"taxonomy":"post_tag","embeddable":true,"href":"https:\/\/www.automakers.cz\/index.php?rest_route=%2Fwp%2Fv2%2Ftags&post=5481"}],"curies":[{"name":"wp","href":"https:\/\/api.w.org\/{rel}","templated":true}]}}