{"id":5485,"date":"2024-07-14T07:18:26","date_gmt":"2024-07-14T07:18:26","guid":{"rendered":"https:\/\/www.automakers.cz\/?p=5485"},"modified":"2024-07-14T07:18:26","modified_gmt":"2024-07-14T07:18:26","slug":"mares-posilil-toyotu-gazoo-racing-czech","status":"publish","type":"post","link":"https:\/\/www.automakers.cz\/?p=5485","title":{"rendered":"Mare\u0161 pos\u00edlil Toyotu Gazoo Racing Czech"},"content":{"rendered":"<p><strong>T\u00fdm jezdce Filipa Mare\u0161e s vozem GR Yaris Rally2 nov\u011b roz\u0161\u00ed\u0159il zna\u010dku Toyota Gazoo Racing Czech. V \u0161ampion\u00e1tu FIA ERC 2024 a vybran\u00fdch z\u00e1vodech Mistrovstv\u00ed \u010cR p\u016fsob\u00ed od leto\u0161n\u00ed sez\u00f3ny pod z\u00e1\u0161titou plze\u0148sk\u00e9ho dealerstv\u00ed Toyota Dol\u00e1k.<\/strong><!--more--><\/p>\n<p>Premi\u00e9rou pro Filipa Mare\u0161e a Radovana Buchu byla Rallye Ma\u010farsko, je\u017e zah\u00e1jila leto\u0161n\u00ed evropsk\u00fd \u0161ampion\u00e1t. \u010ceskou premi\u00e9ru nov\u00e9ho vozu obstarala Rallye \u0160umava Klatovy. Nadch\u00e1zej\u00edc\u00ed z\u00e1vod Rallye Bohemia v Mlad\u00e9 Boleslavi u\u017e bude dvojice nov\u011b h\u00e1jit v barv\u00e1ch ryze lok\u00e1ln\u00edho t\u00fdmu TGR Czech.<\/p>\n<p>\u201eN\u00e1\u0161 lok\u00e1ln\u00ed t\u00fdm Toyota Gazoo Racing Czech jsme p\u0159edstavili v lo\u0148sk\u00e9m roce a logickou sou\u010d\u00e1st\u00ed jeho dal\u0161\u00edho rozvoje je pr\u00e1v\u011b kategorie Rally2. V\u016fz GR Yaris Rally2 vid\u00edme jako velice siln\u00fd a konkurenceschopn\u00fd a v\u011b\u0159\u00edme, \u017ee Filip Mare\u0161 zam\u00edch\u00e1 po\u0159ad\u00edm z\u00e1vod\u016f a bude skv\u011ble reprezentovat barvy TGR Czech,\u201c \u0159\u00edk\u00e1 Martin Pele\u0161ka, \u0159editel \u010desk\u00e9ho zastoupen\u00ed zna\u010dek Toyota a Lexus.<\/p>\n<p>\u201eZa cel\u00fd n\u00e1\u0161 t\u00fdm m\u00e1m z t\u00e9to zpr\u00e1vy ohromnou radost. Bez p\u0159eh\u00e1n\u011bn\u00ed je to pro n\u00e1s \u010dest a v kr\u00e1tk\u00e9 historii na\u0161eho t\u00fdmu tak\u00e9 velk\u00fd miln\u00edk, kter\u00fd bereme i jako ocen\u011bn\u00ed na\u0161\u00ed dosavadn\u00ed pr\u00e1ce. I p\u0159esto\u017ee je n\u00e1\u0161 projekt s vozem Toyota GR Yaris Rally2 po\u0159\u00e1d sp\u00ed\u0161e na sv\u00e9m za\u010d\u00e1tku, v\u011b\u0159\u00edm, \u017ee se n\u00e1m pod hlavi\u010dkou Toyota Gazoo Racing Czech brzy poda\u0159\u00ed dos\u00e1hnout v\u00fdsledkov\u00fdch \u00fasp\u011bch\u016f. Prvn\u00ed \u0161anci k tomu dostaneme u\u017e tento t\u00fdden na m\u00e9 dom\u00e1c\u00ed Rally Bohemia v Mlad\u00e9 Boleslavi,\u201c dopl\u0148uje Filip Mare\u0161.<\/p>\n<p>Prvn\u00edm \u010dlenem t\u00fdmu TGR Czech se pr\u00e1v\u011b v roce 2023 stal dakarsk\u00fd matador Tom\u00e1\u0161 Ou\u0159edn\u00ed\u010dek spolu s navig\u00e1torem Davidem K\u0159\u00edpalem, kte\u0159\u00ed dokon\u010dili 46. ro\u010dn\u00edk Rallye Dakar v barv\u00e1ch tohoto nov\u00e9ho t\u00fdmu se sv\u00fdm z\u00e1vodn\u00ed speci\u00e1lem Toyota Hilux GR T1+.<\/p>\n<p><img loading=\"lazy\" decoding=\"async\" class=\"alignnone size-medium wp-image-5487\" src=\"http:\/\/www.automakers.cz\/wp-content\/uploads\/2024\/07\/GR_Yaris_Rally_2_TGR_Czech_5-small-3-900x600.jpg\" alt=\"\" width=\"900\" height=\"600\" srcset=\"https:\/\/www.automakers.cz\/wp-content\/uploads\/2024\/07\/GR_Yaris_Rally_2_TGR_Czech_5-small-3-900x600.jpg 900w, https:\/\/www.automakers.cz\/wp-content\/uploads\/2024\/07\/GR_Yaris_Rally_2_TGR_Czech_5-small-3-1024x683.jpg 1024w, https:\/\/www.automakers.cz\/wp-content\/uploads\/2024\/07\/GR_Yaris_Rally_2_TGR_Czech_5-small-3-768x512.jpg 768w, https:\/\/www.automakers.cz\/wp-content\/uploads\/2024\/07\/GR_Yaris_Rally_2_TGR_Czech_5-small-3.jpg 1280w\" sizes=\"auto, (max-width: 900px) 100vw, 900px\" \/><\/p>\n","protected":false},"excerpt":{"rendered":"<p>T\u00fdm jezdce Filipa Mare\u0161e s vozem GR Yaris Rally2 nov\u011b roz\u0161\u00ed\u0159il zna\u010dku Toyota Gazoo Racing&#8230;<\/p>\n","protected":false},"author":2,"featured_media":5486,"comment_status":"closed","ping_status":"closed","sticky":false,"template":"","format":"standard","meta":{"footnotes":""},"categories":[70],"tags":[],"class_list":["post-5485","post","type-post","status-publish","format-standard","has-post-thumbnail","hentry","category-sport"],"_links":{"self":[{"href":"https:\/\/www.automakers.cz\/index.php?rest_route=\/wp\/v2\/posts\/5485","targetHints":{"allow":["GET"]}}],"collection":[{"href":"https:\/\/www.automakers.cz\/index.php?rest_route=\/wp\/v2\/posts"}],"about":[{"href":"https:\/\/www.automakers.cz\/index.php?rest_route=\/wp\/v2\/types\/post"}],"author":[{"embeddable":true,"href":"https:\/\/www.automakers.cz\/index.php?rest_route=\/wp\/v2\/users\/2"}],"replies":[{"embeddable":true,"href":"https:\/\/www.automakers.cz\/index.php?rest_route=%2Fwp%2Fv2%2Fcomments&post=5485"}],"version-history":[{"count":2,"href":"https:\/\/www.automakers.cz\/index.php?rest_route=\/wp\/v2\/posts\/5485\/revisions"}],"predecessor-version":[{"id":5497,"href":"https:\/\/www.automakers.cz\/index.php?rest_route=\/wp\/v2\/posts\/5485\/revisions\/5497"}],"wp:featuredmedia":[{"embeddable":true,"href":"https:\/\/www.automakers.cz\/index.php?rest_route=\/wp\/v2\/media\/5486"}],"wp:attachment":[{"href":"https:\/\/www.automakers.cz\/index.php?rest_route=%2Fwp%2Fv2%2Fmedia&parent=5485"}],"wp:term":[{"taxonomy":"category","embeddable":true,"href":"https:\/\/www.automakers.cz\/index.php?rest_route=%2Fwp%2Fv2%2Fcategories&post=5485"},{"taxonomy":"post_tag","embeddable":true,"href":"https:\/\/www.automakers.cz\/index.php?rest_route=%2Fwp%2Fv2%2Ftags&post=5485"}],"curies":[{"name":"wp","href":"https:\/\/api.w.org\/{rel}","templated":true}]}}