{"id":5502,"date":"2024-07-14T07:39:23","date_gmt":"2024-07-14T07:39:23","guid":{"rendered":"https:\/\/www.automakers.cz\/?p=5502"},"modified":"2024-07-14T20:43:29","modified_gmt":"2024-07-14T20:43:29","slug":"83-vozu-rolls-royce-a-bentley-v-dubci","status":"publish","type":"post","link":"https:\/\/www.automakers.cz\/?p=5502","title":{"rendered":"Slet 83 Rolls\u016f a Bentley\u016f v Dub\u010di"},"content":{"rendered":"<p><strong>V malebn\u00e9m prost\u0159ed\u00ed tvrze Dube\u010d se konalo setk\u00e1n\u00ed voz\u016f Rolls Royce a Bentley v\u0161ech generac\u00ed. Zpest\u0159en\u00edm akce byl p\u0159\u00edjezd Kapit\u00e1na Dema a jeho hudebn\u00ed vystoupen\u00ed. A padl jeden \u010desk\u00fd rekord.<\/strong> <!--more--><\/p>\n<p>V prav\u00e9 poledne pak do\u0161lo na s\u010d\u00edt\u00e1n\u00ed voz\u016f pro z\u00e1pis do knihy rekord\u016f, kter\u00e9 nakonec uk\u00e1zalo na \u010d\u00edslo 83, co\u017e osv\u011bd\u010dil z\u00e1stupce agentury Dobr\u00fd den, vedouc\u00ed knihu \u010desk\u00fdch rekord\u016f.<\/p>\n<p><img loading=\"lazy\" decoding=\"async\" class=\"alignnone size-medium wp-image-5505\" src=\"http:\/\/www.automakers.cz\/wp-content\/uploads\/2024\/07\/Rolls-Dubec-klaun-900x598.jpg\" alt=\"\" width=\"900\" height=\"598\" srcset=\"https:\/\/www.automakers.cz\/wp-content\/uploads\/2024\/07\/Rolls-Dubec-klaun-900x598.jpg 900w, https:\/\/www.automakers.cz\/wp-content\/uploads\/2024\/07\/Rolls-Dubec-klaun-1024x681.jpg 1024w, https:\/\/www.automakers.cz\/wp-content\/uploads\/2024\/07\/Rolls-Dubec-klaun-768x511.jpg 768w, https:\/\/www.automakers.cz\/wp-content\/uploads\/2024\/07\/Rolls-Dubec-klaun-1536x1021.jpg 1536w, https:\/\/www.automakers.cz\/wp-content\/uploads\/2024\/07\/Rolls-Dubec-klaun-2048x1362.jpg 2048w\" sizes=\"auto, (max-width: 900px) 100vw, 900px\" \/>Zaj\u00edmavost\u00ed byla i v\u00fdstava voz\u016f Jaguar, kter\u00fdch bylo v\u00edce ne\u017e 40 a mimo jin\u00e9 byla k\u00a0vid\u011bn\u00ed kompletn\u00ed \u0159ada XJ od nejstar\u0161\u00edch a\u017e po nejnov\u011bj\u0161\u00ed; takto ucelen\u00e1 \u0159ada, vzhledem ke vz\u00e1cnosti n\u011bkter\u00fdch model\u016f, nebyla je\u0161t\u011b nikde k vid\u011bn\u00ed.<\/p>\n<p><strong>Text a foto M. H\u00e1jek<\/strong><\/p>\n<p><img loading=\"lazy\" decoding=\"async\" class=\"alignnone size-medium wp-image-5506\" src=\"http:\/\/www.automakers.cz\/wp-content\/uploads\/2024\/07\/Dubec-Rollsy-900x598.jpg\" alt=\"\" width=\"900\" height=\"598\" srcset=\"https:\/\/www.automakers.cz\/wp-content\/uploads\/2024\/07\/Dubec-Rollsy-900x598.jpg 900w, https:\/\/www.automakers.cz\/wp-content\/uploads\/2024\/07\/Dubec-Rollsy-1024x681.jpg 1024w, https:\/\/www.automakers.cz\/wp-content\/uploads\/2024\/07\/Dubec-Rollsy-768x511.jpg 768w, https:\/\/www.automakers.cz\/wp-content\/uploads\/2024\/07\/Dubec-Rollsy-1536x1021.jpg 1536w, https:\/\/www.automakers.cz\/wp-content\/uploads\/2024\/07\/Dubec-Rollsy-2048x1362.jpg 2048w\" sizes=\"auto, (max-width: 900px) 100vw, 900px\" \/><\/p>\n","protected":false},"excerpt":{"rendered":"<p>V malebn\u00e9m prost\u0159ed\u00ed tvrze Dube\u010d se konalo setk\u00e1n\u00ed voz\u016f Rolls Royce a Bentley v\u0161ech generac\u00ed&#8230;.<\/p>\n","protected":false},"author":1,"featured_media":5504,"comment_status":"closed","ping_status":"closed","sticky":false,"template":"","format":"standard","meta":{"footnotes":""},"categories":[26,8],"tags":[],"class_list":["post-5502","post","type-post","status-publish","format-standard","has-post-thumbnail","hentry","category-eventy","category-vystavy"],"_links":{"self":[{"href":"https:\/\/www.automakers.cz\/index.php?rest_route=\/wp\/v2\/posts\/5502","targetHints":{"allow":["GET"]}}],"collection":[{"href":"https:\/\/www.automakers.cz\/index.php?rest_route=\/wp\/v2\/posts"}],"about":[{"href":"https:\/\/www.automakers.cz\/index.php?rest_route=\/wp\/v2\/types\/post"}],"author":[{"embeddable":true,"href":"https:\/\/www.automakers.cz\/index.php?rest_route=\/wp\/v2\/users\/1"}],"replies":[{"embeddable":true,"href":"https:\/\/www.automakers.cz\/index.php?rest_route=%2Fwp%2Fv2%2Fcomments&post=5502"}],"version-history":[{"count":3,"href":"https:\/\/www.automakers.cz\/index.php?rest_route=\/wp\/v2\/posts\/5502\/revisions"}],"predecessor-version":[{"id":5522,"href":"https:\/\/www.automakers.cz\/index.php?rest_route=\/wp\/v2\/posts\/5502\/revisions\/5522"}],"wp:featuredmedia":[{"embeddable":true,"href":"https:\/\/www.automakers.cz\/index.php?rest_route=\/wp\/v2\/media\/5504"}],"wp:attachment":[{"href":"https:\/\/www.automakers.cz\/index.php?rest_route=%2Fwp%2Fv2%2Fmedia&parent=5502"}],"wp:term":[{"taxonomy":"category","embeddable":true,"href":"https:\/\/www.automakers.cz\/index.php?rest_route=%2Fwp%2Fv2%2Fcategories&post=5502"},{"taxonomy":"post_tag","embeddable":true,"href":"https:\/\/www.automakers.cz\/index.php?rest_route=%2Fwp%2Fv2%2Ftags&post=5502"}],"curies":[{"name":"wp","href":"https:\/\/api.w.org\/{rel}","templated":true}]}}