{"id":554,"date":"2023-11-28T11:43:11","date_gmt":"2023-11-28T11:43:11","guid":{"rendered":"https:\/\/www.automakers.cz\/?p=554"},"modified":"2023-11-28T14:55:04","modified_gmt":"2023-11-28T14:55:04","slug":"skoda-startuje-dalsi-redesign-showroomu","status":"publish","type":"post","link":"https:\/\/www.automakers.cz\/?p=554","title":{"rendered":"\u0160koda startuje dal\u0161\u00ed redesign showroom\u016f"},"content":{"rendered":"<p class=\"c_dT g_fX speakable\" data-dot=\"ogm-article-perex\"><strong>\u0160kodovka dokon\u010dila v roce 2016 redesign sv\u00fdch showroom\u016f v \u010cR a u\u017e je tu dal\u0161\u00ed. Automobilka zah\u00e1jila uveden\u00ed nov\u00e9ho firemn\u00edho designu ve sv\u00fdch dealerstv\u00edch. Postupn\u011b chce prom\u011bnit 4000 showroom\u016f po cel\u00e9m sv\u011bt\u011b.<\/strong><!--more--><\/p>\n<p class=\"c_dT g_fX speakable\" data-dot=\"ogm-article-perex\"><span class=\"c_eb\">Zcela prvn\u00ed autosalony s novou korpor\u00e1tn\u00ed identitou byly otev\u0159eny ve Vietnamu, v Evrop\u011b se prvn\u00ed modernizovan\u00e9 prodejn\u00ed m\u00edsto nach\u00e1z\u00ed v Estonsku.<\/span><\/p>\n<div class=\"g_fY\">\n<div class=\"ogm-main-media__container\" data-dot=\"ogm-main-media\" data-e2e=\"ogm-main-media\">\n<figure class=\"e_bz\" aria-label=\"Galerie Showroom dealera v\u00a0Tallinu je prvn\u00edm dealerstv\u00edm v\u00a0nov\u00e9m designu v\u00a0Evrop\u011b.\" data-dot=\"mol-figure\" data-dot-data=\"{&quot;mediaItemType&quot;:&quot;foto&quot;}\">\n<div class=\"c_aQ e_bA\">\n<div class=\"c_aR\" tabindex=\"0\">\n<div class=\"c_e c_i c_m\"><img decoding=\"async\" class=\"c_o c_j\" src=\"https:\/\/d15-a.sdn.cz\/d_15\/c_img_QR_7\/GdmZC\/skoda-auto-showroom.jpeg?fl=cro,0,100,1920,1080%7Cres,1200,,1%7Cwebp,75\" sizes=\"(min-width: 851px) 700px, 100vw\" srcset=\"\/\/d15-a.sdn.cz\/d_15\/c_img_QR_7\/GdmZC\/skoda-auto-showroom.jpeg?fl=cro,0,100,1920,1080%7Cres,320,,1%7Cwebp,75 320w, \/\/d15-a.sdn.cz\/d_15\/c_img_QR_7\/GdmZC\/skoda-auto-showroom.jpeg?fl=cro,0,100,1920,1080%7Cres,480,,1%7Cwebp,75 480w, \/\/d15-a.sdn.cz\/d_15\/c_img_QR_7\/GdmZC\/skoda-auto-showroom.jpeg?fl=cro,0,100,1920,1080%7Cres,600,,1%7Cwebp,75 600w, \/\/d15-a.sdn.cz\/d_15\/c_img_QR_7\/GdmZC\/skoda-auto-showroom.jpeg?fl=cro,0,100,1920,1080%7Cres,722,,1%7Cwebp,75 722w, \/\/d15-a.sdn.cz\/d_15\/c_img_QR_7\/GdmZC\/skoda-auto-showroom.jpeg?fl=cro,0,100,1920,1080%7Cres,1024,,1%7Cwebp,75 1024w, \/\/d15-a.sdn.cz\/d_15\/c_img_QR_7\/GdmZC\/skoda-auto-showroom.jpeg?fl=cro,0,100,1920,1080%7Cres,1280,,1%7Cwebp,75 1280w, \/\/d15-a.sdn.cz\/d_15\/c_img_QR_7\/GdmZC\/skoda-auto-showroom.jpeg?fl=cro,0,100,1920,1080%7Cres,2560,,1%7Cwebp,75 1920w\" \/><\/div>\n<\/div>\n<p><span class=\"c_aU\" data-dot=\"atm-media-item-image-caption\"><span class=\"c_aS\"><span class=\"c_aT\">Foto: \u0160koda Auto<\/span><\/span><\/span><\/p>\n<\/div><figcaption class=\"e_dY\">\n<p class=\"c_dT\"><span class=\"mol-figure__caption-text\">Showroom dealera v\u00a0Tallinu je prvn\u00edm dealerstv\u00edm v\u00a0nov\u00e9m designu v\u00a0Evrop\u011b.<\/span><\/p>\n<\/figcaption><\/figure>\n<\/div>\n<\/div>\n<div class=\"ogm-container _6231b388c0086990921bf42b\">\n<div class=\"g_f3\" data-e2e=\"ogm-article-layout\">\n<article class=\"g_f5\" role=\"article\" aria-labelledby=\"accessibility-article\">\n<div class=\"g_f4\" data-dot=\"ogm-article-content\">\n<div class=\"e_dN e_dZ\">\n<div class=\"e_dT speakable\" data-dot=\"mol-paragraph\">\n<p class=\"c_dT\"><span class=\"c_eb\">Dal\u0161\u00ed novinkou je v\u016fbec prvn\u00ed takzvan\u00fd \u0160koda City Store, kter\u00fd p\u0159iv\u00edtal z\u00e1kazn\u00edky v B\u011blehrad\u011b v Srbsku v \u0159\u00edjnu. V Kuvajtu pak vznikl showroom s d\u016frazem na digit\u00e1ln\u00ed z\u00e1kaznickou zku\u0161enost.<\/span><\/p>\n<\/div>\n<div class=\"e_dT speakable\" data-dot=\"mol-paragraph\">\n<p class=\"c_dT\"><span class=\"c_eb\">\u201eNach\u00e1z\u00edme se uprost\u0159ed nejz\u00e1sadn\u011bj\u0161\u00ed zm\u011bny v\u00a0korpor\u00e1tn\u00edm designu za posledn\u00edch 30\u00a0let\u00a0\u2013 zah\u00e1jili jsme ji informa\u010dn\u00edmi a\u00a0komunika\u010dn\u00edmi materi\u00e1ly a\u00a0nyn\u00ed pokra\u010dujeme v\u00a0showroomech po cel\u00e9m sv\u011bt\u011b. Autosalony jsou nejd\u016fle\u017eit\u011bj\u0161\u00edmi sty\u010dn\u00fdmi body s\u00a0na\u0161imi z\u00e1kazn\u00edky, proto\u017ee pr\u00e1v\u011b zde mohou lid\u00e9 osobn\u011b poznat zna\u010dku \u0160koda a\u00a0jej\u00ed hodnoty,\u201c uvedl Martin Jahn, \u010dlen p\u0159edstavenstva pro prodej a\u00a0marketing.<\/span><\/p>\n<p><strong>Zdroj: \u0160koda Auto, novinky.cz, archiv<\/strong><\/p>\n<\/div>\n<\/div>\n<\/div>\n<\/article>\n<\/div>\n<\/div>\n","protected":false},"excerpt":{"rendered":"<p>\u0160kodovka dokon\u010dila v roce 2016 redesign sv\u00fdch showroom\u016f v \u010cR a u\u017e je tu dal\u0161\u00ed&#8230;.<\/p>\n","protected":false},"author":1,"featured_media":556,"comment_status":"open","ping_status":"open","sticky":false,"template":"","format":"standard","meta":{"footnotes":""},"categories":[17,13],"tags":[],"class_list":["post-554","post","type-post","status-publish","format-standard","has-post-thumbnail","hentry","category-dealeri","category-design"],"_links":{"self":[{"href":"https:\/\/www.automakers.cz\/index.php?rest_route=\/wp\/v2\/posts\/554","targetHints":{"allow":["GET"]}}],"collection":[{"href":"https:\/\/www.automakers.cz\/index.php?rest_route=\/wp\/v2\/posts"}],"about":[{"href":"https:\/\/www.automakers.cz\/index.php?rest_route=\/wp\/v2\/types\/post"}],"author":[{"embeddable":true,"href":"https:\/\/www.automakers.cz\/index.php?rest_route=\/wp\/v2\/users\/1"}],"replies":[{"embeddable":true,"href":"https:\/\/www.automakers.cz\/index.php?rest_route=%2Fwp%2Fv2%2Fcomments&post=554"}],"version-history":[{"count":5,"href":"https:\/\/www.automakers.cz\/index.php?rest_route=\/wp\/v2\/posts\/554\/revisions"}],"predecessor-version":[{"id":567,"href":"https:\/\/www.automakers.cz\/index.php?rest_route=\/wp\/v2\/posts\/554\/revisions\/567"}],"wp:featuredmedia":[{"embeddable":true,"href":"https:\/\/www.automakers.cz\/index.php?rest_route=\/wp\/v2\/media\/556"}],"wp:attachment":[{"href":"https:\/\/www.automakers.cz\/index.php?rest_route=%2Fwp%2Fv2%2Fmedia&parent=554"}],"wp:term":[{"taxonomy":"category","embeddable":true,"href":"https:\/\/www.automakers.cz\/index.php?rest_route=%2Fwp%2Fv2%2Fcategories&post=554"},{"taxonomy":"post_tag","embeddable":true,"href":"https:\/\/www.automakers.cz\/index.php?rest_route=%2Fwp%2Fv2%2Ftags&post=554"}],"curies":[{"name":"wp","href":"https:\/\/api.w.org\/{rel}","templated":true}]}}