{"id":5549,"date":"2024-07-17T06:46:23","date_gmt":"2024-07-17T06:46:23","guid":{"rendered":"https:\/\/www.automakers.cz\/?p=5549"},"modified":"2024-07-17T06:46:23","modified_gmt":"2024-07-17T06:46:23","slug":"macrona-vozil-14-cervence-renault-rafale","status":"publish","type":"post","link":"https:\/\/www.automakers.cz\/?p=5549","title":{"rendered":"Macrona vozil 14. \u010dervence Renault Rafale"},"content":{"rendered":"<p><strong>Kancel\u00e1\u0159 prezidenta Francie si jako sv\u00e9 ofici\u00e1ln\u00ed vozidlo vybrala nejnov\u011bj\u0161\u00ed model v segmentu D, Renault Rafale. V\u016fz byl navr\u017een\u00fd t\u00fdmy v design\u00e9rsk\u00e9m centru Renault v Guyancourtu v souladu s nov\u00fdm form\u00e1ln\u00edm jazykem, kter\u00fd inicioval \u0161\u00e9fdesign\u00e9r Gilles Vidal.<\/strong><!--more--><\/p>\n<p>Dne 14. \u010dervence 2024 se prezident republiky z\u00fa\u010dastnil tradi\u010dn\u00ed vojensk\u00e9 p\u0159ehl\u00eddky z Elysejsk\u00e9ho pal\u00e1ce na Avenue de Friedland ve vozidle, kter\u00e9 bylo speci\u00e1ln\u011b vybaveno tak, aby spl\u0148ovalo po\u017eadavky prezidentsk\u00e9 funkce.<\/p>\n<p>Technologick\u00fd a vysoce v\u00fdkonn\u00fd Renault Rafale, kter\u00fd dostal Elysejsk\u00fd pal\u00e1c k dispozici, m\u00e1 barvu karoserie &#8222;Nocturnal Blue&#8220;, masku chladi\u010de zdobenou odstup\u0148ovanou vlajkou v barv\u011b trikol\u00f3ry, odn\u00edmateln\u00e9 dr\u017e\u00e1ky na praporky, modr\u00e9, b\u00edl\u00e9 a \u010derven\u00e9 k\u0159\u00eddeln\u00ed znaky na p\u0159edn\u00edch dve\u0159\u00edch a speci\u00e1ln\u00ed 20palcov\u00e1 kola.<\/p>\n<p><img loading=\"lazy\" decoding=\"async\" class=\"alignnone size-medium wp-image-5551\" src=\"http:\/\/www.automakers.cz\/wp-content\/uploads\/2024\/07\/renault-rafale-2-900x600.jpg\" alt=\"\" width=\"900\" height=\"600\" srcset=\"https:\/\/www.automakers.cz\/wp-content\/uploads\/2024\/07\/renault-rafale-2-900x600.jpg 900w, https:\/\/www.automakers.cz\/wp-content\/uploads\/2024\/07\/renault-rafale-2-1024x682.jpg 1024w, https:\/\/www.automakers.cz\/wp-content\/uploads\/2024\/07\/renault-rafale-2-768x512.jpg 768w, https:\/\/www.automakers.cz\/wp-content\/uploads\/2024\/07\/renault-rafale-2-1536x1024.jpg 1536w, https:\/\/www.automakers.cz\/wp-content\/uploads\/2024\/07\/renault-rafale-2.jpg 2000w\" sizes=\"auto, (max-width: 900px) 100vw, 900px\" \/><\/p>\n<p><strong>Rafale znamen\u00e1 n\u00e1vrat Renaultu do prezidentsk\u00e9 gar\u00e1\u017ee<\/strong><\/p>\n<p>Elysejsk\u00fd pal\u00e1c je privilegovan\u00fdm sv\u011bdkem automobilov\u00e9 historie. Ji\u017e v\u00edce ne\u017e sto let pou\u017e\u00edvaj\u00ed prezidenti Francouzsk\u00e9 republiky ke sv\u00fdm cest\u00e1m ofici\u00e1ln\u00ed vozidla. Kl\u00ed\u010dovou roli p\u0159itom hr\u00e1ly vozy Renault.<\/p>\n<p>V roce 1920 prezident republiky poprv\u00e9 pou\u017eil v\u016fz Renault 40 CV, kter\u00fd z\u016fstal v provozu a\u017e do roku 1928. Tento v\u016fz, kter\u00fd pou\u017e\u00edvali Paul Deschanel, Alexandre Millerand a Gaston Doumergue, znamenal za\u010d\u00e1tek prezidentsk\u00e9 motoristick\u00e9 \u00e9ry. V t\u00e9 dob\u011b se jednalo o vzorov\u00fd luxusn\u00ed model zna\u010dky Renault. Od t\u00e9 doby si v\u016fz Renault pro sv\u00e9 ofici\u00e1ln\u00ed cesty vybralo nejm\u00e9n\u011b 12 prezident\u016f republiky. Posledn\u00ed z t\u00e9to dlouh\u00e9 \u0159ady, Renault Espace V, dostal Elysejsk\u00fd pal\u00e1c k dispozici v roce 2016.<\/p>\n<p><img loading=\"lazy\" decoding=\"async\" class=\"alignnone size-medium wp-image-5552\" src=\"http:\/\/www.automakers.cz\/wp-content\/uploads\/2024\/07\/renault-rafale-3-900x600.jpg\" alt=\"\" width=\"900\" height=\"600\" srcset=\"https:\/\/www.automakers.cz\/wp-content\/uploads\/2024\/07\/renault-rafale-3-900x600.jpg 900w, https:\/\/www.automakers.cz\/wp-content\/uploads\/2024\/07\/renault-rafale-3-1024x682.jpg 1024w, https:\/\/www.automakers.cz\/wp-content\/uploads\/2024\/07\/renault-rafale-3-768x512.jpg 768w, https:\/\/www.automakers.cz\/wp-content\/uploads\/2024\/07\/renault-rafale-3-1536x1024.jpg 1536w, https:\/\/www.automakers.cz\/wp-content\/uploads\/2024\/07\/renault-rafale-3.jpg 2000w\" sizes=\"auto, (max-width: 900px) 100vw, 900px\" \/><\/p>\n","protected":false},"excerpt":{"rendered":"<p>Kancel\u00e1\u0159 prezidenta Francie si jako sv\u00e9 ofici\u00e1ln\u00ed vozidlo vybrala nejnov\u011bj\u0161\u00ed model v segmentu D, Renault&#8230;<\/p>\n","protected":false},"author":2,"featured_media":5550,"comment_status":"closed","ping_status":"closed","sticky":false,"template":"","format":"standard","meta":{"footnotes":""},"categories":[13,15,31],"tags":[],"class_list":["post-5549","post","type-post","status-publish","format-standard","has-post-thumbnail","hentry","category-design","category-fleety","category-news"],"_links":{"self":[{"href":"https:\/\/www.automakers.cz\/index.php?rest_route=\/wp\/v2\/posts\/5549","targetHints":{"allow":["GET"]}}],"collection":[{"href":"https:\/\/www.automakers.cz\/index.php?rest_route=\/wp\/v2\/posts"}],"about":[{"href":"https:\/\/www.automakers.cz\/index.php?rest_route=\/wp\/v2\/types\/post"}],"author":[{"embeddable":true,"href":"https:\/\/www.automakers.cz\/index.php?rest_route=\/wp\/v2\/users\/2"}],"replies":[{"embeddable":true,"href":"https:\/\/www.automakers.cz\/index.php?rest_route=%2Fwp%2Fv2%2Fcomments&post=5549"}],"version-history":[{"count":4,"href":"https:\/\/www.automakers.cz\/index.php?rest_route=\/wp\/v2\/posts\/5549\/revisions"}],"predecessor-version":[{"id":5594,"href":"https:\/\/www.automakers.cz\/index.php?rest_route=\/wp\/v2\/posts\/5549\/revisions\/5594"}],"wp:featuredmedia":[{"embeddable":true,"href":"https:\/\/www.automakers.cz\/index.php?rest_route=\/wp\/v2\/media\/5550"}],"wp:attachment":[{"href":"https:\/\/www.automakers.cz\/index.php?rest_route=%2Fwp%2Fv2%2Fmedia&parent=5549"}],"wp:term":[{"taxonomy":"category","embeddable":true,"href":"https:\/\/www.automakers.cz\/index.php?rest_route=%2Fwp%2Fv2%2Fcategories&post=5549"},{"taxonomy":"post_tag","embeddable":true,"href":"https:\/\/www.automakers.cz\/index.php?rest_route=%2Fwp%2Fv2%2Ftags&post=5549"}],"curies":[{"name":"wp","href":"https:\/\/api.w.org\/{rel}","templated":true}]}}