{"id":5582,"date":"2024-07-16T09:03:35","date_gmt":"2024-07-16T09:03:35","guid":{"rendered":"https:\/\/www.automakers.cz\/?p=5582"},"modified":"2024-07-16T09:16:43","modified_gmt":"2024-07-16T09:16:43","slug":"exdesigner-rollsu-cameron-ubodan-k-smrti","status":"publish","type":"post","link":"https:\/\/www.automakers.cz\/?p=5582","title":{"rendered":"Exdesign\u00e9r Rollsu Cameron ubod\u00e1n v Bavorsku"},"content":{"rendered":"<div id=\"space-a\" class=\"col-h\">\n<div class=\"art-full\">\n<div class=\"opener\"><strong>Britsk\u00e9ho automobilov\u00e9ho design\u00e9r Iana Camerona napadl v p\u00e1tek ve\u010der na jeho pozemku v Herrschingu u jezera Ammersee v Horn\u00edm Bavorsku pachatel, kter\u00fd ho zranil tak v\u00e1\u017en\u011b, \u017ee p\u0159ij\u00ed\u017ed\u011bj\u00edc\u00ed l\u00e9ka\u0159 mohl konstatovat pouze smrt.<\/strong><\/div>\n<\/div>\n<\/div>\n<p><!--more--><\/p>\n<div id=\"space-b\" class=\"col-a\">\n<div class=\"art-full\">\n<div data-io-article-url=\"https:\/\/www.idnes.cz\/auto\/zpravodajstvi\/ian-cameron-designer-vrazda-rolls-royce-bmw.A240715_141408_automoto_fdv\" data-article=\"A240715_141408_automoto_fdv\">\n<div id=\"art-text\" class=\"text\">\n<div class=\"bbtext\">\n<p data-debug-redistribute=\"004. \/ 101px \/ 167\">Cameronova man\u017eelka Verena Kloosov\u00e1 se zachr\u00e1nila t\u00edm, \u017ee p\u0159esko\u010dila plot a \u00fato\u010dn\u00edkovi utekla. Poda\u0159ilo se j\u00ed dostat do domu souseda a zavolat policii.<\/p>\n<p data-debug-redistribute=\"004. \/ 101px \/ 167\">Policie p\u00e1tr\u00e1 po mu\u017ei, kter\u00fd \u00fadajn\u011b uprchl z Cameronova domu p\u011b\u0161ky, byl vysok\u00fd 1,80 a\u017e 1,90 metru a m\u011bl na sob\u011b sv\u011btl\u00e9 kalhoty, tmav\u011b modrou mikinu s kapuc\u00ed, \u010derven\u00fd batoh a \u017elutozelen\u00e9 rukavice. Policejn\u00ed pot\u00e1p\u011b\u010di prohled\u00e1vali mimo jin\u00e9 b\u0159eh jezera Ammersee, do p\u00e1tr\u00e1n\u00ed nasadili vrtuln\u00edk \u201eSama policie v sou\u010dasn\u00e9 dob\u011b nechce z taktick\u00fdch d\u016fvod\u016f sd\u011blovat \u017e\u00e1dn\u00e9 dal\u0161\u00ed podrobnosti o pr\u016fb\u011bhu \u010dinu ani p\u0159\u00edpadn\u00fdch vra\u017eedn\u00fdch zbran\u00edch. Ve vy\u0161et\u0159ovac\u00ed skupin\u011b aktu\u00e1ln\u011b pracuje kolem 30 policist\u016f, kte\u0159\u00ed se sna\u017e\u00ed uprchl\u00edka vyp\u00e1trat,\u201c uv\u00e1d\u00ed m\u00e9dia.<\/p>\n<p data-debug-redistribute=\"005. \/ 789px \/ 161\">\u201eVy\u0161et\u0159ovatel\u00e9 prov\u011b\u0159uj\u00ed mo\u017enost, \u017ee se \u00fato\u010dn\u00edk sna\u017eil n\u011bco ukr\u00e1st z Cameronovy sb\u00edrky cenn\u00fdch aut,\u201c p\u00ed\u0161e <a class=\"text-link\" href=\"https:\/\/europe.autonews.com\/automakers\/bmw-shocked-stabbing-ex-rolls-royce-design-chief-ian-cameron\" target=\"_blank\" rel=\"noopener\">Automotive News Europe<\/a>.<\/p>\n<p data-debug-redistribute=\"001. \/ 864px \/ 481\">Tuto teorii podporuje tak\u00e9 informace Daily Mailu, podle kter\u00e9ho byly p\u0159eru\u0161eny nap\u00e1jec\u00ed kabely kamer hl\u00eddaj\u00edc\u00edch gar\u00e1\u017e.<\/p>\n<p><iframe loading=\"lazy\"  id=\"_ytid_31786\"  width=\"640\" height=\"360\"  data-origwidth=\"640\" data-origheight=\"360\" src=\"https:\/\/www.youtube.com\/embed\/yZR5jLiCGHY?enablejsapi=1&#038;autoplay=0&#038;cc_load_policy=0&#038;cc_lang_pref=&#038;iv_load_policy=1&#038;loop=0&#038;modestbranding=0&#038;rel=1&#038;fs=1&#038;playsinline=0&#038;autohide=2&#038;theme=dark&#038;color=red&#038;controls=1&#038;\" class=\"__youtube_prefs__  epyt-is-override  no-lazyload\" title=\"YouTube player\"  allow=\"accelerometer; autoplay; clipboard-write; encrypted-media; gyroscope; picture-in-picture\" allowfullscreen data-no-lazy=\"1\" data-skipgform_ajax_framebjll=\"\"><\/iframe><\/p>\n<p data-debug-redistribute=\"006. \/ 939px \/ 102\">\u201eCameron je odborn\u00edk na veter\u00e1ny a bylo zn\u00e1mo, \u017ee ve sv\u00e9m s\u00eddle za 3 miliony liber uchov\u00e1val \u0159adu vysoce hodnotn\u00fdch artefakt\u016f,\u201c p\u00ed\u0161e The Sun.<\/p>\n<p data-debug-redistribute=\"006. \/ 939px \/ 102\"><img loading=\"lazy\" decoding=\"async\" class=\"alignnone size-medium wp-image-5330\" src=\"http:\/\/www.automakers.cz\/wp-content\/uploads\/2024\/07\/Rolls-Cullinan-palubni-deska-900x600.jpg\" alt=\"\" width=\"900\" height=\"600\" srcset=\"https:\/\/www.automakers.cz\/wp-content\/uploads\/2024\/07\/Rolls-Cullinan-palubni-deska-900x600.jpg 900w, https:\/\/www.automakers.cz\/wp-content\/uploads\/2024\/07\/Rolls-Cullinan-palubni-deska-1024x682.jpg 1024w, https:\/\/www.automakers.cz\/wp-content\/uploads\/2024\/07\/Rolls-Cullinan-palubni-deska-768x512.jpg 768w, https:\/\/www.automakers.cz\/wp-content\/uploads\/2024\/07\/Rolls-Cullinan-palubni-deska-1536x1024.jpg 1536w, https:\/\/www.automakers.cz\/wp-content\/uploads\/2024\/07\/Rolls-Cullinan-palubni-deska.jpg 2000w\" sizes=\"auto, (max-width: 900px) 100vw, 900px\" \/>Byl zodpov\u011bdn\u00fd mimo jin\u00e9 za design prvn\u00edho Rolls-Royce Phantom postaven\u00e9ho pod velen\u00edm BMW a prvn\u00ed novodob\u00e9 generace men\u0161\u00edho modelu Ghostu. Pracoval tak\u00e9 pro zna\u010dku BMW, jeho podpis nese mimo jin\u00e9 slavn\u00fd roadster Z8, pracoval na BMW 3 (E46) nebo Range Roveru.<\/p>\n<p data-debug-redistribute=\"006. \/ 939px \/ 102\"><strong>Start v Royal College of Art<\/strong><\/p>\n<p data-debug-redistribute=\"006. \/ 939px \/ 102\">Kari\u00e9ru za\u010dal absolvent slavn\u00e9 lond\u00fdnsk\u00e9 Royal College of Art v roce 1975 u Pininfariny, po necel\u00fdch \u0161esti letech se p\u0159esunul do Iveca, kde p\u016fsobil v letech 1981 a\u017e 1992. V dubnu toho roku nastoupil do Mnichova k BMW. V b\u0159eznu 1999 p\u0159evzal \u0161\u00e9fdesign\u00e9rskou tu\u017eku Rolls-Roycu.<\/p>\n<p data-debug-redistribute=\"002. \/ 1911px \/ 245\">V roce 2012 Iana Camerona nahradil na pozici \u0161\u00e9fdesign\u00e9ra zna\u010dky Rolls-Royce Giles Taylor. Cameron pot\u00e9 z\u016fstal chv\u00edli aktivn\u00ed jako ambasador zna\u010dky pro BMW Group Classic. A pot\u00e9 zalo\u017eil vlastn\u00ed studio.<\/p>\n<\/div>\n<\/div>\n<\/div>\n<\/div>\n<\/div>\n<p>Zdroj: <a href=\"https:\/\/www.idnes.cz\/auto\/zpravodajstvi\/ian-cameron-designer-vrazda-rolls-royce-bmw.A240715_141408_automoto_fdv\">https:\/\/www.idnes.cz\/auto\/zpravodajstvi\/ian-cameron-designer-vrazda-rolls-royce-bmw.A240715_141408_automoto_fdv<\/a><\/p>\n","protected":false},"excerpt":{"rendered":"<p>Britsk\u00e9ho automobilov\u00e9ho design\u00e9r Iana Camerona napadl v p\u00e1tek ve\u010der na jeho pozemku v Herrschingu u&#8230;<\/p>\n","protected":false},"author":1,"featured_media":5583,"comment_status":"closed","ping_status":"closed","sticky":false,"template":"","format":"standard","meta":{"footnotes":""},"categories":[31,5,66],"tags":[],"class_list":["post-5582","post","type-post","status-publish","format-standard","has-post-thumbnail","hentry","category-news","category-personalie","category-video"],"_links":{"self":[{"href":"https:\/\/www.automakers.cz\/index.php?rest_route=\/wp\/v2\/posts\/5582","targetHints":{"allow":["GET"]}}],"collection":[{"href":"https:\/\/www.automakers.cz\/index.php?rest_route=\/wp\/v2\/posts"}],"about":[{"href":"https:\/\/www.automakers.cz\/index.php?rest_route=\/wp\/v2\/types\/post"}],"author":[{"embeddable":true,"href":"https:\/\/www.automakers.cz\/index.php?rest_route=\/wp\/v2\/users\/1"}],"replies":[{"embeddable":true,"href":"https:\/\/www.automakers.cz\/index.php?rest_route=%2Fwp%2Fv2%2Fcomments&post=5582"}],"version-history":[{"count":3,"href":"https:\/\/www.automakers.cz\/index.php?rest_route=\/wp\/v2\/posts\/5582\/revisions"}],"predecessor-version":[{"id":5587,"href":"https:\/\/www.automakers.cz\/index.php?rest_route=\/wp\/v2\/posts\/5582\/revisions\/5587"}],"wp:featuredmedia":[{"embeddable":true,"href":"https:\/\/www.automakers.cz\/index.php?rest_route=\/wp\/v2\/media\/5583"}],"wp:attachment":[{"href":"https:\/\/www.automakers.cz\/index.php?rest_route=%2Fwp%2Fv2%2Fmedia&parent=5582"}],"wp:term":[{"taxonomy":"category","embeddable":true,"href":"https:\/\/www.automakers.cz\/index.php?rest_route=%2Fwp%2Fv2%2Fcategories&post=5582"},{"taxonomy":"post_tag","embeddable":true,"href":"https:\/\/www.automakers.cz\/index.php?rest_route=%2Fwp%2Fv2%2Ftags&post=5582"}],"curies":[{"name":"wp","href":"https:\/\/api.w.org\/{rel}","templated":true}]}}