{"id":5601,"date":"2024-07-17T08:27:48","date_gmt":"2024-07-17T08:27:48","guid":{"rendered":"https:\/\/www.automakers.cz\/?p=5601"},"modified":"2024-07-17T08:30:20","modified_gmt":"2024-07-17T08:30:20","slug":"decci-startuje-energy-nest-u-melnika","status":"publish","type":"post","link":"https:\/\/www.automakers.cz\/?p=5601","title":{"rendered":"DECCI startuje Energy nest u M\u011bln\u00edka"},"content":{"rendered":"<p><strong>Mana\u017ee\u0159i skupiny Decci sezvali v \u010dervenci novin\u00e1\u0159e do st\u0159edo\u010desk\u00fdch Vra\u0148an na slavnostn\u00ed opening nov\u00e9ho hybridn\u00edho zdroje energie s nejv\u011bt\u0161\u00edm bateriov\u00fdm \u00falo\u017ei\u0161t\u011bm v \u010cech\u00e1ch. Energy nest kombinuje plynov\u00e9 turb\u00edny s bateriemi a chlub\u00ed se celkov\u00fdm v\u00fdkonem 30 MW.<\/strong> <!--more--><\/p>\n<p>Za\u0159\u00edzen\u00ed kombinuje technologie s na m\u00edru vyvinut\u00fdm \u0159\u00eddic\u00edm syst\u00e9mem, prost\u0159ednictv\u00edm kter\u00e9ho dok\u00e1\u017ee stabilizovat p\u0159enosovou soustavu. Zdroj energie dok\u00e1\u017ee flexibiln\u011b reagovat na p\u0159ebytky \u010di nedostatky v s\u00edti, a mimo aktivaci slu\u017eby je v pohotovostn\u00edm re\u017eimu s nulovou emisn\u00ed stopou a bez neefektivn\u00edho vyu\u017e\u00edv\u00e1n\u00ed paliva.<\/p>\n<p><strong><b>Energy nest a m\u011bn\u00edc\u00ed se energetick\u00e9 prost\u0159ed\u00ed <\/b><\/strong><\/p>\n<p>Zm\u011bny v\u00a0energetick\u00e9m mixu, pl\u00e1novan\u00fd odklon od konven\u010dn\u00edch zdroj\u016f energie \u010di rostouc\u00ed pod\u00edl energie z\u00a0obnoviteln\u00fdch zdroj\u016f, budou zdrojem nestability a fluktuace v\u00a0elektriza\u010dn\u00ed s\u00edti. Proto se v\u00a0sou\u010dasnosti hledaj\u00ed nov\u00e9 zdroje slu\u017eeb v\u00fdkonov\u00e9 rovnov\u00e1hy (SVR) zaji\u0161\u0165uj\u00edc\u00ed stabilitu a bezpe\u010dnost elektriza\u010dn\u00ed s\u00edt\u011b. Hybridn\u00ed zdroj, Energy nest, o celkov\u00e9m instalovan\u00e9m v\u00fdkonu 52,4 MW takov\u00fd zdroj p\u0159edstavuje a otev\u00edr\u00e1 celou \u0159adu mo\u017en\u00fdch \u0159e\u0161en\u00ed poskytov\u00e1n\u00ed slu\u017eeb v\u00fdkonov\u00e9 rovnov\u00e1hy.<\/p>\n<p><em><i>\u201eObnoviteln\u00e9 zdroje energie maj\u00ed ji\u017e v roce\u00a02030 st\u00e1t za \u010dtvrtinou produkce elektrick\u00e9 energie. Nicm\u00e9n\u011b se jedn\u00e1 o zdroje, kter\u00e9 nejsou schopny poskytovat slu\u017eby v\u00fdkonov\u00e9 rovnov\u00e1hy. \u00a0Na druhou stranu pl\u00e1nujeme odklon od uheln\u00fdch elektr\u00e1ren, kter\u00e9 stoj\u00ed za produkc\u00ed t\u00e9m\u011b\u0159 60% elektrick\u00e9 energie a zaji\u0161tuj\u00ed stabilitu v\u00a0s\u00edti. Chceme-li i v\u00a0budoucnosti bezpe\u010dnou a stabiln\u00ed elektriza\u010dn\u00ed s\u00ed\u0165, mus\u00edme hledat zdroje nov\u00e9. Energy nest odd\u011bluje v\u00fdrobu elektrick\u00e9 energie od poskytov\u00e1n\u00ed slu\u017eeb v\u00fdkonov\u00e9 rovnov\u00e1hy a p\u0159edstavuje \u0159e\u0161en\u00ed, kter\u00e9 ji\u017e dnes reaguje na budouc\u00ed pot\u0159eby energetiky,\u201c <\/i><\/em>\u0159\u00edk\u00e1 o projektu Darina Merdassi, \u0159editelka skupiny Decci a \u010dlenka p\u0159edstavenstva E.nest Energy a.s. \u00a0a dod\u00e1v\u00e1:<\/p>\n<p>\u201c<em><i>Energy nest poskytne slu\u017eby v\u00fdkonov\u00e9 rovnov\u00e1hy, a to v rozsahu provozu, kter\u00fd dosud poskytoval elektr\u00e1rensk\u00fd blok o v\u00fdkonu 300 MW spaluj\u00edc\u00ed hn\u011bd\u00e9 uhl\u00ed a p\u0159isp\u011bje t\u00edm i k dosa\u017een\u00ed n\u00e1rodn\u00edch c\u00edl\u016f v oblasti klimatu.\u201c <\/i><\/em><\/p>\n<p><img loading=\"lazy\" decoding=\"async\" class=\"alignnone size-medium wp-image-5605\" src=\"http:\/\/www.automakers.cz\/wp-content\/uploads\/2024\/07\/Decci-reditelka-Energy-nest-900x675.jpg\" alt=\"\" width=\"900\" height=\"675\" srcset=\"https:\/\/www.automakers.cz\/wp-content\/uploads\/2024\/07\/Decci-reditelka-Energy-nest-900x675.jpg 900w, https:\/\/www.automakers.cz\/wp-content\/uploads\/2024\/07\/Decci-reditelka-Energy-nest-1024x768.jpg 1024w, https:\/\/www.automakers.cz\/wp-content\/uploads\/2024\/07\/Decci-reditelka-Energy-nest-768x576.jpg 768w, https:\/\/www.automakers.cz\/wp-content\/uploads\/2024\/07\/Decci-reditelka-Energy-nest-1536x1152.jpg 1536w, https:\/\/www.automakers.cz\/wp-content\/uploads\/2024\/07\/Decci-reditelka-Energy-nest.jpg 2040w\" sizes=\"auto, (max-width: 900px) 100vw, 900px\" \/><\/p>\n<p><strong><b>Kombinace energetick\u00fdch \u0159e\u0161en\u00ed <\/b><\/strong><\/p>\n<p>Inovativnost \u0159e\u0161en\u00ed spo\u010d\u00edv\u00e1 v\u00a0kombinaci technologi\u00ed, konkr\u00e9tn\u011b spalovac\u00edch turb\u00edn s\u00a0celkov\u00fdm v\u00fdkonem 32,4 megawatt technicky odvozen\u00fdch od leteck\u00fdch motor\u016f a bateriov\u00fdm \u00falo\u017ei\u0161t\u011bm, kter\u00e9 je s v\u00fdkonem 20 megawatt\u016f a kapacitou 22 megawatt hodin nejv\u011bt\u0161\u00ed v\u00a0\u010cesk\u00e9 republice. Pou\u017eit\u00e9 technologie se v\u00a0kombinaci s\u00a0unik\u00e1tn\u00edm \u0159\u00eddic\u00edm syst\u00e9mem vhodn\u011b dopl\u0148uj\u00ed a umo\u017e\u0148uj\u00ed pln\u011b vyu\u017e\u00edt v\u0161ech jejich vlastnost\u00ed pro poskytov\u00e1n\u00ed podp\u016frn\u00fdch slu\u017eeb ke stabilizaci s\u00edt\u011b. Anal\u00fdzy \u010cEPS ukazuj\u00ed, \u017ee st\u00e1vaj\u00edc\u00ed v\u00fdvoj energetiky m\u016f\u017ee v\u00e9st k dramatick\u00e9mu poklesu regula\u010dn\u00edho v\u00fdkonu pro poskytov\u00e1n\u00ed slu\u017eeb v\u00fdkonov\u00e9 rovnov\u00e1hy.\u00a0Hybridn\u00ed zdroj je v\u00a0sou\u010dasnosti schopen poskytnout jakoukoliv kombinaci slu\u017eeb v\u00fdkonov\u00e9 rovnov\u00e1hy \u2013 zaji\u0161\u0165uj\u00edc\u00edch stabilitu v s\u00edti, jmenovit\u011b z\u00e1lohy pro automatickou regulaci frekvence (FCR), z\u00e1lohy pro regulaci v\u00fdkonov\u00e9 rovnov\u00e1hy s automatickou aktivac\u00ed (aFRR+) nebo z\u00e1lohy pro regulaci v\u00fdkonov\u00e9 rovnov\u00e1hy s manu\u00e1ln\u00ed aktivac\u00ed (mFRR+) a\u017e do celkov\u00e9ho v\u00fdkonu 30 MW. V budoucnu se pl\u00e1nuje roz\u0161\u00ed\u0159en\u00ed slu\u017eeb v\u00fdkonov\u00e9 rovnov\u00e1hy a\u017e na 52,4 MW, a to za vyu\u017eit\u00ed st\u00e1vaj\u00edc\u00edch technologi\u00ed.<\/p>\n<p><strong><b>Modul\u00e1rn\u00ed proveden\u00ed <\/b><\/strong><\/p>\n<p><em><i>\u201eZdroj Energy nest byl navr\u017een tak, aby bylo mo\u017en\u00e9 v\u00a0p\u0159\u00edpad\u011b pot\u0159eby nav\u00fd\u0161it jeho kapacitu \u010di ho jednodu\u0161e roz\u0161\u00ed\u0159it o dal\u0161\u00ed podobn\u00e9 hybridn\u00ed syst\u00e9my. Jedn\u00e1 se o modul\u00e1rn\u00ed a \u0161k\u00e1lovateln\u00e9 \u0159e\u0161en\u00ed, kter\u00e9 d\u00edky kontejnerov\u00e9mu proveden\u00ed zab\u00edr\u00e1 plochu o rozloze 1 ha. Z\u00e1rove\u0148 vykazuje \u0161pi\u010dkov\u00e9 parametry dostupnosti a <\/i><\/em><em><i>spolehlivosti. V\u00a0budoucnosti se po\u010d\u00edt\u00e1 i s\u00a0mo\u017enost\u00ed v\u00fdroby zelen\u00e9ho vod\u00edku,\u201c<\/i><\/em>\u00a0vysv\u011btluje Darina Merdassi dal\u0161\u00ed z\u00a0v\u00fdhod Energy nest.<\/p>\n<p><strong>Bez ve\u0159ejn\u00e9 dotace<\/strong><\/p>\n<p>Za realizac\u00ed stavby hybridn\u00edho zdroje stoj\u00ed spole\u010dnost Siemens, hlavn\u00edmi dodavateli technologi\u00ed jsou britsk\u00e1 spole\u010dnost Centrax Ltd, UK a n\u011bmeck\u00e1 SMA Altenso, GmbH. Na projektu se v\u00fdznamn\u011b pod\u00edlely i \u010desk\u00e9 poradensk\u00e9 firmy Euroenergy, Nano Energies a OSC.<\/p>\n<p>\u010cesk\u00fd institut informatiky, robotiky a kybernetiky, \u010cVUT pro projekt na m\u00edru vyvinul \u0159\u00eddic\u00ed syst\u00e9m.<\/p>\n<p>Skupina Decci z\u00edskala na financov\u00e1n\u00ed projektu klubov\u00fd \u00fav\u011br v hodnot\u011b 750 mili\u00f3n\u016f korun od bankovn\u00edch instituc\u00ed,<strong><b>\u00a0<\/b><\/strong>\u010cesk\u00e9 spo\u0159itelny a Komer\u010dn\u00ed banky. Na projekt nebyla vyu\u017eita \u017e\u00e1dn\u00e1 ve\u0159ejn\u00e1 dotace.<\/p>\n<p><strong>Erich Handl, Vra\u0148any u M\u011bln\u00edka<\/strong><\/p>\n<p><img loading=\"lazy\" decoding=\"async\" class=\"alignnone size-medium wp-image-5604\" src=\"http:\/\/www.automakers.cz\/wp-content\/uploads\/2024\/07\/Energy-Nest-kolaz-900x900.jpg\" alt=\"\" width=\"900\" height=\"900\" srcset=\"https:\/\/www.automakers.cz\/wp-content\/uploads\/2024\/07\/Energy-Nest-kolaz-900x900.jpg 900w, https:\/\/www.automakers.cz\/wp-content\/uploads\/2024\/07\/Energy-Nest-kolaz-1024x1024.jpg 1024w, https:\/\/www.automakers.cz\/wp-content\/uploads\/2024\/07\/Energy-Nest-kolaz-768x768.jpg 768w, https:\/\/www.automakers.cz\/wp-content\/uploads\/2024\/07\/Energy-Nest-kolaz.jpg 1080w\" sizes=\"auto, (max-width: 900px) 100vw, 900px\" \/><\/p>\n","protected":false},"excerpt":{"rendered":"<p>Mana\u017ee\u0159i skupiny Decci sezvali v \u010dervenci novin\u00e1\u0159e do st\u0159edo\u010desk\u00fdch Vra\u0148an na slavnostn\u00ed opening nov\u00e9ho hybridn\u00edho&#8230;<\/p>\n","protected":false},"author":1,"featured_media":5603,"comment_status":"closed","ping_status":"closed","sticky":false,"template":"","format":"standard","meta":{"footnotes":""},"categories":[65,3,20],"tags":[],"class_list":["post-5601","post","type-post","status-publish","format-standard","has-post-thumbnail","hentry","category-baterie","category-investice","category-tiskovky"],"_links":{"self":[{"href":"https:\/\/www.automakers.cz\/index.php?rest_route=\/wp\/v2\/posts\/5601","targetHints":{"allow":["GET"]}}],"collection":[{"href":"https:\/\/www.automakers.cz\/index.php?rest_route=\/wp\/v2\/posts"}],"about":[{"href":"https:\/\/www.automakers.cz\/index.php?rest_route=\/wp\/v2\/types\/post"}],"author":[{"embeddable":true,"href":"https:\/\/www.automakers.cz\/index.php?rest_route=\/wp\/v2\/users\/1"}],"replies":[{"embeddable":true,"href":"https:\/\/www.automakers.cz\/index.php?rest_route=%2Fwp%2Fv2%2Fcomments&post=5601"}],"version-history":[{"count":4,"href":"https:\/\/www.automakers.cz\/index.php?rest_route=\/wp\/v2\/posts\/5601\/revisions"}],"predecessor-version":[{"id":5608,"href":"https:\/\/www.automakers.cz\/index.php?rest_route=\/wp\/v2\/posts\/5601\/revisions\/5608"}],"wp:featuredmedia":[{"embeddable":true,"href":"https:\/\/www.automakers.cz\/index.php?rest_route=\/wp\/v2\/media\/5603"}],"wp:attachment":[{"href":"https:\/\/www.automakers.cz\/index.php?rest_route=%2Fwp%2Fv2%2Fmedia&parent=5601"}],"wp:term":[{"taxonomy":"category","embeddable":true,"href":"https:\/\/www.automakers.cz\/index.php?rest_route=%2Fwp%2Fv2%2Fcategories&post=5601"},{"taxonomy":"post_tag","embeddable":true,"href":"https:\/\/www.automakers.cz\/index.php?rest_route=%2Fwp%2Fv2%2Ftags&post=5601"}],"curies":[{"name":"wp","href":"https:\/\/api.w.org\/{rel}","templated":true}]}}