{"id":5623,"date":"2024-07-18T07:59:24","date_gmt":"2024-07-18T07:59:24","guid":{"rendered":"https:\/\/www.automakers.cz\/?p=5623"},"modified":"2024-07-18T07:59:42","modified_gmt":"2024-07-18T07:59:42","slug":"ds-veze-bronz-z-eco-rally-bohemia","status":"publish","type":"post","link":"https:\/\/www.automakers.cz\/?p=5623","title":{"rendered":"DS veze bronz z Eco Rally Bohemia"},"content":{"rendered":"<p><strong>Dom\u00e1c\u00ed mistrovstv\u00ed v ecoRally pro vozy s alternativn\u00edm pohonem pokra\u010dovalo o v\u00edkendu 12. &#8211; 14. \u010dervence nejdel\u0161\u00edm a nejn\u00e1ro\u010dn\u011bj\u0161\u00edm podnikem v okol\u00ed Liberce a Mlad\u00e9 Boleslavi nazvan\u00fdm Bohemia ECO energy Regularity.<\/strong><!--more--><\/p>\n<p>Zna\u010dka DS vybojovala na trati dlouh\u00e9 bezm\u00e1la 600 kilometr\u016f t\u0159et\u00ed m\u00edsto v hodnocen\u00ed zna\u010dek. A pos\u00e1dka DS e-rally teamu Jan \u0158\u00edha \u2013 Jakub Kowalski skon\u010dila v celkov\u00e9m hodnocen\u00ed na p\u00e1t\u00e9m m\u00edst\u011b.<\/p>\n<p>\u0160estid\u00edln\u00fd seri\u00e1l \u0161ampion\u00e1tu \u010cEZ Mistrovstv\u00ed \u010cR v ecoRally m\u011bl na programu t\u0159et\u00ed podnik sez\u00f3ny, kter\u00fd se jel sou\u010dasn\u011b s Rally Bohemia. P\u0159ihl\u00e1\u0161eno bylo 25 pos\u00e1dek, z toho t\u0159i s vozy DS 3 E-Tense. Na sout\u011b\u017e\u00edc\u00ed \u010dekala velmi n\u00e1ro\u010dn\u00e1 tra\u0165 rozd\u011blen\u00e1 do 14 m\u011b\u0159en\u00fdch test\u016f s d\u00e9lkou 320 kilometr\u016f.<\/p>\n<p>Ambic\u00ed zna\u010dky DS Automobiles, kter\u00e1 vznikla v roce 2014 v Pa\u0159\u00ed\u017ei, je p\u0159ibl\u00ed\u017eit z\u00e1kazn\u00edkovi um\u011bn\u00ed cestov\u00e1n\u00ed ve francouzsk\u00e9m duchu. Zna\u010dka DS Automobiles, kter\u00e1 se op\u00edr\u00e1 o v\u00fdjime\u010dn\u00e9 d\u011bdictv\u00ed zosobn\u011bn\u00e9 modelem DS z roku 1955 a o bohatstv\u00ed francouzsk\u00e9 kultury, nab\u00edz\u00ed glob\u00e1ln\u00ed a rozmanitou \u0159adu tvo\u0159enou vozy DS 3, DS 4, DS 7 a DS 9.<\/p>\n<p><img loading=\"lazy\" decoding=\"async\" class=\"alignnone size-medium wp-image-5625\" src=\"http:\/\/www.automakers.cz\/wp-content\/uploads\/2024\/07\/Vud-DS3-E-Tense-posadky-Riha-Kowalski-v-cili-small-2-900x675.jpg\" alt=\"\" width=\"900\" height=\"675\" srcset=\"https:\/\/www.automakers.cz\/wp-content\/uploads\/2024\/07\/Vud-DS3-E-Tense-posadky-Riha-Kowalski-v-cili-small-2-900x675.jpg 900w, https:\/\/www.automakers.cz\/wp-content\/uploads\/2024\/07\/Vud-DS3-E-Tense-posadky-Riha-Kowalski-v-cili-small-2-1024x768.jpg 1024w, https:\/\/www.automakers.cz\/wp-content\/uploads\/2024\/07\/Vud-DS3-E-Tense-posadky-Riha-Kowalski-v-cili-small-2-768x576.jpg 768w, https:\/\/www.automakers.cz\/wp-content\/uploads\/2024\/07\/Vud-DS3-E-Tense-posadky-Riha-Kowalski-v-cili-small-2-1536x1152.jpg 1536w, https:\/\/www.automakers.cz\/wp-content\/uploads\/2024\/07\/Vud-DS3-E-Tense-posadky-Riha-Kowalski-v-cili-small-2.jpg 1600w\" sizes=\"auto, (max-width: 900px) 100vw, 900px\" \/>DS Automobiles z\u00edskala od sv\u00e9ho zapojen\u00ed do Formule E v roce 2015 \u0159adu rekord\u016f v\u010detn\u011b dvou dvojit\u00fdch titul\u016f v Poh\u00e1ru t\u00fdm\u016f a Poh\u00e1ru jezdc\u016f a stoj\u00ed na \u0161pici elektrifikace, nebo\u0165 nab\u00edz\u00ed v\u0161echny sv\u00e9 modely v elektrifikovan\u00e9 verzi. Nab\u00edz\u00ed jak 100% elektrick\u00e9 vozy, tak samodob\u00edjec\u00ed hybridy a plug-in hybridy s v\u00fdkonem a\u017e 360 kon\u00ed a pohonem v\u0161ech kol. V roce 2024 spole\u010dnost DS Automobiles urychl\u00ed tempo p\u0159echodu na pln\u011b elektrick\u00e1 vozidla p\u0159\u00edchodem nov\u00e9ho modelu s dojezdem v\u00edce ne\u017e 700 km.<\/p>\n<p>Zna\u010dka DS, kter\u00e1 je p\u0159\u00edtomna ve 40 zem\u00edch, vytvo\u0159ila a vyvinula prodejn\u00ed s\u00ed\u0165, kterou tvo\u0159\u00ed po cel\u00e9m sv\u011bt\u011b v\u00edce ne\u017e 450 showroom\u016f DS STORE.<\/p>\n<p><strong>Zdroj: Martina Bedrnov\u00e1, DS<\/strong><\/p>\n<p><img loading=\"lazy\" decoding=\"async\" class=\"alignnone size-medium wp-image-5626\" src=\"http:\/\/www.automakers.cz\/wp-content\/uploads\/2024\/07\/Pohar-pro-znacku-DS-za-treti-misto-v-Bohemia-ECO-Rally-3-small-839x900.jpg\" alt=\"\" width=\"839\" height=\"900\" srcset=\"https:\/\/www.automakers.cz\/wp-content\/uploads\/2024\/07\/Pohar-pro-znacku-DS-za-treti-misto-v-Bohemia-ECO-Rally-3-small-839x900.jpg 839w, https:\/\/www.automakers.cz\/wp-content\/uploads\/2024\/07\/Pohar-pro-znacku-DS-za-treti-misto-v-Bohemia-ECO-Rally-3-small-955x1024.jpg 955w, https:\/\/www.automakers.cz\/wp-content\/uploads\/2024\/07\/Pohar-pro-znacku-DS-za-treti-misto-v-Bohemia-ECO-Rally-3-small-768x824.jpg 768w, https:\/\/www.automakers.cz\/wp-content\/uploads\/2024\/07\/Pohar-pro-znacku-DS-za-treti-misto-v-Bohemia-ECO-Rally-3-small-1432x1536.jpg 1432w, https:\/\/www.automakers.cz\/wp-content\/uploads\/2024\/07\/Pohar-pro-znacku-DS-za-treti-misto-v-Bohemia-ECO-Rally-3-small-1024x1098.jpg 1024w, https:\/\/www.automakers.cz\/wp-content\/uploads\/2024\/07\/Pohar-pro-znacku-DS-za-treti-misto-v-Bohemia-ECO-Rally-3-small.jpg 1536w\" sizes=\"auto, (max-width: 839px) 100vw, 839px\" \/><\/p>\n","protected":false},"excerpt":{"rendered":"<p>Dom\u00e1c\u00ed mistrovstv\u00ed v ecoRally pro vozy s alternativn\u00edm pohonem pokra\u010dovalo o v\u00edkendu 12. &#8211; 14&#8230;.<\/p>\n","protected":false},"author":2,"featured_media":5624,"comment_status":"closed","ping_status":"closed","sticky":false,"template":"","format":"standard","meta":{"footnotes":""},"categories":[19,53],"tags":[],"class_list":["post-5623","post","type-post","status-publish","format-standard","has-post-thumbnail","hentry","category-motorsport","category-vysledky"],"_links":{"self":[{"href":"https:\/\/www.automakers.cz\/index.php?rest_route=\/wp\/v2\/posts\/5623","targetHints":{"allow":["GET"]}}],"collection":[{"href":"https:\/\/www.automakers.cz\/index.php?rest_route=\/wp\/v2\/posts"}],"about":[{"href":"https:\/\/www.automakers.cz\/index.php?rest_route=\/wp\/v2\/types\/post"}],"author":[{"embeddable":true,"href":"https:\/\/www.automakers.cz\/index.php?rest_route=\/wp\/v2\/users\/2"}],"replies":[{"embeddable":true,"href":"https:\/\/www.automakers.cz\/index.php?rest_route=%2Fwp%2Fv2%2Fcomments&post=5623"}],"version-history":[{"count":3,"href":"https:\/\/www.automakers.cz\/index.php?rest_route=\/wp\/v2\/posts\/5623\/revisions"}],"predecessor-version":[{"id":5644,"href":"https:\/\/www.automakers.cz\/index.php?rest_route=\/wp\/v2\/posts\/5623\/revisions\/5644"}],"wp:featuredmedia":[{"embeddable":true,"href":"https:\/\/www.automakers.cz\/index.php?rest_route=\/wp\/v2\/media\/5624"}],"wp:attachment":[{"href":"https:\/\/www.automakers.cz\/index.php?rest_route=%2Fwp%2Fv2%2Fmedia&parent=5623"}],"wp:term":[{"taxonomy":"category","embeddable":true,"href":"https:\/\/www.automakers.cz\/index.php?rest_route=%2Fwp%2Fv2%2Fcategories&post=5623"},{"taxonomy":"post_tag","embeddable":true,"href":"https:\/\/www.automakers.cz\/index.php?rest_route=%2Fwp%2Fv2%2Ftags&post=5623"}],"curies":[{"name":"wp","href":"https:\/\/api.w.org\/{rel}","templated":true}]}}