{"id":5635,"date":"2024-07-18T06:58:59","date_gmt":"2024-07-18T06:58:59","guid":{"rendered":"https:\/\/www.automakers.cz\/?p=5635"},"modified":"2024-07-19T07:09:18","modified_gmt":"2024-07-19T07:09:18","slug":"budou-v-moste-o-vikendu-padat-rekordy","status":"publish","type":"post","link":"https:\/\/www.automakers.cz\/?p=5635","title":{"rendered":"Superbiky m\u00ed\u0159\u00ed na mosteck\u00fd autodrom"},"content":{"rendered":"<p><b>V Most\u011b se o v\u00edkendu(19-21\/07) u\u017e po\u010dtvrt\u00e9 pojede nejv\u011bt\u0161\u00ed motocyklov\u00e1 ud\u00e1lost sez\u00f3ny: Mistrovstv\u00ed sv\u011bta superbik\u016f. N\u00e1v\u0161t\u011bvnost i tra\u0165ov\u00fd rekord se podle organiz\u00e1tor\u016f budou ot\u0159\u00e1sat v z\u00e1kladech. Z\u00e1\u0161titu nad z\u00e1vodn\u00edm v\u00edkendem ofici\u00e1ln\u011b p\u0159evzal prezident Petr Pavel.<\/b><!--more--><\/p>\n<p>P\u0159\u00edmo z anglick\u00e9ho Donington Parku m\u00ed\u0159\u00ed \u0161ampion\u00e1t Mistrovstv\u00ed sv\u011bta superbik\u016f do Mostu. Nejrychlej\u0161\u00ed motorky postaven\u00e9 na z\u00e1klad\u011b s\u00e9riov\u00fdch stroj\u016f pat\u0159\u00ed k nejatraktivn\u011bj\u0161\u00edm motocyklov\u00fdm z\u00e1vod\u016fm, kter\u00e9 u obrazovek pr\u016fm\u011brn\u011b sleduje 70 milion\u016f div\u00e1k\u016f.<\/p>\n<p><b>Loni p\u0159\u00edmo do Mostu dorazilo p\u0159es 50 tis\u00edc n\u00e1v\u0161t\u011bvn\u00edk\u016f<\/b>\u00a0a letos organiz\u00e1to\u0159i v\u011b\u0159\u00ed, \u017ee rekord je\u0161t\u011b p\u0159ekonaj\u00ed.\u00a0<i>\u201eVedle samotn\u00fdch z\u00e1vod\u016f je pro n\u00e1v\u0161t\u011bvn\u00edky p\u0159ipraven\u00fd nejbohat\u0161\u00ed doprovodn\u00fd program v cel\u00e9 \u010dty\u0159let\u00e9 historii WorldSBK na mosteck\u00e9m autodromu,\u201c<\/i>\u00a0\u0159\u00edk\u00e1 Josef Zaj\u00ed\u010dek, p\u0159edseda p\u0159edstavenstva spole\u010dnosti Autodrom Most.<\/p>\n<p><i>\u201eVedle fanou\u0161kovsk\u00fdch aktivit typick\u00fdch pro WorldSBK, jako jsou paddock show, victory lane, autogrami\u00e1dy a dal\u0161\u00ed aktivity zalo\u017een\u00e9 na t\u011bsn\u00e9 interakci s fanou\u0161ky, je to v\u0161e od b\u011bhu na dr\u00e1ze, p\u0159eletu st\u00edha\u010dek a\u017e po aktiva\u010dn\u00ed z\u00f3nu Olympijsk\u00e9ho festivalu a dal\u0161\u00ed,\u201c<\/i>\u00a0vysv\u011btluje Josef Zaj\u00ed\u010dek.<\/p>\n<figure id=\"attachment_97\" aria-describedby=\"caption-attachment-97\" style=\"width: 300px\" class=\"wp-caption alignnone\"><img loading=\"lazy\" decoding=\"async\" class=\"size-medium wp-image-97\" src=\"http:\/\/www.automakers.cz\/wp-content\/uploads\/2023\/11\/Autodrom-Most-Zajicek-TK-Stovicek-300x178.jpg\" alt=\"\" width=\"300\" height=\"178\" srcset=\"https:\/\/www.automakers.cz\/wp-content\/uploads\/2023\/11\/Autodrom-Most-Zajicek-TK-Stovicek-300x178.jpg 300w, https:\/\/www.automakers.cz\/wp-content\/uploads\/2023\/11\/Autodrom-Most-Zajicek-TK-Stovicek-1024x607.jpg 1024w, https:\/\/www.automakers.cz\/wp-content\/uploads\/2023\/11\/Autodrom-Most-Zajicek-TK-Stovicek-768x455.jpg 768w, https:\/\/www.automakers.cz\/wp-content\/uploads\/2023\/11\/Autodrom-Most-Zajicek-TK-Stovicek.jpg 1391w\" sizes=\"auto, (max-width: 300px) 100vw, 300px\" \/><figcaption id=\"caption-attachment-97\" class=\"wp-caption-text\">Majitel Autodromu Josef Zaj\u00ed\u010dek (vpravo)<\/figcaption><\/figure>\n<p><strong><a href=\"https:\/\/autodrom-mostcz.t.mailkit.eu\/PfNybCUA_QH_AWwoKhFlaWRfbHUgmYe_yyhnaWRfc2VuZCDo9bgCBRnAcCDYkt09ZmlkX21zZyDRlghjY2lkZDk1NDdjbG9jZWRhdGExYmdhAWFhZWNsaWNrZgFC8EZtZCCL5Z2VR2RjaGFuZWVtYWlsY2xfYycuRGl2w6Fja8O9IGhhcm1vbm9ncmFtIHMgZG9wcm92b2Ruw71tIHByb2dyYW1lbQWBGGEgnpDE4h0FDPBQZwBkaWRfdABjYWlkZDExMDVhdSczaHR0cHM6Ly93d3cuc3VwZXJiaWtlLW1vc3QuY3ovZ2V0L2ZpbGUucGhwP2lkPTEwMjU1YnRzIOGX4LQG\/8-dNJc_fye5QTiuA31JUGy__aOwb2Lk2i1SOhuEze0Q\/click\" target=\"_blank\" rel=\"noopener\">Div\u00e1ck\u00fd harmonogram s doprovodn\u00fdm programem<\/a><\/strong><\/p>\n<p><b>Rekordy se o\u010dek\u00e1vaj\u00ed i na dr\u00e1ze.<\/b>\u00a0Kr\u00e1lovskou kategorii WorldSBK vede Toprak Razgatlioglu na BMW. Ve Velk\u00e9 Brit\u00e1nii vyhr\u00e1l v\u0161echny t\u0159i z\u00e1vody, ka\u017ed\u00fd s v\u00fdrazn\u00fdm n\u00e1skokem, a stanovil n\u011bkolik nov\u00fdch rekord\u016f na kolo. S dev\u00edti v\u00edt\u011bzstv\u00edmi na kont\u011b v t\u00e9to sez\u00f3n\u011b (z toho sedmi po sob\u011b) tak\u00a0<b>Razgatlioglu zv\u00fd\u0161il sv\u016fj n\u00e1skok v \u0161ampion\u00e1tu jezdc\u016f na 41 bod\u016f<\/b>\u00a0p\u0159ed druh\u00fdm Italem Bulegou na Ducati.\u00a0<i>\u201eJsme spokojen\u00ed, proto\u017ee v Misanu jsme z\u00edskali t\u0159i v\u00edt\u011bzstv\u00ed a zopakovali jsme to i v Doningtonu. Te\u010f douf\u00e1m, \u017ee vyhrajeme tak\u00e9 v Most\u011b, proto\u017ee tamn\u00ed tra\u0165 m\u00e1m r\u00e1d,\u201c<\/i>\u00a0uvedl Toprak. V Most\u011b se o\u010dek\u00e1v\u00e1, \u017ee \u2018El Turco\u2019 za\u00fato\u010d\u00ed i na\u00a0<b>tra\u0165ov\u00fd rekord,<\/b>\u00a0kter\u00fd tureck\u00fd jezdec dr\u017e\u00ed od roku 2022, kdy tehdy je\u0161t\u011b na Yamaze zajel nejrychlej\u0161\u00ed kolo v \u010dase\u00a0<b>1:31,936 min<\/b>. V Most\u011b se v\u017edy da\u0159ilo i dal\u0161\u00edm jezdc\u016fm, a tak je mo\u017en\u00e9, \u017ee pozice fenomen\u00e1ln\u00edho Turka nebude tak jednozna\u010dn\u00e1 jako v Anglii.<\/p>\n<p><img loading=\"lazy\" decoding=\"async\" class=\"alignnone size-medium wp-image-5629\" src=\"http:\/\/www.automakers.cz\/wp-content\/uploads\/2024\/07\/most-1-small-900x599.jpg\" alt=\"\" width=\"900\" height=\"599\" srcset=\"https:\/\/www.automakers.cz\/wp-content\/uploads\/2024\/07\/most-1-small-900x599.jpg 900w, https:\/\/www.automakers.cz\/wp-content\/uploads\/2024\/07\/most-1-small-1024x682.jpg 1024w, https:\/\/www.automakers.cz\/wp-content\/uploads\/2024\/07\/most-1-small-768x512.jpg 768w, https:\/\/www.automakers.cz\/wp-content\/uploads\/2024\/07\/most-1-small-1536x1023.jpg 1536w, https:\/\/www.automakers.cz\/wp-content\/uploads\/2024\/07\/most-1-small-2048x1364.jpg 2048w\" sizes=\"auto, (max-width: 900px) 100vw, 900px\" \/><b>Ve t\u0159\u00edd\u011b WorldSSP<\/b>\u00a0budou \u010de\u0161t\u00ed fanou\u0161ci dr\u017eet palce\u00a0<b>Ondrovi Vostatkovi<\/b>, jeho\u017e v\u00fdkon v Anglii ovlivnil p\u00e1d ve vysok\u00e9 rychlosti.\u00a0<i>\u201ePo Doningtonu se c\u00edt\u00edm lehce zklaman\u00fd, cht\u011bli jsme se u\u017e posunout a zajet body, na kter\u00e9 n\u00e1m sch\u00e1zela jen vte\u0159inov\u00e1 ztr\u00e1ta v c\u00edli. S \u010dasem, kter\u00fd jsem zajel, bych byl loni \u010dtvrt\u00fd. To znamen\u00e1, \u017ee se letos hodn\u011b zkvalitnil st\u0159ed startovn\u00edho pole. Ur\u010dit\u011b v\u00edme, co zlep\u0161ovat, a je dobr\u00e9, \u017ee to jsou v\u011bci, kter\u00e9 m\u016f\u017eeme zlep\u0161it hned. V Most\u011b chci podat 110% v\u00fdkon a prolomit leto\u0161n\u00ed sm\u016flu n\u011bjak\u00fdm p\u011bkn\u00fdm um\u00edst\u011bn\u00edm na bodech, p\u0159\u00edpadn\u011b v TOP10,\u201c<\/i>\u00a0popsal Vostatek, s \u010d\u00edm m\u00ed\u0159\u00ed do Mostu. T\u0159\u00eddu \u0161estistovek dopln\u00ed je\u0161t\u011b dal\u0161\u00ed \u010cech, Filip Feigl, kter\u00fd dostal divokou kartu.<\/p>\n<p><strong><a href=\"https:\/\/autodrom-mostcz.t.mailkit.eu\/PfNybCUA4AHjAWwoKhFlaWRfbHUgmYe_yyhnaWRfc2VuZCDo9bgCBRnAcCDZkt09ZmlkX21zZyDRlghjY2lkZDk1NDdjbG9jZWRhdGExYmdhAWFhZWNsaWNrZgFCyG1kIIvlnZVHZGNoYW5lZW1haWxjbF9jJxpWaWRlbzogWiBwb2hsZWR1IGZhbm91xaFrYQVtMGEgoJDE4h1kaWRfdAAFEvBCZwBjYWlkZDExMDVhdScraHR0cHM6Ly93d3cueW91dHViZS5jb20vd2F0Y2g_dj16WkE5aG1EcExvZ2J0cyDhl-C0Bg\/c1flnorBrVJ0ieF2Z3yZBWNOVgblRkRX8tK49NyYkFw\/click\" target=\"_blank\" rel=\"noopener\">Video: Z pohledu fanou\u0161ka<\/a><\/strong><\/p>\n<p><b>Nap\u00ednav\u00e1 bude i t\u0159\u00edda WorldSSP300.<\/b>\u00a0Lo\u0148sk\u00fd z\u00e1vod rozhodlo pouh\u00fdch 0,169 s, zat\u00edmco v z\u00e1vod\u011b v roce 2021 to bylo je\u0161t\u011b t\u011bsn\u011bj\u0161\u00ed: prvn\u00ed \u010dtve\u0159ici d\u011blilo 0,130 s a trojici na stupn\u00edch v\u00edt\u011bz\u016f 0,032 s. Ve t\u0159\u00edd\u011b budou op\u011bt dva \u010de\u0161t\u00ed z\u00e1stupci. Na divokou kartu pojede Daniel Ture\u010dek a druh\u00fdm \u010cechem ve startovn\u00edm poli bude st\u00e1l\u00fd jezdec t\u00fdmu Accolade Smrz Racing BGR\u00a0<b>Filip Novotn\u00fd, kter\u00fd je v \u0161estn\u00e1cti letech nejmlad\u0161\u00edm jezdcem na gridu.<\/b><\/p>\n<p><b>Petr Svoboda<\/b>, kter\u00fd m\u011bl ve WorldSSP300 vykro\u010deno na titul, se zat\u00edm l\u00e9\u010d\u00ed ze zran\u011bn\u00ed, kter\u00e9 utrp\u011bl v Misanu, a v Most\u011b startovat nebude. Most si ale nenech\u00e1 uj\u00edt aspo\u0148 jako div\u00e1k a zapoj\u00ed se i do fanou\u0161kovsk\u00fdch akc\u00ed, jako je t\u0159eba setk\u00e1n\u00ed s \u010desk\u00fdmi jezdci v kempu Matylda b\u011bhem sobotn\u00edho podve\u010dera.<\/p>\n<p><img loading=\"lazy\" decoding=\"async\" class=\"alignnone size-medium wp-image-5630\" src=\"http:\/\/www.automakers.cz\/wp-content\/uploads\/2024\/07\/most-2-small--900x600.jpg\" alt=\"\" width=\"900\" height=\"600\" srcset=\"https:\/\/www.automakers.cz\/wp-content\/uploads\/2024\/07\/most-2-small--900x600.jpg 900w, https:\/\/www.automakers.cz\/wp-content\/uploads\/2024\/07\/most-2-small--1024x683.jpg 1024w, https:\/\/www.automakers.cz\/wp-content\/uploads\/2024\/07\/most-2-small--768x512.jpg 768w, https:\/\/www.automakers.cz\/wp-content\/uploads\/2024\/07\/most-2-small--1536x1024.jpg 1536w, https:\/\/www.automakers.cz\/wp-content\/uploads\/2024\/07\/most-2-small--2048x1365.jpg 2048w\" sizes=\"auto, (max-width: 900px) 100vw, 900px\" \/><strong><a href=\"https:\/\/autodrom-mostcz.t.mailkit.eu\/PfNybAUAKCoRZWlkX2x1IJmHv8soZ2lkX3NlbmQg6PW4AmVpZF9scCDakt09ZmlkX21zZyDRlghjY2lkZDk1NDdjbG9jZWRhdGExYmdhAWFhZWNsaWNrZmlkX3NtZCCL5Z2VR2RjaGFuZWVtYWlsY2xfYycmVmlkZW86IFdvcmxkU0JLIEN6ZWNoIFJvdW5kIDIwMjMgcmVjYXBlaWRfbGEgopDE4h1kaWRfdABlaWRfbGcAY2FpZGQxMTA1YXUnMWh0dHBzOi8vd3d3LnlvdXR1YmUuY29tL3dhdGNoP3Y9ZXl6cUhSbHRPaDQmdD0xNHNidHMg4ZfgtAY\/PUUs-lWqP85ip4L1yk0loLHwDxUh7fMsFt03Jc0VsJg\/click\" target=\"_blank\" rel=\"noopener\">Video: WorldSBK Czech Round 2023 recap<\/a><\/strong><\/p>\n<p>Vedle z\u00e1vod\u016f a akc\u00ed s jezdci WorldSBK budou m\u00edt fanou\u0161ci p\u0159\u00edle\u017eitost v Most\u011b potkat i dal\u0161\u00ed osobnosti. Jedn\u00edm z nich bude nap\u0159\u00edklad\u00a0<b>Pepa Sr\u0161e\u0148 \u0160iler<\/b>\u00a0&#8211; instruktor, testovac\u00ed jezdec a ambasador \u010desk\u00e9ho kola WorldSBK. V sobotu pak na gridu zazp\u00edv\u00e1 \u010deskou hymnu\u00a0<b>Jan<\/b>\u00a0Smigm\u00e1tor a fanou\u0161ci budou moci potkat i Filipa Sala\u010de, jezdce t\u0159\u00eddy Moto2 \u0161ampion\u00e1tu MotoGP. Z\u00e1\u0161titu nad z\u00e1vodn\u00edm v\u00edkendem p\u0159evzal\u00a0<b>prezident Petr Pavel<\/b>, kter\u00fd si loni nenechal uj\u00edt mosteck\u00e9 superbiky v\u010detn\u011b spr\u0161ky \u0161ampa\u0148sk\u00e9ho pod p\u00f3diem. Letos se do Mostu nedostane, ale s jezdci se setk\u00e1 po v\u00edkendu v Praze.<\/p>\n<p><strong>V\u00edce info na<\/strong>\u00a0<a href=\"https:\/\/autodrom-mostcz.t.mailkit.eu\/PfNybCUAvgHPAWwoKhFlaWRfbHUgmYe_yyhnaWRfc2VuZCDo9bgCBRnwY3Ag25LdPWZpZF9tc2cg0ZYIY2NpZGQ5NTQ3Y2xvY2VkYXRhMWJnYQFhYWVjbGlja2ZpZF9zbWQgi-WdlUdkY2hhbmVlbWFpbGNsX2MnFXd3dy5zdXBlcmJpa2UtbW9zdC5jemUBgRhhIKSQxOIdBXRwZwBkaWRfdABjYWlkZDExMDVhdSccaHR0cDovL3dOQgAgYnRzIOGX4LQG\/4FSvScc4WqnO1yEiwaSe4KcMXCBq9ry3X2oA-pOrtV8\/click\" target=\"_blank\" rel=\"noopener\">www.superbike-most.cz<\/a>.<\/p>\n<p><img loading=\"lazy\" decoding=\"async\" class=\"alignnone size-medium wp-image-5631\" src=\"http:\/\/www.automakers.cz\/wp-content\/uploads\/2024\/07\/most-3small-900x600.jpg\" alt=\"\" width=\"900\" height=\"600\" srcset=\"https:\/\/www.automakers.cz\/wp-content\/uploads\/2024\/07\/most-3small-900x600.jpg 900w, https:\/\/www.automakers.cz\/wp-content\/uploads\/2024\/07\/most-3small-1024x683.jpg 1024w, https:\/\/www.automakers.cz\/wp-content\/uploads\/2024\/07\/most-3small-768x512.jpg 768w, https:\/\/www.automakers.cz\/wp-content\/uploads\/2024\/07\/most-3small-1536x1024.jpg 1536w, https:\/\/www.automakers.cz\/wp-content\/uploads\/2024\/07\/most-3small-2048x1365.jpg 2048w\" sizes=\"auto, (max-width: 900px) 100vw, 900px\" \/><\/p>\n","protected":false},"excerpt":{"rendered":"<p>V Most\u011b se o v\u00edkendu(19-21\/07) u\u017e po\u010dtvrt\u00e9 pojede nejv\u011bt\u0161\u00ed motocyklov\u00e1 ud\u00e1lost sez\u00f3ny: Mistrovstv\u00ed sv\u011bta superbik\u016f&#8230;.<\/p>\n","protected":false},"author":4,"featured_media":5632,"comment_status":"closed","ping_status":"closed","sticky":false,"template":"","format":"standard","meta":{"footnotes":""},"categories":[54,19,66],"tags":[],"class_list":["post-5635","post","type-post","status-publish","format-standard","has-post-thumbnail","hentry","category-motocykly","category-motorsport","category-video"],"_links":{"self":[{"href":"https:\/\/www.automakers.cz\/index.php?rest_route=\/wp\/v2\/posts\/5635","targetHints":{"allow":["GET"]}}],"collection":[{"href":"https:\/\/www.automakers.cz\/index.php?rest_route=\/wp\/v2\/posts"}],"about":[{"href":"https:\/\/www.automakers.cz\/index.php?rest_route=\/wp\/v2\/types\/post"}],"author":[{"embeddable":true,"href":"https:\/\/www.automakers.cz\/index.php?rest_route=\/wp\/v2\/users\/4"}],"replies":[{"embeddable":true,"href":"https:\/\/www.automakers.cz\/index.php?rest_route=%2Fwp%2Fv2%2Fcomments&post=5635"}],"version-history":[{"count":3,"href":"https:\/\/www.automakers.cz\/index.php?rest_route=\/wp\/v2\/posts\/5635\/revisions"}],"predecessor-version":[{"id":5641,"href":"https:\/\/www.automakers.cz\/index.php?rest_route=\/wp\/v2\/posts\/5635\/revisions\/5641"}],"wp:featuredmedia":[{"embeddable":true,"href":"https:\/\/www.automakers.cz\/index.php?rest_route=\/wp\/v2\/media\/5632"}],"wp:attachment":[{"href":"https:\/\/www.automakers.cz\/index.php?rest_route=%2Fwp%2Fv2%2Fmedia&parent=5635"}],"wp:term":[{"taxonomy":"category","embeddable":true,"href":"https:\/\/www.automakers.cz\/index.php?rest_route=%2Fwp%2Fv2%2Fcategories&post=5635"},{"taxonomy":"post_tag","embeddable":true,"href":"https:\/\/www.automakers.cz\/index.php?rest_route=%2Fwp%2Fv2%2Ftags&post=5635"}],"curies":[{"name":"wp","href":"https:\/\/api.w.org\/{rel}","templated":true}]}}