{"id":5649,"date":"2024-07-18T08:47:43","date_gmt":"2024-07-18T08:47:43","guid":{"rendered":"https:\/\/www.automakers.cz\/?p=5649"},"modified":"2024-07-18T09:08:44","modified_gmt":"2024-07-18T09:08:44","slug":"prodeje-renaultu-letos-tahnou-modely-captur-a-clio","status":"publish","type":"post","link":"https:\/\/www.automakers.cz\/?p=5649","title":{"rendered":"Prodeje Renaultu letos t\u00e1hne Captur a Clio"},"content":{"rendered":"<p><strong>Prodejem 4 672 osobn\u00edch a u\u017eitkov\u00fdch voz\u016f se \u010desk\u00fd Renault dok\u00e1zal v pololet\u00ed posunout na 7. p\u0159\u00ed\u010dku dom\u00e1c\u00ed ligy (n\u00e1r\u016fst o 16,7 % ), jako nej\u00fasp\u011b\u0161n\u011bj\u0161\u00ed francouzsk\u00fd v\u00fdrobce. Kter\u00e9 modely letos bodovaly a co je\u0161t\u011b p\u0159ijde k dealer\u016fm? Byznys komentuje \u0161\u00e9f importu zna\u010dky Zden\u011bk Grunt.<\/strong><!--more--><\/p>\n<p>V nab\u00eddce zna\u010dky Renault je aktu\u00e1ln\u011b deset osobn\u00edch model\u016f od mal\u00e9ho modelu Clio a\u017e po dev\u00edtim\u00edstn\u00e9 velkoprostorov\u00e9 typy Trafic v kategorii velk\u00fdch osobn\u00edch MPV.<\/p>\n<p>Z\u00a0 modelov\u00e9ho mixu slav\u00ed nejv\u011bt\u0161\u00ed prodejn\u00ed \u00fasp\u011bchy na \u010desk\u00e9m trhu crossover Captur, kter\u00e9ho se v prvn\u00edm pololet\u00ed prodalo 794 kus\u016f, co\u017e mu vyneslo 5. m\u00edsto v segmentu B SUV s meziro\u010dn\u00edm n\u00e1r\u016fstem prodej\u016f o 55 %. Z\u00e1rove\u0148 t\u00e9m\u011b\u0159 70 % klient\u016f jsou soukrom\u00e9 osoby.<\/p>\n<figure id=\"attachment_5017\" aria-describedby=\"caption-attachment-5017\" style=\"width: 900px\" class=\"wp-caption alignnone\"><img loading=\"lazy\" decoding=\"async\" class=\"size-medium wp-image-5017\" src=\"http:\/\/www.automakers.cz\/wp-content\/uploads\/2024\/06\/Renault-Captur-plovarna-900x675.jpg\" alt=\"\" width=\"900\" height=\"675\" srcset=\"https:\/\/www.automakers.cz\/wp-content\/uploads\/2024\/06\/Renault-Captur-plovarna-900x675.jpg 900w, https:\/\/www.automakers.cz\/wp-content\/uploads\/2024\/06\/Renault-Captur-plovarna-1024x768.jpg 1024w, https:\/\/www.automakers.cz\/wp-content\/uploads\/2024\/06\/Renault-Captur-plovarna-768x576.jpg 768w, https:\/\/www.automakers.cz\/wp-content\/uploads\/2024\/06\/Renault-Captur-plovarna-1536x1152.jpg 1536w, https:\/\/www.automakers.cz\/wp-content\/uploads\/2024\/06\/Renault-Captur-plovarna.jpg 2040w\" sizes=\"auto, (max-width: 900px) 100vw, 900px\" \/><figcaption id=\"caption-attachment-5017\" class=\"wp-caption-text\">Nov\u00fd Captur m\u011bl letos premi\u00e9ru v Ob\u010dansk\u00e9 plov\u00e1rn\u011b<\/figcaption><\/figure>\n<p>Dal\u0161\u00edm \u00fasp\u011b\u0161n\u00fdm modelem je Clio, loni pro\u0161el v\u00fdrazn\u00fdm faceliftem. Udr\u017eel si objemy na obdobn\u00e9 \u00farovni jako loni (673 kus\u016f za prvn\u00ed pololet\u00ed leto\u0161n\u00edho roku vs 643 kus\u016f loni), a to i p\u0159esto, \u017ee segment m\u011bstsk\u00fdch voz\u016f v\u00fdrazn\u011b klesl.<\/p>\n<p>Clio se um\u00edstilo celkov\u011b na 6. m\u00edst\u011b v segmentu m\u011bstsk\u00fdch voz\u016f. Rostouc\u00ed z\u00e1jem je tak\u00e9 o model Austral (meziro\u010dn\u00ed n\u00e1r\u016fst o 72 %).<\/p>\n<p><img loading=\"lazy\" decoding=\"async\" class=\"alignnone size-medium wp-image-5191\" src=\"http:\/\/www.automakers.cz\/wp-content\/uploads\/2024\/07\/Nouveau-Renault-Master-311-900x641.jpg\" alt=\"\" width=\"900\" height=\"641\" \/><strong><b>\u010cesk\u00fd Renault leaderem na trhu LCV<\/b><\/strong><\/p>\n<p>\u010cesk\u00fd trh lehk\u00fdch u\u017eitkov\u00fdch automobil\u016f pro\u017e\u00edv\u00e1 v posledn\u00edch t\u0159ech letech mimo\u0159\u00e1dn\u00fd rozmach. P\u0159itom skute\u010dn\u011b v\u00fdznamnou roli v n\u011bm hraje zna\u010dka Renault, kter\u00e1 u\u017e v\u00edce ne\u017e t\u0159i roky vl\u00e1dne t\u00e9to kategorii.<\/p>\n<p>Sv\u00e9 v\u00edt\u011bzstv\u00ed z let 2021 a\u017e 2023 si zna\u010dka Renault zopakovala i za prvn\u00ed pololet\u00ed leto\u0161n\u00edho roku s rekordn\u00edm v\u00fdsledkem 2 057 prodan\u00fdch voz\u016f a rekordn\u00edm tr\u017en\u00edm pod\u00edlem 16,96 %. Z\u00e1rove\u0148 meziro\u010dn\u011b do\u0161lo k n\u00e1r\u016fstu registrovan\u00fdch vozel o 16,5 %.<\/p>\n<p>Nejprod\u00e1van\u011bj\u0161\u00ed u zna\u010dky Renault je i letos model Master, jeho\u017e prodej dos\u00e1hl 1 253 kus\u016f. Z\u00e1rove\u0148 se jedn\u00e1 o nejprod\u00e1van\u011bj\u0161\u00ed lehk\u00fd u\u017eitkov\u00fd v\u016fz v \u010cesk\u00e9 republice nap\u0159\u00ed\u010d kategoriemi. N\u00e1sleduje Express 228 kus\u016f, d\u00e1le Trafic se 120 vozy a Kangoo Van \/ Kangoo Van E-Tech 100% elektrick\u00fd p\u0159ipsal na konto prodej\u016f 80 kus\u016f.<\/p>\n<p>Model Master je nejprod\u00e1van\u011bj\u0161\u00ed dod\u00e1vkou jak ve sv\u00e9m segmentu tak i na trhu LCV. V oblasti p\u0159estaveb si Renault takt\u00e9\u017e dr\u017e\u00ed prvn\u00ed pozici (bez Iveco).<\/p>\n<p><strong><b>V\u00fdrobn\u00ed \u0159ada E-Tech<\/b><\/strong><\/p>\n<p>Aktivity spole\u010dnosti Renault postupn\u011b, ale d\u016fsledn\u011b sm\u011b\u0159uj\u00ed k \u00fapln\u00e9mu p\u0159echodu na pohony s nulov\u00fdmi emisemi. V sou\u010dasn\u00e9 dob\u011b zahrnuje portfolio zna\u010dky jak 100% elektrick\u00e9, tak hybridn\u00ed vozy. Renault je na t\u0159et\u00edm m\u00edst\u011b v Evrop\u011b na trhu elektrifikovan\u00fdch model\u016f.<\/p>\n<p><img loading=\"lazy\" decoding=\"async\" class=\"alignnone size-medium wp-image-3490\" src=\"http:\/\/www.automakers.cz\/wp-content\/uploads\/2024\/04\/Renault-Scenic-eTech-900x557.jpg\" alt=\"\" width=\"900\" height=\"557\" \/>Scenic E-Tech elektrick\u00fd, evropsk\u00e9 auto roku 2024, je v t\u011bchto t\u00fddnech uv\u00e1d\u011bn na n\u00e1\u0161 trh. Z\u00e1rove\u0148 jsou dod\u00e1v\u00e1na prvn\u00ed klientsk\u00e1 vozidla. O tento v\u016fz je rostouc\u00ed z\u00e1jem i v r\u00e1mci nov\u00e9ho n\u00e1rodn\u00edho dota\u010dn\u00edho programu.<\/p>\n<p><iframe loading=\"lazy\"  id=\"_ytid_16628\"  width=\"640\" height=\"360\"  data-origwidth=\"640\" data-origheight=\"360\" src=\"https:\/\/www.youtube.com\/embed\/ST9y-9d-N8k?enablejsapi=1&#038;autoplay=0&#038;cc_load_policy=0&#038;cc_lang_pref=&#038;iv_load_policy=1&#038;loop=0&#038;modestbranding=0&#038;rel=1&#038;fs=1&#038;playsinline=0&#038;autohide=2&#038;theme=dark&#038;color=red&#038;controls=1&#038;\" class=\"__youtube_prefs__  epyt-is-override  no-lazyload\" title=\"YouTube player\"  allow=\"accelerometer; autoplay; clipboard-write; encrypted-media; gyroscope; picture-in-picture\" allowfullscreen data-no-lazy=\"1\" data-skipgform_ajax_framebjll=\"\"><\/iframe><\/p>\n<p><strong>Na stran\u011b voz\u016f s hybridn\u00edm pohonem je situace n\u00e1sleduj\u00edc\u00ed:<\/strong><\/p>\n<p>&#8211; U modelu nov\u00fd Captur se za\u010d\u00edn\u00e1 prosazovat elektrifikovan\u00fd pohon E-Tech full hybrid. Pod\u00edl motorizace \u010din\u00ed v prvn\u00edch t\u00fddnech uveden\u00ed tohoto modelu necel\u00fdch 20 %.<\/p>\n<p>&#8211; Model Arkana vykazuje stabiln\u011b vysok\u00fd pod\u00edl \u00a061, 6% full hybridn\u00ed motorizace.<\/p>\n<p>&#8211; U modelu Austral dosahuje pod\u00edl full hybridn\u00ed motorizace dv\u011b p\u011btiny registrovan\u00fdch vozidel v uplynul\u00e9m obdob\u00ed.<\/p>\n<p>&#8211; Model Espace, kter\u00fd je nab\u00edzen ve sto procentech ve fulll hybridn\u00ed motorizaci a to v 5 nebo 7 m\u00edstn\u00e9 variant\u011b. Za uplynul\u00e9 obdob\u00ed byl pod\u00edl 7 m\u00edstn\u00e9 varianty 58,8 %.<\/p>\n<p>Renault \u0161k\u00e1lu elektrick\u00fdch a hybridn\u00edch vozidel. V\u010detn\u011b pln\u011b elektrick\u00e9ho modelu Megane E-Tech 100% elektrick\u00fd, Kangoo E-Tech 100% elektrick\u00fd a Scenic E-Tech elektrick\u00fd a tak\u00e9 hybridn\u00edch voz\u016f: Clio E-Tech full hybrid, Captur E-Tech full hybrid, Arkana E-Tech full hybrid, Austral E-Tech full hybrid, Espace E-Tech full hybrid.<\/p>\n<p><strong><b>Novinky na \u010desk\u00e9m trhu do konce leto\u0161n\u00edho roku<\/b><\/strong><\/p>\n<p>Leto\u0161n\u00ed rok je pro Renault historick\u00fdm rokem, pokud jde o mno\u017estv\u00ed uveden\u00ed nov\u00fdch model\u016f.<\/p>\n<p>Elektrick\u00fd Scenic E-Tech, kter\u00fd z\u00edskal ocen\u011bn\u00ed CAR OF THE YEAR 2024, byl p\u0159edstaven na na ja\u0159e leto\u0161n\u00edho roku. M\u011bstsk\u00fd crossover Captur je ve\u0159ejnosti p\u0159edstaven v t\u011bchto dnech.<\/p>\n<p>Nov\u00fd p\u0159\u00edr\u016fstek do rodiny a reprezentant nejvy\u0161\u0161\u00edho segmentu, model Rafale E-Tech hybrid se p\u0159edstav\u00ed v l\u00e9t\u011b, a pot\u00e9, \u00a0s novou motorizac\u00ed E-Tech 4&#215;4 300 k do konce roku. Tento model odkazuje na \u00fasp\u011b\u0161nou historii zna\u010dky Renault v leteck\u00e9m pr\u016fmyslu ve 30. letech minul\u00e9ho stolet\u00ed.<\/p>\n<figure id=\"attachment_4946\" aria-describedby=\"caption-attachment-4946\" style=\"width: 900px\" class=\"wp-caption alignnone\"><img loading=\"lazy\" decoding=\"async\" class=\"size-medium wp-image-4946\" src=\"http:\/\/www.automakers.cz\/wp-content\/uploads\/2024\/06\/Renault-Symbioz-4-small-900x600.jpg\" alt=\"\" width=\"900\" height=\"600\" srcset=\"https:\/\/www.automakers.cz\/wp-content\/uploads\/2024\/06\/Renault-Symbioz-4-small-900x600.jpg 900w, https:\/\/www.automakers.cz\/wp-content\/uploads\/2024\/06\/Renault-Symbioz-4-small-1024x683.jpg 1024w, https:\/\/www.automakers.cz\/wp-content\/uploads\/2024\/06\/Renault-Symbioz-4-small-768x512.jpg 768w, https:\/\/www.automakers.cz\/wp-content\/uploads\/2024\/06\/Renault-Symbioz-4-small-1536x1024.jpg 1536w, https:\/\/www.automakers.cz\/wp-content\/uploads\/2024\/06\/Renault-Symbioz-4-small-2048x1365.jpg 2048w\" sizes=\"auto, (max-width: 900px) 100vw, 900px\" \/><figcaption id=\"caption-attachment-4946\" class=\"wp-caption-text\">Renault Symbioz<\/figcaption><\/figure>\n<p><strong>Renault o\u010dek\u00e1v\u00e1 dal\u0161\u00ed novinky, kter\u00e9 uvede je\u0161t\u011b do konce leto\u0161n\u00edho roku:<\/strong><\/p>\n<ul>\n<li>Megane GrandCoupe, z\u00e1kazn\u00edky vysoce oce\u0148ovan\u00fd model m\u00ed\u0159\u00ed znovu na \u010desk\u00fd trh, aby podpo\u0159il nab\u00eddku zna\u010dky Renault v\u00a0segmentu C a pos\u00edlil tak jej\u00ed postaven\u00ed na trhu<\/li>\n<li>Nov\u00fd crossover v\u00a0segmentu C s\u00a0n\u00e1zvem Symbioz se na \u010desk\u00e9m trhu p\u0159edstav\u00ed na podzim leto\u0161n\u00edho roku. Na za\u010d\u00e1tku bude Symbioz k dispozici s pohonem E-Tech full hybrid, kter\u00fd bude v roce 2025 dopln\u011bn dal\u0161\u00edmi motorizacemi.<\/li>\n<li>Ke konci roku budou otev\u0159eny objedn\u00e1vky na o\u010dek\u00e1vanou ikonu \u2013 model R5<\/li>\n<\/ul>\n<p>Z\u00e1sadn\u00ed ud\u00e1lost\u00ed roku v\u00a0segmentu <strong><b>u\u017eitkov\u00fdch voz\u016f<\/b><\/strong> bude uveden\u00ed nov\u00e9 modelov\u00e9 generace modelu Master. Z\u00e1kazn\u00edci v\u00a0\u010cR si budou moci objednat tuto novou generaci popul\u00e1rn\u00ed dod\u00e1vky b\u011bhem l\u00e9ta. \u00a0Dal\u0161\u00ed novinkou, jen\u017e p\u0159ijde v\u00a0tomto roce, je p\u0159echod model\u016f Kangoo a Trafic do nov\u00e9 identity po vzoru osobn\u00edch voz\u016f. Konkr\u00e9tn\u011b u modelu Kangoo Van se pak nab\u00eddka roz\u0161\u00ed\u0159\u00ed i o novou verzi \u201edvoukabina\u201c (v proveden\u00ed a\u017e pro 5 osob) na prodlou\u017een\u00e9 verzi L2.<\/p>\n<p><strong><b>Koment\u00e1\u0159 \u0161\u00e9fa importu:<br \/>\n<\/b><\/strong><\/p>\n<p><strong><b>\u00a0<\/b><\/strong><em><i>\u00ab S v\u00fdsledky leto\u0161n\u00edho prvn\u00edho pololet\u00ed jsme spokojeni proto\u017ee se n\u00e1m poda\u0159ilo s p\u0159ehledem obh\u00e1jit prvn\u00ed m\u00edsti v prodej\u00edch lehk\u00fdch u\u017eitkov\u00fdch voz\u016f a sou\u010dasn\u011b se n\u00e1m poda\u0159ilo nav\u00fd\u0161it v\u00fdznamn\u011b na\u0161e prodeje model\u016f osobn\u00edch. <\/i><\/em><em><i>T\u00edm ale ofenziva nekon\u010d\u00ed ale pr\u00e1v\u011b naopak . Leto\u0161n\u00ed rok je pro zna\u010dku Renault velice v\u00fdznamn\u00fd, proto\u017ee b\u011bhem velice kr\u00e1tk\u00e9ho obdob\u00ed z\u00e1sadn\u00edm zp\u016fsobem roz\u0161i\u0159ujeme a modernizujeme modelovou \u0159adu. A to pokud se jedn\u00e1 o osobn\u00ed i u\u017eitkov\u00e9 vozy.<\/i><\/em><\/p>\n<p><img loading=\"lazy\" decoding=\"async\" class=\"alignnone size-medium wp-image-5188\" src=\"http:\/\/www.automakers.cz\/wp-content\/uploads\/2024\/07\/Renault-Master-TK-Grunt-Motalik-900x675.jpg\" alt=\"\" width=\"900\" height=\"675\" srcset=\"https:\/\/www.automakers.cz\/wp-content\/uploads\/2024\/07\/Renault-Master-TK-Grunt-Motalik-900x675.jpg 900w, https:\/\/www.automakers.cz\/wp-content\/uploads\/2024\/07\/Renault-Master-TK-Grunt-Motalik-1024x768.jpg 1024w, https:\/\/www.automakers.cz\/wp-content\/uploads\/2024\/07\/Renault-Master-TK-Grunt-Motalik-768x576.jpg 768w, https:\/\/www.automakers.cz\/wp-content\/uploads\/2024\/07\/Renault-Master-TK-Grunt-Motalik-1536x1152.jpg 1536w, https:\/\/www.automakers.cz\/wp-content\/uploads\/2024\/07\/Renault-Master-TK-Grunt-Motalik.jpg 2040w\" sizes=\"auto, (max-width: 900px) 100vw, 900px\" \/><em><i>Pokud jde o osobn\u00ed vozy p\u0159edstavili jsme letos nov\u00e9 Kangoo v\u00a0osobn\u00ed verzi a to i v\u00a0prodlou\u017een\u00e9 verzi, kter\u00e9 je ide\u00e1ln\u00ed pro podnik\u00e1n\u00ed i rodinn\u00e9 vyu\u017eit\u00ed, na ja\u0159e jsme p\u0159edstavili jsme zcela nov\u00fd Renault Sc\u00e9nic, kter\u00fd z\u00edskal titul evropsk\u00e9ho auta roku 2014 , p\u0159ed n\u011bkolika dny pak nov\u00fd Captur- zcela p\u0159epracovan\u00fd model, kter\u00fd nab\u00edz\u00ed nov\u00e9 technologie a nov\u011b nab\u00edz\u00edme Clio s automatickou p\u0159evodovkou. V\u00a0nejbli\u017e\u0161\u00edch dnech pak p\u0159edstav\u00edme zcela nov\u00fd model Rafale, kter\u00fdm se vrac\u00edme do segmentu D s\u00a0nab\u00eddkou sportovn\u00edho Crossoweru s\u00a0pohonem dosahuj\u00edc\u00edm v\u00fdkon a\u017e 300 k a mo\u017enost\u00ed pohonu 4&#215;4. Pro rodiny a podnikatele d\u00e1le v\u00a0z\u00e1\u0159\u00ed p\u0159edstav\u00edme dal\u0161\u00ed absolutn\u00ed novinku \u2013 nov\u00fd model Renault Symbioz. \u00a0V\u00a0z\u00e1v\u011bru roku nebo na po\u010d\u00e1tku roku p\u0159\u00ed\u0161t\u00edho n\u00e1s pak \u010dek\u00e1 uveden\u00ed modelu Renault 5 \u2013 nov\u00e9ho elektrick\u00e9ho vozu, kter\u00fd p\u0159\u00edmo velice zda\u0159il\u00fdm zp\u016fsobem vych\u00e1z\u00ed z\u00a0ikonick\u00e9ho modelu zna\u010dky.<\/i><\/em><\/p>\n<p><em><i>Pokud jde o vozy u\u017eitkov\u00e9 i zde jsme tento rok ve znamen\u00ed roz\u0161\u00ed\u0159en\u00ed modelov\u00e9 nab\u00eddky a p\u0159\u00edchodu nov\u00fdch model\u016f. Po\u010d\u00e1tkem roku jsme roz\u0161\u00ed\u0159ili nab\u00eddku mal\u00fdch dod\u00e1vek\u00a0 modelem Kangoo v prodlou\u017een\u00e9 verzi a doslova p\u0159ed p\u00e1r dny jsme novin\u00e1\u0159\u016fm p\u0159edstavili zcela nov\u00fd model na\u0161eho bestselleru \u2013 modelu Renault Master a to zat\u00edm ve verzi furgon. Ostatn\u00ed verze budou uvedeny postupn\u011b a soub\u011b\u017en\u011b uvedeme kompletn\u00ed nab\u00eddku p\u0159estaveb centr\u00e1ln\u00edch ( p\u0159\u00edmo z v\u00fdroby ) tak lok\u00e1ln\u00edch, kter\u00e9 p\u0159ipravujeme s na\u0161imi p\u0159edn\u00edmi p\u0159estavci \u00bb, uvedl Zden\u011bk Grunt, gener\u00e1ln\u00ed \u0159editel Renault \u010cesk\u00e1 republika.<\/i><\/em><\/p>\n<p><strong>Zdroj: Renault \u010cR, Video z akce Captur: Lud\u011bk Kortus<br \/>\n<\/strong><\/p>\n<figure id=\"attachment_5435\" aria-describedby=\"caption-attachment-5435\" style=\"width: 900px\" class=\"wp-caption alignnone\"><img loading=\"lazy\" decoding=\"async\" class=\"size-medium wp-image-5435\" src=\"http:\/\/www.automakers.cz\/wp-content\/uploads\/2024\/07\/Renault-Rafale-akrobat-900x600.jpg\" alt=\"\" width=\"900\" height=\"600\" srcset=\"https:\/\/www.automakers.cz\/wp-content\/uploads\/2024\/07\/Renault-Rafale-akrobat-900x600.jpg 900w, https:\/\/www.automakers.cz\/wp-content\/uploads\/2024\/07\/Renault-Rafale-akrobat-1024x683.jpg 1024w, https:\/\/www.automakers.cz\/wp-content\/uploads\/2024\/07\/Renault-Rafale-akrobat-768x512.jpg 768w, https:\/\/www.automakers.cz\/wp-content\/uploads\/2024\/07\/Renault-Rafale-akrobat-1536x1024.jpg 1536w, https:\/\/www.automakers.cz\/wp-content\/uploads\/2024\/07\/Renault-Rafale-akrobat.jpg 2048w\" sizes=\"auto, (max-width: 900px) 100vw, 900px\" \/><figcaption id=\"caption-attachment-5435\" class=\"wp-caption-text\">Zat\u00edm posledn\u00ed premi\u00e9rou byla prezentace Renaultu Rafale<\/figcaption><\/figure>\n","protected":false},"excerpt":{"rendered":"<p>Prodejem 4 672 osobn\u00edch a u\u017eitkov\u00fdch voz\u016f se \u010desk\u00fd Renault dok\u00e1zal v pololet\u00ed posunout na&#8230;<\/p>\n","protected":false},"author":1,"featured_media":5428,"comment_status":"closed","ping_status":"closed","sticky":false,"template":"","format":"standard","meta":{"footnotes":""},"categories":[11,14,66],"tags":[],"class_list":["post-5649","post","type-post","status-publish","format-standard","has-post-thumbnail","hentry","category-importeri","category-komentar","category-video"],"_links":{"self":[{"href":"https:\/\/www.automakers.cz\/index.php?rest_route=\/wp\/v2\/posts\/5649","targetHints":{"allow":["GET"]}}],"collection":[{"href":"https:\/\/www.automakers.cz\/index.php?rest_route=\/wp\/v2\/posts"}],"about":[{"href":"https:\/\/www.automakers.cz\/index.php?rest_route=\/wp\/v2\/types\/post"}],"author":[{"embeddable":true,"href":"https:\/\/www.automakers.cz\/index.php?rest_route=\/wp\/v2\/users\/1"}],"replies":[{"embeddable":true,"href":"https:\/\/www.automakers.cz\/index.php?rest_route=%2Fwp%2Fv2%2Fcomments&post=5649"}],"version-history":[{"count":17,"href":"https:\/\/www.automakers.cz\/index.php?rest_route=\/wp\/v2\/posts\/5649\/revisions"}],"predecessor-version":[{"id":5666,"href":"https:\/\/www.automakers.cz\/index.php?rest_route=\/wp\/v2\/posts\/5649\/revisions\/5666"}],"wp:featuredmedia":[{"embeddable":true,"href":"https:\/\/www.automakers.cz\/index.php?rest_route=\/wp\/v2\/media\/5428"}],"wp:attachment":[{"href":"https:\/\/www.automakers.cz\/index.php?rest_route=%2Fwp%2Fv2%2Fmedia&parent=5649"}],"wp:term":[{"taxonomy":"category","embeddable":true,"href":"https:\/\/www.automakers.cz\/index.php?rest_route=%2Fwp%2Fv2%2Fcategories&post=5649"},{"taxonomy":"post_tag","embeddable":true,"href":"https:\/\/www.automakers.cz\/index.php?rest_route=%2Fwp%2Fv2%2Ftags&post=5649"}],"curies":[{"name":"wp","href":"https:\/\/api.w.org\/{rel}","templated":true}]}}