{"id":5687,"date":"2024-07-19T08:19:59","date_gmt":"2024-07-19T08:19:59","guid":{"rendered":"https:\/\/www.automakers.cz\/?p=5687"},"modified":"2024-07-19T08:19:59","modified_gmt":"2024-07-19T08:19:59","slug":"porsche-cr-startuje-recyklacni-kampan","status":"publish","type":"post","link":"https:\/\/www.automakers.cz\/?p=5687","title":{"rendered":"Porsche \u010cR startuje recykla\u010dn\u00ed kampa\u0148"},"content":{"rendered":"<p><strong>Porsche \u010cesk\u00e1 republika spustila novou kampa\u0148, kter\u00e1 p\u0159ipom\u00edn\u00e1 \u0161irok\u00e9 motoristick\u00e9 ve\u0159ejnosti p\u0159\u00ednosy recyklace a spr\u00e1vn\u00fd postup p\u0159i likvidaci v\u00fdrobk\u016f s ukon\u010denou \u017eivotnost\u00ed. <\/strong><!--more--><\/p>\n<p>N\u011bkter\u00e9 automobilov\u00e9 komponenty lze po renovaci znovu pou\u017e\u00edt, v ostatn\u00edch p\u0159\u00edpadech p\u0159ich\u00e1z\u00ed na \u0159adu v\u011bt\u0161inou recyklace, kter\u00e1 z\u00edsk\u00e1 cenn\u00e9 suroviny pro v\u00fdrobu nov\u00fdch produkt\u016f, nebo energetick\u00e9 vyu\u017eit\u00ed jinak nezpracovateln\u00fdch materi\u00e1l\u016f.<\/p>\n<p>\u201eOdpad je v sou\u010dasn\u00e9 dob\u011b st\u00e1le cenn\u011bj\u0161\u00ed komoditou. Proto se v na\u0161\u00ed nov\u00e9 kampani zam\u011b\u0159ujeme na nakl\u00e1d\u00e1n\u00ed s automobilov\u00fdm odpadem: od star\u00fdch bateri\u00ed p\u0159es pou\u017eit\u00e9 pneumatiky a\u017e po vy\u0159azen\u00e9 automobily, kter\u00e9 i dnes nez\u0159\u00eddka kon\u010d\u00ed na s\u00eddli\u0161t\u00edch, v lese nebo p\u0159\u00edkop\u011b,\u201c \u0159\u00edk\u00e1 Jan \u0160pinar, vedouc\u00ed divize After Sales spole\u010dnosti Porsche \u010cesk\u00e1 republika. \u201eR\u00e1di bychom, aby se \u0159idi\u010di p\u0159ipojili k na\u0161emu \u00fasil\u00ed o ochranu \u017eivotn\u00edho prost\u0159ed\u00ed a star\u00e9 automobilov\u00e9 akumul\u00e1tory, pneumatiky a dal\u0161\u00ed odpad odevzd\u00e1vali v m\u00edstech zp\u011btn\u00e9ho odb\u011bru, kter\u00e1 zajist\u00ed jejich \u0159\u00e1dnou recyklaci.\u201c<\/p>\n<p><img loading=\"lazy\" decoding=\"async\" class=\"alignnone size-medium wp-image-5689\" src=\"http:\/\/www.automakers.cz\/wp-content\/uploads\/2024\/07\/02-900x557.jpeg\" alt=\"\" width=\"900\" height=\"557\" srcset=\"https:\/\/www.automakers.cz\/wp-content\/uploads\/2024\/07\/02-900x557.jpeg 900w, https:\/\/www.automakers.cz\/wp-content\/uploads\/2024\/07\/02-1024x634.jpeg 1024w, https:\/\/www.automakers.cz\/wp-content\/uploads\/2024\/07\/02-768x475.jpeg 768w, https:\/\/www.automakers.cz\/wp-content\/uploads\/2024\/07\/02.jpeg 1280w\" sizes=\"auto, (max-width: 900px) 100vw, 900px\" \/><\/p>\n<p>Spole\u010dnost Porsche \u010cesk\u00e1 republika zavedla ve sv\u00e9 s\u00edti autorizovan\u00fdch servis\u016f zna\u010dek Volkswagen, Audi, SEAT, CUPRA a Volkswagen U\u017eitkov\u00e9 vozy jasn\u00e1 pravidla pro nakl\u00e1d\u00e1n\u00ed s odpady a v\u00fdrobky s ukon\u010denou \u017eivotnost\u00ed. Ve\u0161ker\u00fd odpad toti\u017e v sob\u011b ukr\u00fdv\u00e1 cenn\u00e9 suroviny, kter\u00e9 lze znovu vyu\u017e\u00edt.<\/p>\n<p>Recyklace nejen\u017ee chr\u00e1n\u00ed \u017eivotn\u00ed prost\u0159ed\u00ed p\u0159ed zne\u010di\u0161\u0165ov\u00e1n\u00edm, ale tak\u00e9 \u0161et\u0159\u00ed p\u0159\u00edrodn\u00ed zdroje a sni\u017euje pot\u0159ebu t\u011b\u017eby nov\u00fdch surovin. V\u0161echny autorizovan\u00e9 servisy proto maj\u00ed uzav\u0159eny smlouvy s certifikovan\u00fdmi zpracovateli odpadu. Z\u00e1kazn\u00edk tak m\u00e1 jistotu, \u017ee se jeho vozu dostalo maxim\u00e1ln\u00ed p\u00e9\u010de v souladu s p\u0159\u00edsn\u00fdmi pravidly pro ochranu \u017eivotn\u00edho prost\u0159ed\u00ed.<\/p>\n<p>Razantn\u00ed v\u00fdvoj v oblasti recyklace p\u0159in\u00e1\u0161\u00ed st\u00e1le nov\u00e9 zp\u016fsoby, jak vyu\u017e\u00edvat i materi\u00e1ly, jejich\u017e op\u011btovn\u00e9 vyu\u017eit\u00ed bylo doned\u00e1vna nemo\u017en\u00e9, a p\u0159\u00edslu\u0161n\u00e9 produkty tak v lep\u0161\u00edm p\u0159\u00edpad\u011b kon\u010dily ve spalovn\u00e1ch, v hor\u0161\u00edm pak na skl\u00e1dk\u00e1ch.<\/p>\n<p>\u201eDnes je mo\u017en\u00e9 znovu vyu\u017e\u00edvat dokonce i pou\u017eit\u00e9 motorov\u00e9 oleje, roz\u0161i\u0159uj\u00ed se i mo\u017enosti, jak vyu\u017e\u00edvat star\u00e9 pneumatiky a jejich recykl\u00e1ty. O to d\u016fle\u017eit\u011bj\u0161\u00ed je, aby odpad od spot\u0159ebitel\u016f nekon\u010dil v p\u0159\u00edrod\u011b, ale u certifikovan\u00fdch specialist\u016f na recyklaci,\u201c vysv\u011btluje Jan \u0160pinar.<\/p>\n<p><img loading=\"lazy\" decoding=\"async\" class=\"alignnone size-medium wp-image-5691\" src=\"http:\/\/www.automakers.cz\/wp-content\/uploads\/2024\/07\/recyklace\u00a83-small-900x675.jpg\" alt=\"\" width=\"900\" height=\"675\" srcset=\"https:\/\/www.automakers.cz\/wp-content\/uploads\/2024\/07\/recyklace\u00a83-small-900x675.jpg 900w, https:\/\/www.automakers.cz\/wp-content\/uploads\/2024\/07\/recyklace\u00a83-small-1024x768.jpg 1024w, https:\/\/www.automakers.cz\/wp-content\/uploads\/2024\/07\/recyklace\u00a83-small-768x576.jpg 768w, https:\/\/www.automakers.cz\/wp-content\/uploads\/2024\/07\/recyklace\u00a83-small-1536x1152.jpg 1536w, https:\/\/www.automakers.cz\/wp-content\/uploads\/2024\/07\/recyklace\u00a83-small-2048x1536.jpg 2048w\" sizes=\"auto, (max-width: 900px) 100vw, 900px\" \/><\/p>\n<p>Jednou z mo\u017enost\u00ed efektivn\u00edho vyu\u017e\u00edv\u00e1n\u00ed zdroj\u016f na cest\u011b k cirkul\u00e1rn\u00ed ekonomice je tak\u00e9 renovace defektn\u00edch a pou\u017eit\u00fdch d\u00edl\u016f v r\u00e1mci programu tzv. v\u00fdm\u011bnn\u00fdch d\u00edl\u016f, kter\u00fd m\u00e1 v r\u00e1mci koncernu Volkswagen dlouhou tradici. Repasovan\u00e9 n\u00e1hradn\u00ed d\u00edly jsou n\u00e1sledn\u011b autorizovan\u00fdmi servisy nab\u00edzeny p\u0159i oprav\u00e1ch jako cenov\u011b v\u00fdhodn\u00e1 alternativa nov\u00fdch origin\u00e1ln\u00edch n\u00e1hradn\u00edch d\u00edl\u016f, co\u017e v\u00edtaj\u00ed p\u0159edev\u0161\u00edm majitel\u00e9 star\u0161\u00edch voz\u016f.<\/p>\n<p>\u201eA u t\u011bch nemnoha materi\u00e1l\u016f, kter\u00e9 zat\u00edm recyklovat, ani jinak vyu\u017e\u00edt neum\u00edme, garantujeme z\u00e1kazn\u00edk\u016fm odbornou likvidaci v souladu s p\u0159\u00edsn\u00fdmi p\u0159edpisy o odpadech,\u201c dod\u00e1v\u00e1 na z\u00e1v\u011br Jan \u0160pinar.<\/p>\n<p>Krom\u011b pozitivn\u00edho dopadu na \u017eivotn\u00ed prost\u0159ed\u00ed m\u00e1 program v\u00fdm\u011bnn\u00fdch d\u00edl\u016f efekt tak\u00e9 na pen\u011b\u017eenky z\u00e1kazn\u00edk\u016f: origin\u00e1ln\u00ed d\u00edly d\u00edky tomu mohou vyj\u00edt a\u017e o 50 % levn\u011bji. O kvalitu se samoz\u0159ejm\u011b net\u0159eba ob\u00e1vat, pr\u016fmyslov\u00e1 renovace se zapojen\u00edm nejmodern\u011bj\u0161\u00edch technologi\u00ed zaru\u010duje skv\u011bl\u00e9 parametry tak\u00e9 u renovovan\u00fdch d\u00edl\u016f. Celkov\u011b je k dispozici p\u0159es 10 300 v\u00fdm\u011bnn\u00fdch sou\u010d\u00e1st\u00ed v p\u0159ibli\u017en\u011b 50 skupin\u00e1ch produkt\u016f \u2013 od motoru p\u0159es p\u0159evodovku, klimatizaci a\u017e po \u010didlo vzduchu.<\/p>\n<p>V\u00edce informac\u00ed o likvidaci star\u00fdch akumul\u00e1tor\u016f, pou\u017eit\u00fdch pneumatik a vy\u0159azen\u00fdch automobil\u016f naleznete na internetov\u00fdch str\u00e1nk\u00e1ch <a href=\"http:\/\/zpetnyodber.eu\">zpetnyodber.eu<\/a>.<\/p>\n<p><img loading=\"lazy\" decoding=\"async\" class=\"alignnone size-medium wp-image-5692\" src=\"http:\/\/www.automakers.cz\/wp-content\/uploads\/2024\/07\/recyklace-4-small-900x675.jpg\" alt=\"\" width=\"900\" height=\"675\" srcset=\"https:\/\/www.automakers.cz\/wp-content\/uploads\/2024\/07\/recyklace-4-small-900x675.jpg 900w, https:\/\/www.automakers.cz\/wp-content\/uploads\/2024\/07\/recyklace-4-small-1024x768.jpg 1024w, https:\/\/www.automakers.cz\/wp-content\/uploads\/2024\/07\/recyklace-4-small-768x576.jpg 768w, https:\/\/www.automakers.cz\/wp-content\/uploads\/2024\/07\/recyklace-4-small-1536x1152.jpg 1536w, https:\/\/www.automakers.cz\/wp-content\/uploads\/2024\/07\/recyklace-4-small-2048x1536.jpg 2048w\" sizes=\"auto, (max-width: 900px) 100vw, 900px\" \/><\/p>\n","protected":false},"excerpt":{"rendered":"<p>Porsche \u010cesk\u00e1 republika spustila novou kampa\u0148, kter\u00e1 p\u0159ipom\u00edn\u00e1 \u0161irok\u00e9 motoristick\u00e9 ve\u0159ejnosti p\u0159\u00ednosy recyklace a spr\u00e1vn\u00fd&#8230;<\/p>\n","protected":false},"author":2,"featured_media":5688,"comment_status":"closed","ping_status":"closed","sticky":false,"template":"","format":"standard","meta":{"footnotes":""},"categories":[41,36],"tags":[],"class_list":["post-5687","post","type-post","status-publish","format-standard","has-post-thumbnail","hentry","category-ekologie","category-marketing"],"_links":{"self":[{"href":"https:\/\/www.automakers.cz\/index.php?rest_route=\/wp\/v2\/posts\/5687","targetHints":{"allow":["GET"]}}],"collection":[{"href":"https:\/\/www.automakers.cz\/index.php?rest_route=\/wp\/v2\/posts"}],"about":[{"href":"https:\/\/www.automakers.cz\/index.php?rest_route=\/wp\/v2\/types\/post"}],"author":[{"embeddable":true,"href":"https:\/\/www.automakers.cz\/index.php?rest_route=\/wp\/v2\/users\/2"}],"replies":[{"embeddable":true,"href":"https:\/\/www.automakers.cz\/index.php?rest_route=%2Fwp%2Fv2%2Fcomments&post=5687"}],"version-history":[{"count":2,"href":"https:\/\/www.automakers.cz\/index.php?rest_route=\/wp\/v2\/posts\/5687\/revisions"}],"predecessor-version":[{"id":5737,"href":"https:\/\/www.automakers.cz\/index.php?rest_route=\/wp\/v2\/posts\/5687\/revisions\/5737"}],"wp:featuredmedia":[{"embeddable":true,"href":"https:\/\/www.automakers.cz\/index.php?rest_route=\/wp\/v2\/media\/5688"}],"wp:attachment":[{"href":"https:\/\/www.automakers.cz\/index.php?rest_route=%2Fwp%2Fv2%2Fmedia&parent=5687"}],"wp:term":[{"taxonomy":"category","embeddable":true,"href":"https:\/\/www.automakers.cz\/index.php?rest_route=%2Fwp%2Fv2%2Fcategories&post=5687"},{"taxonomy":"post_tag","embeddable":true,"href":"https:\/\/www.automakers.cz\/index.php?rest_route=%2Fwp%2Fv2%2Ftags&post=5687"}],"curies":[{"name":"wp","href":"https:\/\/api.w.org\/{rel}","templated":true}]}}