{"id":569,"date":"2023-11-29T08:47:06","date_gmt":"2023-11-29T08:47:06","guid":{"rendered":"https:\/\/www.automakers.cz\/?p=569"},"modified":"2023-11-29T08:47:06","modified_gmt":"2023-11-29T08:47:06","slug":"mg-charge-nabizi-nabijeni-elektromobilu","status":"publish","type":"post","link":"https:\/\/www.automakers.cz\/?p=569","title":{"rendered":"MG CHARGE nab\u00edz\u00ed nab\u00edjen\u00ed elektromobil\u016f"},"content":{"rendered":"<p><strong>Zna\u010dka MG v \u010cR p\u0159edstavila \u0159e\u0161en\u00ed pro nab\u00edjen\u00ed nazvan\u00e9 MG CHARGE. Hlavn\u00edm smyslem programu je poskytnout v\u0161em z\u00e1kazn\u00edk\u016fm zna\u010dky MG nadstandardn\u00ed a kvalitn\u00ed slu\u017eby v oblasti elektromobility.<\/strong> <!--more--><\/p>\n<p>Nem\u00e9n\u011b d\u016fle\u017eit\u00fd je okam\u017eit\u00fd z\u00e1kaznick\u00fd servis MG CHARGE 24\/7 pro v\u0161echny p\u0159\u00edznivce elektrick\u00fdch model\u016f zna\u010dky.<\/p>\n<p>\u201eNab\u00edjec\u00ed karty programu MG CHARGE jsou platn\u00e9 u v\u0161ech hlavn\u00edch poskytovatel\u016f elektrick\u00e9 energie v r\u00e1mci \u010cR i EU &#8211; tedy u stanic s\u00edt\u00ed \u010cEZ, EON, PRE a IONITY. V \u010cR je prioritou spole\u010dnost PRE jako\u017eto dodavatel s nejv\u011bt\u0161\u00edm pokryt\u00edm su\u017eeb a nab\u00edjec\u00edch stanic. Karty MG CHARGE mohou vyu\u017e\u00edt soukrom\u00ed z\u00e1kazn\u00edci i podnikatel\u00e9 a firmy\u201c, \u0159\u00edk\u00e1 Marek Vodi\u010dka, Marketingov\u00fd a PR mana\u017eer M Motors CZ.<\/p>\n<p>Karty MG CHARGE mohou z\u00e1kazn\u00edci z\u00edskat prost\u0159ednictv\u00edm autorizovan\u00fdch dealer\u016f MG a jejich aktivace m\u016f\u017ee prob\u011bhnout u dealera nebo online na webu MG.<\/p>\n<h2>\u0158e\u0161en\u00ed pro dom\u00e1cnosti i firmy<\/h2>\n<p>Zvl\u00e1\u0161t\u011b z hlediska nab\u00edjec\u00ed infrastruktury je d\u016fle\u017eit\u00e9 zvolit kvalitn\u00edho a spolehliv\u00e9ho partnera, kter\u00fd se v problematice dob\u0159e orientuje a n\u00e1sleduje v tomto odv\u011btv\u00ed nov\u00e9 trendy. V r\u00e1mci programu MG Charge jsou tyto atributy kl\u00ed\u010dov\u00e9, abychom pro z\u00e1kazn\u00edky zna\u010dky MG zajistili jen ty nejlep\u0161\u00ed slu\u017eby.<\/p>\n<p>Pro z\u00e1kazn\u00edky je p\u0159ipravena speci\u00e1ln\u00ed nab\u00eddka AC nab\u00edjec\u00edch stanic MyBox MG CHARGE s volitelnou instalac\u00ed a \u0159e\u0161en\u00ed dynamick\u00e9ho \u0159\u00edzen\u00ed v\u00fdkonu. Komplexn\u00ed nab\u00eddku pro \u0159e\u0161en\u00ed dob\u00edjen\u00ed dopl\u0148uj\u00ed i fotovoltaick\u00e9 elektr\u00e1rny, kter\u00e9 um\u00ed velmi efektivn\u011b vyu\u017e\u00edt sol\u00e1rn\u00ed p\u0159ebytky pr\u00e1v\u011b pro dob\u00edjen\u00ed elektromobilu.<\/p>\n<p><strong>Zdroj: Marek Vodi\u010dka, MG<\/strong><\/p>\n<p><img loading=\"lazy\" decoding=\"async\" class=\"alignnone size-medium wp-image-244\" src=\"http:\/\/www.automakers.cz\/wp-content\/uploads\/2023\/11\/eSalon-Vodicka-MG-900x675.jpg\" alt=\"\" width=\"900\" height=\"675\" srcset=\"https:\/\/www.automakers.cz\/wp-content\/uploads\/2023\/11\/eSalon-Vodicka-MG-900x675.jpg 900w, https:\/\/www.automakers.cz\/wp-content\/uploads\/2023\/11\/eSalon-Vodicka-MG-1024x768.jpg 1024w, https:\/\/www.automakers.cz\/wp-content\/uploads\/2023\/11\/eSalon-Vodicka-MG-768x576.jpg 768w, https:\/\/www.automakers.cz\/wp-content\/uploads\/2023\/11\/eSalon-Vodicka-MG-1536x1152.jpg 1536w, https:\/\/www.automakers.cz\/wp-content\/uploads\/2023\/11\/eSalon-Vodicka-MG.jpg 2040w\" sizes=\"auto, (max-width: 900px) 100vw, 900px\" \/><\/p>\n","protected":false},"excerpt":{"rendered":"<p>Zna\u010dka MG v \u010cR p\u0159edstavila \u0159e\u0161en\u00ed pro nab\u00edjen\u00ed nazvan\u00e9 MG CHARGE. Hlavn\u00edm smyslem programu je&#8230;<\/p>\n","protected":false},"author":1,"featured_media":105,"comment_status":"open","ping_status":"open","sticky":false,"template":"","format":"standard","meta":{"footnotes":""},"categories":[9],"tags":[],"class_list":["post-569","post","type-post","status-publish","format-standard","has-post-thumbnail","hentry","category-elektromobily"],"_links":{"self":[{"href":"https:\/\/www.automakers.cz\/index.php?rest_route=\/wp\/v2\/posts\/569","targetHints":{"allow":["GET"]}}],"collection":[{"href":"https:\/\/www.automakers.cz\/index.php?rest_route=\/wp\/v2\/posts"}],"about":[{"href":"https:\/\/www.automakers.cz\/index.php?rest_route=\/wp\/v2\/types\/post"}],"author":[{"embeddable":true,"href":"https:\/\/www.automakers.cz\/index.php?rest_route=\/wp\/v2\/users\/1"}],"replies":[{"embeddable":true,"href":"https:\/\/www.automakers.cz\/index.php?rest_route=%2Fwp%2Fv2%2Fcomments&post=569"}],"version-history":[{"count":3,"href":"https:\/\/www.automakers.cz\/index.php?rest_route=\/wp\/v2\/posts\/569\/revisions"}],"predecessor-version":[{"id":572,"href":"https:\/\/www.automakers.cz\/index.php?rest_route=\/wp\/v2\/posts\/569\/revisions\/572"}],"wp:featuredmedia":[{"embeddable":true,"href":"https:\/\/www.automakers.cz\/index.php?rest_route=\/wp\/v2\/media\/105"}],"wp:attachment":[{"href":"https:\/\/www.automakers.cz\/index.php?rest_route=%2Fwp%2Fv2%2Fmedia&parent=569"}],"wp:term":[{"taxonomy":"category","embeddable":true,"href":"https:\/\/www.automakers.cz\/index.php?rest_route=%2Fwp%2Fv2%2Fcategories&post=569"},{"taxonomy":"post_tag","embeddable":true,"href":"https:\/\/www.automakers.cz\/index.php?rest_route=%2Fwp%2Fv2%2Ftags&post=569"}],"curies":[{"name":"wp","href":"https:\/\/api.w.org\/{rel}","templated":true}]}}