{"id":5720,"date":"2024-07-21T09:49:27","date_gmt":"2024-07-21T09:49:27","guid":{"rendered":"https:\/\/www.automakers.cz\/?p=5720"},"modified":"2024-07-21T09:50:58","modified_gmt":"2024-07-21T09:50:58","slug":"abf-chysta-veletrh-truck-cargo","status":"publish","type":"post","link":"https:\/\/www.automakers.cz\/?p=5720","title":{"rendered":"ABF chyst\u00e1 veletrh TRUCK &amp; CARGO"},"content":{"rendered":"<p><strong>Pra\u017esk\u00fd organiz\u00e1tor veletrh\u016f ABF v roce 2025 roz\u0161\u00ed\u0159\u00ed sv\u00e9 podzimn\u00ed veletr\u017en\u00ed portfolio o dal\u0161\u00ed odbornou ud\u00e1lost. V listopadu p\u0159\u00ed\u0161t\u00edho roku se premi\u00e9rov\u011b uskute\u010dn\u00ed st\u0159edoevropsk\u00fd veletrh n\u00e1kladn\u00edch vozidel a logistiky TRUCK &amp; CARGO EXPO, kter\u00fd se bude v PVA EXPO PRAHA konat ka\u017ed\u00fd lich\u00fd rok. <\/strong><!--more--><\/p>\n<p>Term\u00ednov\u011b se veletrh bude st\u0159\u00eddat s veletrhem autobus\u016f, hromadn\u00e9 dopravy, telematiky a servisn\u00ed techniky CZECHBUS.<\/p>\n<p>Nejv\u011bt\u0161\u00ed st\u0159edoevropsk\u00fd specializovan\u00fd B2B veletrh autobus\u016f, hromadn\u00e9 dopravy, telematiky a servisn\u00ed techniky CZECHBUS p\u0159ech\u00e1z\u00ed od leto\u0161n\u00edho roku na dvoulet\u00fd cyklus kon\u00e1n\u00ed. V nov\u00e9m re\u017eimu se uskute\u010dn\u00ed ve dnech 19. a\u017e 21. listopadu 2024 a jeho dal\u0161\u00ed ro\u010dn\u00edk bude zorganizov\u00e1n pro podzimn\u00ed sez\u00f3nu 2026.<\/p>\n<p>Ji\u017e p\u0159\u00ed\u0161t\u00ed rok jej ve veletr\u017en\u00edm kalend\u00e1\u0159i PVA EXPO PRAHA vyst\u0159\u00edd\u00e1 zbrusu st\u0159edoevropsk\u00fd veletrh n\u00e1kladn\u00edch vozidel a logistiky TRUCK &amp; CARGO EXPO. Jeho nomenklatura \u010d\u00edt\u00e1 sedm oborov\u00fdch pil\u00ed\u0159\u016f a krom\u011b produktov\u00fdch novinek v\u00fdznamn\u00fdch tuzemsk\u00fdch i zahrani\u010dn\u00edch firem se zam\u011b\u0159\u00ed tak\u00e9 na technologie, inovace \u010di udr\u017eitelnost tohoto odv\u011btv\u00ed. Nebude chyb\u011bt ani doprovodn\u00fd program pro profesion\u00e1ly sestaven\u00fd ve spolupr\u00e1ci s odborn\u00edky nap\u0159\u00ed\u010d jednotliv\u00fdmi obory.<\/p>\n<p><strong>V\u0161e o n\u00e1kladn\u00ed doprav\u011b<\/strong><\/p>\n<p>\u201eVeletrh CZECHBUS se d\u00edky p\u0159echodu na dvoulet\u00fd cyklus stane je\u0161t\u011b kl\u00ed\u010dov\u011bj\u0161\u00ed ud\u00e1lost\u00ed sv\u00e9ho oboru, kter\u00fd je charakteristick\u00fd mimo jin\u00e9 del\u0161\u00edmi intervaly uv\u00e1d\u011bn\u00ed novinek na trh. Klademe si za c\u00edl p\u0159in\u00e9st odborn\u00e9 ve\u0159ejnosti je\u0161t\u011b v\u011bt\u0161\u00ed mno\u017estv\u00ed nov\u00fdch produkt\u016f, informac\u00ed a technologi\u00ed a zefektivnit jejich prezentaci v r\u00e1mci veletr\u017en\u00edho prost\u0159ed\u00ed. St\u0159\u00edd\u00e1n\u00ed s veletrhem TRUCK &amp; CARGO EXPO bude nav\u00edc v\u00fdznamn\u00fdm roz\u0161\u00ed\u0159en\u00edm nab\u00eddky obor\u016f pro B2B klientelu o odv\u011btv\u00ed n\u00e1kladn\u00edch vozidel i logistiky,\u201c \u0159\u00edk\u00e1 \u0159editelka veletrh\u016f CZECHBUS a TRUCK &amp; CARGO EXPO Vanda Petrov.<\/p>\n<p>Veletrh TRUCK &amp; CARGO EXPO se poprv\u00e9 uskute\u010dn\u00ed ve dnech 25. a\u017e 27. listopadu 2025 a p\u0159inese to nejlep\u0161\u00ed v kategori\u00edch n\u00e1kladn\u00edch vozidel, technologi\u00ed a inovac\u00ed, komponent, vestaveb, n\u00e1staveb a dopl\u0148k\u016f, servisu a \u00fadr\u017eby, logistiky a dopravy, udr\u017eitelnosti a ekologie a tak\u00e9 bohat\u00e9 doprovodn\u00e9 programy.<\/p>\n<p>Veletrh se zam\u011b\u0159\u00ed na t\u011b\u017ek\u00e1, st\u0159edn\u00ed i lehk\u00e1 n\u00e1kladn\u00ed vozidla, dod\u00e1vky i m\u011bstskou dopravu, p\u0159edstav\u00ed alternativn\u00ed pohony i novinky v automatizaci a konektivit\u011b oboru. Nebudou chyb\u011bt servisn\u00ed technologie, efektivn\u00ed \u0159\u00edzen\u00ed vozov\u00e9ho parku \u010di logistika posledn\u00ed m\u00edle a mnoho dal\u0161\u00edch zaj\u00edmavost\u00ed. Podrobnosti o veletrhu najdete na www.tcexpo.cz.<\/p>\n<p><strong>Zdroj: PVA<\/strong><\/p>\n<p><img loading=\"lazy\" decoding=\"async\" class=\"alignnone size-medium wp-image-5723\" src=\"http:\/\/www.automakers.cz\/wp-content\/uploads\/2024\/07\/Snimek-obrazovky_18-7-2024_21259_tcexpo.cz-2-900x237.jpeg\" alt=\"\" width=\"900\" height=\"237\" srcset=\"https:\/\/www.automakers.cz\/wp-content\/uploads\/2024\/07\/Snimek-obrazovky_18-7-2024_21259_tcexpo.cz-2-900x237.jpeg 900w, https:\/\/www.automakers.cz\/wp-content\/uploads\/2024\/07\/Snimek-obrazovky_18-7-2024_21259_tcexpo.cz-2-1024x269.jpeg 1024w, https:\/\/www.automakers.cz\/wp-content\/uploads\/2024\/07\/Snimek-obrazovky_18-7-2024_21259_tcexpo.cz-2-768x202.jpeg 768w, https:\/\/www.automakers.cz\/wp-content\/uploads\/2024\/07\/Snimek-obrazovky_18-7-2024_21259_tcexpo.cz-2.jpeg 1183w\" sizes=\"auto, (max-width: 900px) 100vw, 900px\" \/><\/p>\n","protected":false},"excerpt":{"rendered":"<p>Pra\u017esk\u00fd organiz\u00e1tor veletrh\u016f ABF v roce 2025 roz\u0161\u00ed\u0159\u00ed sv\u00e9 podzimn\u00ed veletr\u017en\u00ed portfolio o dal\u0161\u00ed odbornou&#8230;<\/p>\n","protected":false},"author":2,"featured_media":5724,"comment_status":"closed","ping_status":"closed","sticky":false,"template":"","format":"standard","meta":{"footnotes":""},"categories":[26,8],"tags":[],"class_list":["post-5720","post","type-post","status-publish","format-standard","has-post-thumbnail","hentry","category-eventy","category-vystavy"],"_links":{"self":[{"href":"https:\/\/www.automakers.cz\/index.php?rest_route=\/wp\/v2\/posts\/5720","targetHints":{"allow":["GET"]}}],"collection":[{"href":"https:\/\/www.automakers.cz\/index.php?rest_route=\/wp\/v2\/posts"}],"about":[{"href":"https:\/\/www.automakers.cz\/index.php?rest_route=\/wp\/v2\/types\/post"}],"author":[{"embeddable":true,"href":"https:\/\/www.automakers.cz\/index.php?rest_route=\/wp\/v2\/users\/2"}],"replies":[{"embeddable":true,"href":"https:\/\/www.automakers.cz\/index.php?rest_route=%2Fwp%2Fv2%2Fcomments&post=5720"}],"version-history":[{"count":5,"href":"https:\/\/www.automakers.cz\/index.php?rest_route=\/wp\/v2\/posts\/5720\/revisions"}],"predecessor-version":[{"id":5751,"href":"https:\/\/www.automakers.cz\/index.php?rest_route=\/wp\/v2\/posts\/5720\/revisions\/5751"}],"wp:featuredmedia":[{"embeddable":true,"href":"https:\/\/www.automakers.cz\/index.php?rest_route=\/wp\/v2\/media\/5724"}],"wp:attachment":[{"href":"https:\/\/www.automakers.cz\/index.php?rest_route=%2Fwp%2Fv2%2Fmedia&parent=5720"}],"wp:term":[{"taxonomy":"category","embeddable":true,"href":"https:\/\/www.automakers.cz\/index.php?rest_route=%2Fwp%2Fv2%2Fcategories&post=5720"},{"taxonomy":"post_tag","embeddable":true,"href":"https:\/\/www.automakers.cz\/index.php?rest_route=%2Fwp%2Fv2%2Ftags&post=5720"}],"curies":[{"name":"wp","href":"https:\/\/api.w.org\/{rel}","templated":true}]}}