{"id":5767,"date":"2024-07-22T08:36:47","date_gmt":"2024-07-22T08:36:47","guid":{"rendered":"https:\/\/www.automakers.cz\/?p=5767"},"modified":"2024-07-22T08:36:47","modified_gmt":"2024-07-22T08:36:47","slug":"komercni-banka-dokupuje-sg-equipment-finance","status":"publish","type":"post","link":"https:\/\/www.automakers.cz\/?p=5767","title":{"rendered":"Komer\u010dn\u00ed banka dokupuje SG Equipment Finance"},"content":{"rendered":"<p><strong>Komer\u010dn\u00ed banka podepsala 18. \u010dervence Memorandum o porozum\u011bn\u00ed se Soci\u00e9t\u00e9 G\u00e9n\u00e9rale Equipment Finance (SGEF SA) a mate\u0159skou Soci\u00e9t\u00e9 G\u00e9n\u00e9rale, jeho\u017e c\u00edlem je odkoupit od SGEF SA zb\u00fdvaj\u00edc\u00ed pod\u00edl ve v\u00fd\u0161i 49,9 % v SG Equipment Finance Czech Republic (SGEF CR). <\/strong><!--more--><\/p>\n<p>Odkup by se uskute\u010dnil sou\u010dasn\u011b se zam\u00fd\u0161len\u00fdm prodejem aktivit skupiny SG SA v oblasti Equipment Finance francouzsk\u00e9 finan\u010dn\u00ed skupin\u011b Groupe BPCE, v\u010detn\u011b akci\u00ed spole\u010dnosti SGEF SA (jej\u00ed\u017e sou\u010d\u00e1st\u00ed v\u0161ak nejsou aktivity v \u010cesk\u00e9 republice a na Slovensku).<\/p>\n<p>Podpis tohoto memoranda o porozum\u011bn\u00ed navazuje na ji\u017e d\u0159\u00edve podepsan\u00e9 memorandum o porozum\u011bn\u00ed mezi Soci\u00e9t\u00e9 G\u00e9n\u00e9rale a BPCE, kter\u00e9 bylo ozn\u00e1meno 11. dubna 2024. Nabyt\u00ed zb\u00fdvaj\u00edc\u00edho 49,9% pod\u00edlu ve spole\u010dnosti SGEF CR Komer\u010dn\u00ed bankou, kter\u00e1 ji\u017e vlastn\u00ed 50,1% pod\u00edl ve spole\u010dnosti SGEF CR, tak uzav\u0159e celou transakci.<\/p>\n<p>\u201e<em>P\u0159istupujeme k\u00a0tomuto kroku jako dosavadn\u00ed majoritn\u00ed akcion\u00e1\u0159 SGEF CR. Dokoupen\u00ed zb\u00fdvaj\u00edc\u00edho pod\u00edlu je pro Komer\u010dn\u00ed banku logick\u00fdm a strategick\u00fdm krokem, kter\u00fd m\u00e1 za c\u00edl je\u0161t\u011b v\u00edce prohloubit na\u0161i dlouhodobou a \u00fasp\u011b\u0161nou spolupr\u00e1ci na trhu financov\u00e1n\u00ed firemn\u00edch investic.\u201c<\/em>, uvedl Jan Juchelka, p\u0159edseda p\u0159edstavenstva Komer\u010dn\u00ed banky.<\/p>\n<p>Reinhold Kn\u00f6dl, gener\u00e1ln\u00ed \u0159editel SGEF CR, dod\u00e1v\u00e1<strong>:<\/strong> <em>\u201eV\u00fdhradn\u00ed vlastnictv\u00ed KB vytv\u00e1\u0159\u00ed nov\u00e9 p\u0159\u00edle\u017eitosti pro dal\u0161\u00ed pos\u00edlen\u00ed na\u0161\u00ed expertizy v\u00a0oblasti specializovan\u00e9ho financov\u00e1n\u00ed a inovativn\u00edch finan\u010dn\u00edch \u0159e\u0161en\u00ed. Tato transakce nav\u00edc p\u0159in\u00e1\u0161\u00ed kontinuitu a stabilitu pro na\u0161e klienty, zam\u011bstnance i partnery.\u201c<\/em><\/p>\n<p>Pokra\u010dov\u00e1n\u00ed obchodn\u00ed spolupr\u00e1ce u klient\u016f a dodavatel\u016f spole\u010dn\u00fdch pro SGEF SA a SGEF CR zajist\u00ed Smlouva o obchodn\u00ed spolupr\u00e1ci, kterou se ob\u011b spole\u010dnosti dohodly uzav\u0159\u00edt.<\/p>\n<p>Cel\u00e1 akvizice nad\u00e1le podl\u00e9h\u00e1 spln\u011bn\u00ed standardn\u00edch odkl\u00e1dac\u00edch podm\u00ednek, v\u010detn\u011b odkl\u00e1dac\u00edch podm\u00ednek souvisej\u00edc\u00edch s prodejem \u010dinnost\u00ed Equipment Finance skupin\u011b BPCE (zejm\u00e9na schv\u00e1len\u00ed tohoto prodeje p\u0159\u00edslu\u0161n\u00fdmi antimonopoln\u00edmi, finan\u010dn\u00edmi a regula\u010dn\u00edmi org\u00e1ny).<\/p>\n<p>Uzav\u0159en\u00ed akvizice se p\u0159edpokl\u00e1d\u00e1 v prvn\u00edm \u010dtvrtlet\u00ed roku 2025.<\/p>\n","protected":false},"excerpt":{"rendered":"<p>Komer\u010dn\u00ed banka podepsala 18. \u010dervence Memorandum o porozum\u011bn\u00ed se Soci\u00e9t\u00e9 G\u00e9n\u00e9rale Equipment Finance (SGEF SA)&#8230;<\/p>\n","protected":false},"author":2,"featured_media":5772,"comment_status":"closed","ping_status":"closed","sticky":false,"template":"","format":"standard","meta":{"footnotes":""},"categories":[45],"tags":[],"class_list":["post-5767","post","type-post","status-publish","format-standard","has-post-thumbnail","hentry","category-finance"],"_links":{"self":[{"href":"https:\/\/www.automakers.cz\/index.php?rest_route=\/wp\/v2\/posts\/5767","targetHints":{"allow":["GET"]}}],"collection":[{"href":"https:\/\/www.automakers.cz\/index.php?rest_route=\/wp\/v2\/posts"}],"about":[{"href":"https:\/\/www.automakers.cz\/index.php?rest_route=\/wp\/v2\/types\/post"}],"author":[{"embeddable":true,"href":"https:\/\/www.automakers.cz\/index.php?rest_route=\/wp\/v2\/users\/2"}],"replies":[{"embeddable":true,"href":"https:\/\/www.automakers.cz\/index.php?rest_route=%2Fwp%2Fv2%2Fcomments&post=5767"}],"version-history":[{"count":2,"href":"https:\/\/www.automakers.cz\/index.php?rest_route=\/wp\/v2\/posts\/5767\/revisions"}],"predecessor-version":[{"id":5793,"href":"https:\/\/www.automakers.cz\/index.php?rest_route=\/wp\/v2\/posts\/5767\/revisions\/5793"}],"wp:featuredmedia":[{"embeddable":true,"href":"https:\/\/www.automakers.cz\/index.php?rest_route=\/wp\/v2\/media\/5772"}],"wp:attachment":[{"href":"https:\/\/www.automakers.cz\/index.php?rest_route=%2Fwp%2Fv2%2Fmedia&parent=5767"}],"wp:term":[{"taxonomy":"category","embeddable":true,"href":"https:\/\/www.automakers.cz\/index.php?rest_route=%2Fwp%2Fv2%2Fcategories&post=5767"},{"taxonomy":"post_tag","embeddable":true,"href":"https:\/\/www.automakers.cz\/index.php?rest_route=%2Fwp%2Fv2%2Ftags&post=5767"}],"curies":[{"name":"wp","href":"https:\/\/api.w.org\/{rel}","templated":true}]}}