{"id":5775,"date":"2024-07-22T08:32:05","date_gmt":"2024-07-22T08:32:05","guid":{"rendered":"https:\/\/www.automakers.cz\/?p=5775"},"modified":"2024-07-22T08:32:05","modified_gmt":"2024-07-22T08:32:05","slug":"bmw-testuje-pohon-od-deepdrive","status":"publish","type":"post","link":"https:\/\/www.automakers.cz\/?p=5775","title":{"rendered":"BMW testuje pohon od DeepDrive"},"content":{"rendered":"<p><strong>BMW Startup Garage a mnichovsk\u00e1 spole\u010dnost DeepDrive p\u0159ipravuj\u00ed testov\u00e1n\u00ed revolu\u010dn\u00edho motoru v re\u00e1ln\u00e9m provozu. Motor je tvo\u0159en dvojic\u00ed rotor\u016f, kter\u00e9 by m\u011bly zajistit vysokou \u00fa\u010dinnost, v\u00fdkonnost a dlouh\u00fd dojezd. <\/strong><!--more--><\/p>\n<p>Po pilotn\u00edm projektu se slibn\u00fdmi v\u00fdsledky na zku\u0161ebn\u00ed stolici nyn\u00ed BMW Group a DeepDrive pl\u00e1nuj\u00ed prvn\u00ed testov\u00e1n\u00ed v re\u00e1ln\u00e9m provozu. Do model\u016f BMW Group budou instalov\u00e1ny r\u016fzn\u00e9 verze nov\u00e9ho druhu elektromotoru, kter\u00e9 budou testov\u00e1ny na silnic\u00edch.<\/p>\n<p>Inovativn\u00ed \u0159e\u0161en\u00ed motor\u016f DeepDrive v principu slu\u010duje dva elektromotory do jednoho celku, tak\u017ee v\u00fdsledkem je kompaktn\u00ed hnac\u00ed jednotka, kter\u00e1 je energeticky efektivn\u00ed a m\u00e1 vysokou hustotu to\u010div\u00e9ho momentu.<\/p>\n<p>V b\u011b\u017en\u00e9m elektromotoru stator poh\u00e1n\u00ed bu\u010f vnit\u0159n\u00ed, nebo vn\u011bj\u0161\u00ed rotor; u koncepce dvou rotor\u016f spole\u010dnosti DeepDrive poh\u00e1n\u00ed stator oba rotory sou\u010dasn\u011b. Kompaktn\u00ed konstrukce a n\u00edzk\u00e1 hmotnost cel\u00e9 jednotky umo\u017e\u0148uj\u00ed jej\u00ed um\u00edst\u011bn\u00ed p\u0159\u00edmo v\u00a0kolech. Ka\u017ed\u00fd n\u00e1boj tak m\u016f\u017ee m\u00edt vlastn\u00ed elektromotor. Tuto technologii lze pou\u017e\u00edt i v tradi\u010dn\u00edm, centralizovan\u00e9m syst\u00e9mu pohonu, kdy kola na jedn\u00e9 n\u00e1prav\u011b poh\u00e1n\u00ed jeden elektromotor.<\/p>\n<p><strong>BMW oce\u0148uje \u00farove\u0148 vysp\u011blosti a potenci\u00e1l \u0161k\u00e1lovatelnosti t\u00e9to inovace od spole\u010dnosti DeepDrive.<\/strong><\/p>\n<p>BMW bylo prvn\u00edm velk\u00fdm v\u00fdrobcem, kter\u00fd DeepDrive objevil, a od IAA 2021 s n\u00edm zintenziv\u0148uje spolupr\u00e1ci. Jejich technologie je vysp\u011bl\u00e1: \u201ePrototypov\u00e9 d\u00edly DeepDrive do zna\u010dn\u00e9 m\u00edry p\u0159ekonaly na\u0161e po\u017eadavky,\u201c \u0159\u00edk\u00e1 Karol Virsik, vedouc\u00ed odd\u011blen\u00ed v\u00fdzkumu koncept\u016f a technologi\u00ed voz\u016f BMW Group. \u201eTo je v tak ran\u00e9 f\u00e1zi a u zcela nov\u00e9 technologie opravdu neobvykl\u00e9.\u201c<\/p>\n<p>Po zkou\u0161ce na zku\u0161ebn\u00ed stolici a na z\u00e1klad\u011b v\u00fdsledk\u016f bylo ov\u011b\u0159en\u00ed funk\u010dnosti dan\u00e9ho konceptu ozna\u010deno jako \u00fasp\u011b\u0161n\u00e9. Dal\u0161\u00edm krokem je jeho ov\u011b\u0159en\u00ed v re\u00e1ln\u00e9m provozu na silnici. Motory v kolech budou vy\u017eadovat m\u00e9n\u011b m\u00edsta a budou energeticky \u00fa\u010dinn\u011bj\u0161\u00ed, leh\u010d\u00ed a levn\u011bj\u0161\u00ed, sou\u010dasn\u011b budou i vysoce \u0161k\u00e1lovateln\u00e9, co\u017e jsou v\u0161echno vlastnosti, kter\u00e9 umo\u017en\u00ed jejich pou\u017eitelnost v \u0161irok\u00e9m portfoliu r\u016fzn\u011b zam\u011b\u0159en\u00fdch model\u016f.<\/p>\n<p>\u201eSpole\u010dnost DeepDrive vyvinula vzru\u0161uj\u00edc\u00ed vizi elektrick\u00e9ho pohonu budoucnosti,\u201c \u0159ekl Virsik. \u201eStartup Garage n\u00e1m umo\u017e\u0148uje experimentovat s DeepDrive a zjistit, jak by mohly vypadat pohony dal\u0161\u00edch generac\u00ed na\u0161ich model\u016f.\u201c<\/p>\n<p>Spole\u010dnost DeepDrive nyn\u00ed spolupracuje i s dal\u0161\u00edmi v\u00fdrobci a v\u00fdznamn\u00fdmi dodavateli, nap\u0159\u00edklad se spole\u010dnost\u00ed Continental. V roce 2024 byl jejich koncept motoru ocen\u011bn N\u011bmeckou cenou za inovace.<\/p>\n<p>\u201eSpolupr\u00e1ce s BMW n\u00e1m poskytla odrazov\u00fd m\u016fstek opravdu brzy,\u201c \u0159ekl Felix P\u00f6rnbacher, spoluzakladatel a spolu\u0159editel spole\u010dnosti DeepDrive. \u201ePomohlo n\u00e1m zorientovat se ve slo\u017eit\u00e9m korpor\u00e1tn\u00edm sv\u011bt\u011b a splnit a p\u0159ekonat p\u0159\u00edsn\u00e9 standardy automobilov\u00e9ho pr\u016fmyslu. Na\u0161\u00edm c\u00edlem je nyn\u00ed integrovat jej do v\u00fdrobn\u00edho modelu.\u201c<\/p>\n<p><strong>Spolupr\u00e1ce se startupy urychluje inovace v BMW Group.<br \/>\n<\/strong><\/p>\n<p>BMW Startup Garage funguje jako venture klient, kter\u00fd implementuje pr\u016flomov\u00e9 technologie vyvinut\u00e9 startupy a zvy\u0161uje schopnosti BMW Group v\u00a0oblasti inovac\u00ed, udr\u017eitelnosti a provozn\u00ed v\u00fdkonnosti. Model venture klienta vznikl v roce 2015, od kdy BMW vystupuje jako z\u00e1kazn\u00edk a \u00fazce spolupracuje s\u00a0mlad\u00fdmi firmami na v\u00fdvoji jejich technologi\u00ed.<\/p>\n<p>\u201eBMW Startup Garage je skv\u011blou p\u0159\u00edle\u017eitost\u00ed, jak se spojit se startupy a s t\u011bmi nejlep\u0161\u00edmi z nich pak d\u00e1le spolupracovat,\u201c \u0159ekl Virsik. \u201eStartupy jsou pro n\u00e1s opravdu d\u016fle\u017eit\u00e9, proto\u017ee p\u0159em\u00fd\u0161lej\u00ed nekonven\u010dn\u011b a netradi\u010dn\u011b. Poskytuj\u00ed n\u00e1m nov\u00e9 perspektivy.\u201c<\/p>\n<p>&nbsp;<\/p>\n","protected":false},"excerpt":{"rendered":"<p>BMW Startup Garage a mnichovsk\u00e1 spole\u010dnost DeepDrive p\u0159ipravuj\u00ed testov\u00e1n\u00ed revolu\u010dn\u00edho motoru v re\u00e1ln\u00e9m provozu. Motor&#8230;<\/p>\n","protected":false},"author":2,"featured_media":5776,"comment_status":"closed","ping_status":"closed","sticky":false,"template":"","format":"standard","meta":{"footnotes":""},"categories":[84,40,67],"tags":[],"class_list":["post-5775","post","type-post","status-publish","format-standard","has-post-thumbnail","hentry","category-motory","category-technologie","category-test"],"_links":{"self":[{"href":"https:\/\/www.automakers.cz\/index.php?rest_route=\/wp\/v2\/posts\/5775","targetHints":{"allow":["GET"]}}],"collection":[{"href":"https:\/\/www.automakers.cz\/index.php?rest_route=\/wp\/v2\/posts"}],"about":[{"href":"https:\/\/www.automakers.cz\/index.php?rest_route=\/wp\/v2\/types\/post"}],"author":[{"embeddable":true,"href":"https:\/\/www.automakers.cz\/index.php?rest_route=\/wp\/v2\/users\/2"}],"replies":[{"embeddable":true,"href":"https:\/\/www.automakers.cz\/index.php?rest_route=%2Fwp%2Fv2%2Fcomments&post=5775"}],"version-history":[{"count":3,"href":"https:\/\/www.automakers.cz\/index.php?rest_route=\/wp\/v2\/posts\/5775\/revisions"}],"predecessor-version":[{"id":5791,"href":"https:\/\/www.automakers.cz\/index.php?rest_route=\/wp\/v2\/posts\/5775\/revisions\/5791"}],"wp:featuredmedia":[{"embeddable":true,"href":"https:\/\/www.automakers.cz\/index.php?rest_route=\/wp\/v2\/media\/5776"}],"wp:attachment":[{"href":"https:\/\/www.automakers.cz\/index.php?rest_route=%2Fwp%2Fv2%2Fmedia&parent=5775"}],"wp:term":[{"taxonomy":"category","embeddable":true,"href":"https:\/\/www.automakers.cz\/index.php?rest_route=%2Fwp%2Fv2%2Fcategories&post=5775"},{"taxonomy":"post_tag","embeddable":true,"href":"https:\/\/www.automakers.cz\/index.php?rest_route=%2Fwp%2Fv2%2Ftags&post=5775"}],"curies":[{"name":"wp","href":"https:\/\/api.w.org\/{rel}","templated":true}]}}