{"id":5805,"date":"2024-07-23T06:38:39","date_gmt":"2024-07-23T06:38:39","guid":{"rendered":"https:\/\/www.automakers.cz\/?p=5805"},"modified":"2024-07-23T06:38:39","modified_gmt":"2024-07-23T06:38:39","slug":"zlinsky-kraj-kupuje-29-peugeotu-e-2008","status":"publish","type":"post","link":"https:\/\/www.automakers.cz\/?p=5805","title":{"rendered":"Zl\u00ednsk\u00fd kraj kupuje 29 Peugeot\u016f e-2008"},"content":{"rendered":"<p><strong><b>Z\u00e1stupci Zl\u00ednsk\u00e9ho kraje si p\u0159evzali prvn\u00edch \u0161est z 29 objednan\u00fdch elektrick\u00fdch voz\u016f Peugeot e-2008. Kompletn\u00ed dod\u00e1vku zaji\u0161\u0165uje zl\u00ednsk\u00fd dealer Unicars. Elektromobily putovaly do d\u011btsk\u00fdch domov\u016f ve Zl\u00edn\u011b a ve Vala\u0161sk\u00e9m Mezi\u0159\u00ed\u010d\u00ed a do \u0161kol v Otrokovic\u00edch, Krom\u011b\u0159\u00ed\u017ei a Byst\u0159ici pod Host\u00fdnem.<\/b><\/strong><!--more--><\/p>\n<p>Na za\u010d\u00e1tku v\u00fdznamn\u00e9 fleetov\u00e9 zak\u00e1zky bylo v\u00fdb\u011brov\u00e9 \u0159\u00edzen\u00ed, kter\u00e9 vyhl\u00e1sil Zl\u00ednsk\u00fd kraj na n\u00e1kup bezemisn\u00edch voz\u016f. V\u00edt\u011bzem tendru se stal zl\u00ednsk\u00fd koncesion\u00e1\u0159 Unicars. Zav\u00e1zal se dodat Zl\u00ednsk\u00e9mu kraji do konce leto\u0161n\u00edho roku 29 elektrick\u00fdch voz\u016f Peugeot e-2008. V\u0161echna vozidla jsou objedn\u00e1na v \u00farovni v\u00fdbavy Active s elektromotorem o v\u00fdkonu 115 kW a bateri\u00ed o kapacit\u011b 54 kWh.<\/p>\n<p>Zl\u00ednsk\u00e9mu kraji p\u0159isp\u011bj\u00ed na n\u00e1kup elektrick\u00fdch voz\u016f evropsk\u00e9 fondy, stejn\u011b jako i na po\u0159\u00edzen\u00ed 57 neve\u0159ejn\u00fdch nab\u00edjec\u00edch stanic, kter\u00e9 jsou rovn\u011b\u017e sou\u010d\u00e1st\u00ed projektu.<\/p>\n<p><em><i>\u201eVyhr\u00e1t ve v\u00fdb\u011brov\u00e9m \u0159\u00edzen\u00ed na dod\u00e1vku t\u011bchto elektrick\u00fdch voz\u016f pova\u017eujeme za velk\u00fd \u00fasp\u011bch. Peugeot e-2008 je nepochybn\u011b velmi efektivn\u00edm a atraktivn\u00edm elektromobilem, kter\u00fd si toto v\u00edt\u011bzstv\u00ed rozhodn\u011b zaslou\u017e\u00ed. Nicm\u00e9n\u011b i dal\u0161\u00ed vozy elektrick\u00e9 \u0159ady zna\u010dky Peugeot maj\u00ed velk\u00fd potenci\u00e1l. Ned\u00e1vno jsme nap\u0159\u00edklad dodali elektrick\u00fd e-Rifter M\u011bstsk\u00e9mu \u00fa\u0159adu v\u00a0Hole\u0161ov\u011b. A v\u011b\u0159\u00edm, \u017ee na\u0161e prodeje elektrick\u00fdch voz\u016f v\u00a0budoucnu je\u0161t\u011b v\u00fdrazn\u011b pos\u00edl\u00ed,\u201c<\/i><\/em>\u00a0\u0159\u00edk\u00e1 Miroslav Stan\u011bk, vedouc\u00ed prodeje Unicars.<\/p>\n<p><img loading=\"lazy\" decoding=\"async\" class=\"alignnone size-medium wp-image-5808\" src=\"http:\/\/www.automakers.cz\/wp-content\/uploads\/2024\/07\/Peugeot-Zlin-predani-flotily-900x600.jpg\" alt=\"\" width=\"900\" height=\"600\" srcset=\"https:\/\/www.automakers.cz\/wp-content\/uploads\/2024\/07\/Peugeot-Zlin-predani-flotily-900x600.jpg 900w, https:\/\/www.automakers.cz\/wp-content\/uploads\/2024\/07\/Peugeot-Zlin-predani-flotily-1024x683.jpg 1024w, https:\/\/www.automakers.cz\/wp-content\/uploads\/2024\/07\/Peugeot-Zlin-predani-flotily-768x512.jpg 768w, https:\/\/www.automakers.cz\/wp-content\/uploads\/2024\/07\/Peugeot-Zlin-predani-flotily-1536x1024.jpg 1536w, https:\/\/www.automakers.cz\/wp-content\/uploads\/2024\/07\/Peugeot-Zlin-predani-flotily-2048x1365.jpg 2048w\" sizes=\"auto, (max-width: 900px) 100vw, 900px\" \/>Peugeot e-2008 byl v\u00a0uplynul\u00e9m roce nejprod\u00e1van\u011bj\u0161\u00edm elektromobilem zna\u010dky Peugeot v\u00a0\u010cR, v\u00a0r\u00e1mci elektrick\u00fdch voz\u016f segmentu B byl s\u00a0v\u00edce ne\u017e desetiprocentn\u00edm tr\u017en\u00edm pod\u00edlem na druh\u00e9m m\u00edst\u011b. Lo\u0148sk\u00fd facelift zd\u016fraznil jeho drav\u00fd a p\u0159ita\u017eliv\u00fd design, a zejm\u00e9na pak zv\u00fd\u0161il dojezd jeho elektrick\u00e9 verze, a to z\u00a0p\u016fvodn\u00edch 345 na 406 km.<\/p>\n<p>V\u00a0m\u011bstsk\u00e9m prost\u0159ed\u00ed, kter\u00e9 je pro toto mal\u00e9 elektrick\u00e9 SUV optim\u00e1ln\u00edm teritoriem, dosahuje dojezd a\u017e 480 km. Nov\u00e1 baterie o kapacit\u011b 54 kWh byla konstruov\u00e1na na celou dobu \u017eivotnosti vozu. Zna\u010dka Peugeot na baterii poskytuje garanci 8 let nebo 160 000 km, p\u0159i\u010dem\u017e zaru\u010duje, \u017ee po celou tuto dobu neklesne kapacita baterie pod 70 %. Zl\u00ednsk\u00fd kraj m\u00e1 tak jistotu, \u017ee mu nov\u00e9 elektromobily budou slou\u017eit mnoho let.<\/p>\n<p><strong>Zdroj: Peugeot, Radka Matthey<\/strong><\/p>\n<p><img loading=\"lazy\" decoding=\"async\" class=\"alignnone size-medium wp-image-5809\" src=\"http:\/\/www.automakers.cz\/wp-content\/uploads\/2024\/07\/Peugeot-Jezdim-s-podporou-900x600.jpg\" alt=\"\" width=\"900\" height=\"600\" srcset=\"https:\/\/www.automakers.cz\/wp-content\/uploads\/2024\/07\/Peugeot-Jezdim-s-podporou-900x600.jpg 900w, https:\/\/www.automakers.cz\/wp-content\/uploads\/2024\/07\/Peugeot-Jezdim-s-podporou-1024x683.jpg 1024w, https:\/\/www.automakers.cz\/wp-content\/uploads\/2024\/07\/Peugeot-Jezdim-s-podporou-768x512.jpg 768w, https:\/\/www.automakers.cz\/wp-content\/uploads\/2024\/07\/Peugeot-Jezdim-s-podporou-1536x1024.jpg 1536w, https:\/\/www.automakers.cz\/wp-content\/uploads\/2024\/07\/Peugeot-Jezdim-s-podporou-2048x1366.jpg 2048w\" sizes=\"auto, (max-width: 900px) 100vw, 900px\" \/><\/p>\n","protected":false},"excerpt":{"rendered":"<p>Z\u00e1stupci Zl\u00ednsk\u00e9ho kraje si p\u0159evzali prvn\u00edch \u0161est z 29 objednan\u00fdch elektrick\u00fdch voz\u016f Peugeot e-2008. Kompletn\u00ed&#8230;<\/p>\n","protected":false},"author":1,"featured_media":5807,"comment_status":"closed","ping_status":"closed","sticky":false,"template":"","format":"standard","meta":{"footnotes":""},"categories":[9,15],"tags":[],"class_list":["post-5805","post","type-post","status-publish","format-standard","has-post-thumbnail","hentry","category-elektromobily","category-fleety"],"_links":{"self":[{"href":"https:\/\/www.automakers.cz\/index.php?rest_route=\/wp\/v2\/posts\/5805","targetHints":{"allow":["GET"]}}],"collection":[{"href":"https:\/\/www.automakers.cz\/index.php?rest_route=\/wp\/v2\/posts"}],"about":[{"href":"https:\/\/www.automakers.cz\/index.php?rest_route=\/wp\/v2\/types\/post"}],"author":[{"embeddable":true,"href":"https:\/\/www.automakers.cz\/index.php?rest_route=\/wp\/v2\/users\/1"}],"replies":[{"embeddable":true,"href":"https:\/\/www.automakers.cz\/index.php?rest_route=%2Fwp%2Fv2%2Fcomments&post=5805"}],"version-history":[{"count":3,"href":"https:\/\/www.automakers.cz\/index.php?rest_route=\/wp\/v2\/posts\/5805\/revisions"}],"predecessor-version":[{"id":5811,"href":"https:\/\/www.automakers.cz\/index.php?rest_route=\/wp\/v2\/posts\/5805\/revisions\/5811"}],"wp:featuredmedia":[{"embeddable":true,"href":"https:\/\/www.automakers.cz\/index.php?rest_route=\/wp\/v2\/media\/5807"}],"wp:attachment":[{"href":"https:\/\/www.automakers.cz\/index.php?rest_route=%2Fwp%2Fv2%2Fmedia&parent=5805"}],"wp:term":[{"taxonomy":"category","embeddable":true,"href":"https:\/\/www.automakers.cz\/index.php?rest_route=%2Fwp%2Fv2%2Fcategories&post=5805"},{"taxonomy":"post_tag","embeddable":true,"href":"https:\/\/www.automakers.cz\/index.php?rest_route=%2Fwp%2Fv2%2Ftags&post=5805"}],"curies":[{"name":"wp","href":"https:\/\/api.w.org\/{rel}","templated":true}]}}