{"id":5832,"date":"2024-07-23T14:00:39","date_gmt":"2024-07-23T14:00:39","guid":{"rendered":"https:\/\/www.automakers.cz\/?p=5832"},"modified":"2024-07-23T14:01:05","modified_gmt":"2024-07-23T14:01:05","slug":"maskovany-elroq-si-projel-tour-de-france","status":"publish","type":"post","link":"https:\/\/www.automakers.cz\/?p=5832","title":{"rendered":"Maskovan\u00fd Elroq si projel Tour de France"},"content":{"rendered":"<p><strong>Maskovan\u00e1 \u0160koda Elroq, nejnov\u011bj\u0161\u00ed elektrick\u00fd v\u016fz, kter\u00fd automobilka odhal\u00ed na podzim tohoto roku, se p\u0159idala k z\u00e1v\u011bre\u010dn\u00e9 \u010dasovce leto\u0161n\u00edho 111. ro\u010dn\u00edku cyklistick\u00e9ho z\u00e1vodu Tour de France.<\/strong><!--more--><\/p>\n<p>B\u011bhem z\u00e1v\u011bre\u010dn\u00e9ho ceremoni\u00e1lu z\u00edskal celkov\u00fd v\u00edt\u011bz Tadej Poga\u010dar trofej z k\u0159i\u0161\u0165\u00e1lov\u00e9ho skla navr\u017eenou odd\u011blen\u00edm \u0160koda Design a v\u00edt\u011bzi bodovac\u00ed sout\u011b\u017ee Biniamu Girmayovi p\u0159edal zelenou k\u0159i\u0161\u0165\u00e1lovou trofej Klaus Zellmer, p\u0159edseda p\u0159edstavenstva spole\u010dnosti \u0160koda Auto.<\/p>\n<p>Automobilka podporuje Tour ji\u017e 21 let a letos svoji spolupr\u00e1ci zahrnuj\u00edc\u00ed zaji\u0161t\u011bn\u00ed ofici\u00e1ln\u00ed flotily voz\u016f prodlou\u017eila do roku 2028. \u0160koda Auto je v sou\u010dasnosti partnerem 20 vrcholov\u00fdch cyklistick\u00fdch akc\u00ed, mezi kter\u00e9 od roku 2022 pat\u0159\u00ed tak\u00e9 z\u00e1vod pro \u017eeny Tour de France Femmes avec Zwift.<\/p>\n<p>Klaus Zellmer, p\u0159edseda p\u0159edstavenstva spole\u010dnosti \u0160koda Auto, \u0159ekl: \u201eZ\u00e1v\u011bre\u010dn\u00e9 etapy jsou v\u017edy nap\u00ednav\u00e9 a j\u00e1 jsem hrd\u00fd na to, \u017ee \u0160koda Auto op\u011bt byla hlavn\u00edm partnerem Tour de France, a to ji\u017e 21. rok v \u0159ad\u011b. Chci poblahop\u0159\u00e1t v\u0161em sportovc\u016fm, kte\u0159\u00ed ze sebe na t\u00e9m\u011b\u0159 3 500 kilometrech vydali maximum. Bylo n\u00e1m ct\u00ed, \u017ee jsme mohli podpo\u0159it t\u00fdmy na\u0161\u00ed flotilou zahrnuj\u00edc\u00ed i \u0159editelsk\u00e9 vozy, a t\u011b\u0161\u00ed n\u00e1s, \u017ee jsme se z\u00fa\u010dastnili p\u0159ed\u00e1v\u00e1n\u00ed cen. D\u00edky na\u0161emu cyklistick\u00e9mu d\u011bdictv\u00ed je pro n\u00e1s o to v\u00fdznamn\u011bj\u0161\u00ed, \u017ee podporou Tour de France a \u0161ir\u0161\u00ed spoluprac\u00ed s organizac\u00ed A.S.O., v\u010detn\u011b \u017eensk\u00e9ho z\u00e1vodu Tour de France Femmes avec Zwift, p\u0159isp\u00edv\u00e1me k motivaci cyklist\u016f po cel\u00e9m sv\u011bt\u011b.\u201c<\/p>\n<p><img loading=\"lazy\" decoding=\"async\" class=\"alignnone size-medium wp-image-5834\" src=\"http:\/\/www.automakers.cz\/wp-content\/uploads\/2024\/07\/61_skoda_elroq_covered_drive_small-3-900x600.jpg\" alt=\"\" width=\"900\" height=\"600\" srcset=\"https:\/\/www.automakers.cz\/wp-content\/uploads\/2024\/07\/61_skoda_elroq_covered_drive_small-3-900x600.jpg 900w, https:\/\/www.automakers.cz\/wp-content\/uploads\/2024\/07\/61_skoda_elroq_covered_drive_small-3-1024x683.jpg 1024w, https:\/\/www.automakers.cz\/wp-content\/uploads\/2024\/07\/61_skoda_elroq_covered_drive_small-3-768x512.jpg 768w, https:\/\/www.automakers.cz\/wp-content\/uploads\/2024\/07\/61_skoda_elroq_covered_drive_small-3-1536x1025.jpg 1536w, https:\/\/www.automakers.cz\/wp-content\/uploads\/2024\/07\/61_skoda_elroq_covered_drive_small-3-2048x1366.jpg 2048w\" sizes=\"auto, (max-width: 900px) 100vw, 900px\" \/><\/p>\n<p><strong>P\u0159ekvapen\u00ed v z\u00e1v\u011bre\u010dn\u00e9 etap\u011b: maskovan\u00e1 \u0160koda Elroq poprv\u00e9 na ve\u0159ejnosti<\/strong><\/p>\n<p>\u0160koda Auto jako dlouholet\u00fd hlavn\u00ed partner dodala organiz\u00e1tor\u016fm 205 automobil\u016f \u0160koda, v\u010detn\u011b \u201e\u010derven\u00fdch voz\u016f\u201c, pln\u011b elektrick\u00e9ho modelu Enyaq a plug-in hybridn\u00edho Superb Combi, kter\u00e9 vyu\u017e\u00edval \u0159editel z\u00e1vodu Christian Prudhomme v \u010dele pelotonu.<\/p>\n<p>Jako ne\u010dekan\u00e9 p\u0159ekvapen\u00ed pro v\u0161echny div\u00e1ky se v z\u00e1v\u011bre\u010dn\u00e9 \u010dasovce objevil tak\u00e9 zcela nov\u00fd pln\u011b elektrick\u00fd model Elroq s maskov\u00e1n\u00edm, kter\u00fd tak za\u017eil svoji ve\u0159ejnou premi\u00e9ru. Na osobit\u011b navr\u017een\u00e9m kompaktn\u00edm SUV se poprv\u00e9 p\u0159edstavuje nov\u00fd designov\u00fd jazyk Modern Solid, jen\u017e posouv\u00e1 design model\u016f \u0160koda na novou \u00farove\u0148.<\/p>\n<p>Automobil se p\u0159ipojil k z\u00e1vodn\u00edmu poli st\u00e1le je\u0161t\u011b\u00a0s kamufl\u00e1\u017e\u00ed, proto\u017ee ofici\u00e1ln\u00ed premi\u00e9ra prob\u011bhne a\u017e na podzim tohoto roku. Dosud jej mohlo spat\u0159it a vyzkou\u0161et jen n\u011bkolik novin\u00e1\u0159\u016f b\u011bhem prvn\u00edch j\u00edzd po\u0159\u00e1dan\u00fdch pro m\u00e9dia.<\/p>\n<p><img loading=\"lazy\" decoding=\"async\" class=\"alignnone size-medium wp-image-5835\" src=\"http:\/\/www.automakers.cz\/wp-content\/uploads\/2024\/07\/60_skoda_elroq_covered_drive_small-2-900x600.jpg\" alt=\"\" width=\"900\" height=\"600\" srcset=\"https:\/\/www.automakers.cz\/wp-content\/uploads\/2024\/07\/60_skoda_elroq_covered_drive_small-2-900x600.jpg 900w, https:\/\/www.automakers.cz\/wp-content\/uploads\/2024\/07\/60_skoda_elroq_covered_drive_small-2-1024x683.jpg 1024w, https:\/\/www.automakers.cz\/wp-content\/uploads\/2024\/07\/60_skoda_elroq_covered_drive_small-2-768x512.jpg 768w, https:\/\/www.automakers.cz\/wp-content\/uploads\/2024\/07\/60_skoda_elroq_covered_drive_small-2-1536x1025.jpg 1536w, https:\/\/www.automakers.cz\/wp-content\/uploads\/2024\/07\/60_skoda_elroq_covered_drive_small-2-2048x1366.jpg 2048w\" sizes=\"auto, (max-width: 900px) 100vw, 900px\" \/><strong>\u0160koda Auto a Tour de France \u2013 21let\u00e9 partnerstv\u00ed<\/strong><\/p>\n<p>\u0160koda Auto podporuje nejv\u011bt\u0161\u00ed sv\u011btovou cyklistickou ud\u00e1lost jako ofici\u00e1ln\u00ed hlavn\u00ed partner a dodavatel automobil\u016f od roku 2004. Odd\u011blen\u00ed \u0160koda Design m\u00e1 nav\u00edc ji\u017e po\u010dtrn\u00e1ct\u00e9 na starosti v\u00fdrobu k\u0159i\u0161\u0165\u00e1lov\u00fdch trofej\u00ed pro celkov\u00e9ho v\u00edt\u011bze a l\u00eddry bodovac\u00ed a vrcha\u0159sk\u00e9 klasifikace i pro nejlep\u0161\u00edho mlad\u00e9ho jezdce. Unik\u00e1tn\u00ed, ru\u010dn\u011b zhotoven\u00e1 trofej je 60 cm vysok\u00e1 a v\u00e1\u017e\u00ed 5 kg. Vedle toho \u0160koda Auto deset let sponzoruje tak\u00e9 zelen\u00fd trikot pro l\u00eddra bodovac\u00ed sout\u011b\u017ee Tour de France.<\/p>\n<p><strong>Vrcholov\u00e1 cyklistika pod patronac\u00ed zna\u010dky \u0160koda<\/strong><\/p>\n<p>\u0160koda Auto letos prodlou\u017eila spolupr\u00e1ci s organizac\u00ed A.S.O. a je partnerem celkem 20 mezin\u00e1rodn\u00edch profesion\u00e1ln\u00edch a amat\u00e9rsk\u00fdch sportovn\u00edch akc\u00ed. Automobilka vedle dal\u0161\u00edch akc\u00ed sponzoruje z\u00e1vod L\u2019\u00c9tape by Tour de France ur\u010den\u00fd amat\u00e9r\u016fm. Od roku 2022 podporuje \u0160koda Auto tak\u00e9 z\u00e1vod pro \u017eeny Tour de France Femmes avec Zwift, kter\u00fd letos startuje 12. srpna v nizozemsk\u00e9m Rotterdamu a po osmi etap\u00e1ch kon\u010d\u00ed 18. srpna v Alpe d\u2019Huez.<\/p>\n<p><img loading=\"lazy\" decoding=\"async\" class=\"alignnone size-medium wp-image-5836\" src=\"http:\/\/www.automakers.cz\/wp-content\/uploads\/2024\/07\/tour-de-france-4-900x600.jpg\" alt=\"\" width=\"900\" height=\"600\" srcset=\"https:\/\/www.automakers.cz\/wp-content\/uploads\/2024\/07\/tour-de-france-4-900x600.jpg 900w, https:\/\/www.automakers.cz\/wp-content\/uploads\/2024\/07\/tour-de-france-4-1024x683.jpg 1024w, https:\/\/www.automakers.cz\/wp-content\/uploads\/2024\/07\/tour-de-france-4-768x512.jpg 768w, https:\/\/www.automakers.cz\/wp-content\/uploads\/2024\/07\/tour-de-france-4-1536x1024.jpg 1536w, https:\/\/www.automakers.cz\/wp-content\/uploads\/2024\/07\/tour-de-france-4-2048x1365.jpg 2048w\" sizes=\"auto, (max-width: 900px) 100vw, 900px\" \/><\/p>\n","protected":false},"excerpt":{"rendered":"<p>Maskovan\u00e1 \u0160koda Elroq, nejnov\u011bj\u0161\u00ed elektrick\u00fd v\u016fz, kter\u00fd automobilka odhal\u00ed na podzim tohoto roku, se p\u0159idala&#8230;<\/p>\n","protected":false},"author":2,"featured_media":5833,"comment_status":"closed","ping_status":"closed","sticky":false,"template":"","format":"standard","meta":{"footnotes":""},"categories":[9,29,70],"tags":[],"class_list":["post-5832","post","type-post","status-publish","format-standard","has-post-thumbnail","hentry","category-elektromobily","category-sponzoring","category-sport"],"_links":{"self":[{"href":"https:\/\/www.automakers.cz\/index.php?rest_route=\/wp\/v2\/posts\/5832","targetHints":{"allow":["GET"]}}],"collection":[{"href":"https:\/\/www.automakers.cz\/index.php?rest_route=\/wp\/v2\/posts"}],"about":[{"href":"https:\/\/www.automakers.cz\/index.php?rest_route=\/wp\/v2\/types\/post"}],"author":[{"embeddable":true,"href":"https:\/\/www.automakers.cz\/index.php?rest_route=\/wp\/v2\/users\/2"}],"replies":[{"embeddable":true,"href":"https:\/\/www.automakers.cz\/index.php?rest_route=%2Fwp%2Fv2%2Fcomments&post=5832"}],"version-history":[{"count":3,"href":"https:\/\/www.automakers.cz\/index.php?rest_route=\/wp\/v2\/posts\/5832\/revisions"}],"predecessor-version":[{"id":5858,"href":"https:\/\/www.automakers.cz\/index.php?rest_route=\/wp\/v2\/posts\/5832\/revisions\/5858"}],"wp:featuredmedia":[{"embeddable":true,"href":"https:\/\/www.automakers.cz\/index.php?rest_route=\/wp\/v2\/media\/5833"}],"wp:attachment":[{"href":"https:\/\/www.automakers.cz\/index.php?rest_route=%2Fwp%2Fv2%2Fmedia&parent=5832"}],"wp:term":[{"taxonomy":"category","embeddable":true,"href":"https:\/\/www.automakers.cz\/index.php?rest_route=%2Fwp%2Fv2%2Fcategories&post=5832"},{"taxonomy":"post_tag","embeddable":true,"href":"https:\/\/www.automakers.cz\/index.php?rest_route=%2Fwp%2Fv2%2Ftags&post=5832"}],"curies":[{"name":"wp","href":"https:\/\/api.w.org\/{rel}","templated":true}]}}