{"id":5838,"date":"2024-07-23T13:25:20","date_gmt":"2024-07-23T13:25:20","guid":{"rendered":"https:\/\/www.automakers.cz\/?p=5838"},"modified":"2024-07-23T13:26:47","modified_gmt":"2024-07-23T13:26:47","slug":"id-buzz-v-dlouhe-verzi-a-vetsim-interierem","status":"publish","type":"post","link":"https:\/\/www.automakers.cz\/?p=5838","title":{"rendered":"ID. Buzz v dlouh\u00e9 verzi a v\u011bt\u0161\u00edm interi\u00e9rem"},"content":{"rendered":"<p><b>Volkswagen U\u017eitkov\u00e9 vozy roz\u0161i\u0159uje a modernizuje \u0159adu pln\u011b elektrick\u00fdch model\u016f Bulli. Novinkou je ID. Buzz Pro Long s prodlou\u017een\u00fdm rozvorem, 86kWh akumul\u00e1torovou bateri\u00ed a nov\u00fdm elektromotorem nab\u00edzej\u00edc\u00edm v\u00fdkon 210 kW (286 k). <\/b><!--more--><\/p>\n<p>ID. Buzz Pro Long m\u00e1 interi\u00e9r pro a\u017e sedm cestuj\u00edc\u00edch. Nov\u00fd ID. Buzz Pro v obou karos\u00e1\u0159sk\u00fdch verz\u00edch byl za\u0159azen do webov\u00e9ho konfigur\u00e1toru a z\u00e1kazn\u00edci jej mohou ji\u017e objedn\u00e1vat za ceny od 1 149 000 K\u010d v\u010detn\u011b DPH, resp. 1 200 000 K\u010d v\u010detn\u011b DPH (verze Long). Ceny osobn\u00edch verz\u00ed ID. Buzz tak klesly na \u00farove\u0148 Multivanu se spalovac\u00edm motorem TDI.<\/p>\n<p>Firemn\u00ed z\u00e1kazn\u00edci mohou po\u017e\u00e1dat o dotaci 200 000 K\u010d na po\u0159\u00edzen\u00ed tohoto elektromobilu, sou\u010d\u00e1st\u00ed je vy\u0159\u00edzen\u00ed dotace na kl\u00ed\u010d s financov\u00e1n\u00edm s 0% \u00farokem. ID. Buzz GTX s pohonem v\u0161ech kol bude na \u010desk\u00e9m trhu mo\u017en\u00e9 objedn\u00e1vat v druh\u00e9 polovin\u011b leto\u0161n\u00edho roku<\/p>\n<p>ID. Buzz Pro nab\u00edz\u00ed s nov\u00fdm modelov\u00fdm rokem \u0159adu novinek. Nap\u0159\u00edklad del\u0161\u00ed dojezd a rychlej\u0161\u00ed nab\u00edjen\u00ed stejnosm\u011brn\u00fdm proudem. ID. Buzz Pro Long s prodlou\u017een\u00fdm rozvorem je s\u00e9riov\u011b vybaven sadou akumul\u00e1tor\u016f o kapacit\u011b 86 kWh, kter\u00e1 umo\u017e\u0148uje v z\u00e1vislosti na v\u00fdbav\u011b maxim\u00e1ln\u00ed dojezd 453 a\u017e 487 km podle metodiky WLTP (ID. Buzz Pro se standardn\u00edm rozvorem a 79kWh akumul\u00e1torovou bateri\u00ed m\u00e1 dojezd 423 a\u017e 461 km).<\/p>\n<p>V\u0161echny 79kWh verze modelu ID. Buzz mohou dopl\u0148ovat elektrickou energii z\u00a0rychlonab\u00edjec\u00edch stojan\u016f se stejnosm\u011brn\u00fdm proudem nab\u00edjec\u00edm v\u00fdkonem a\u017e 185 kW (dosud 170 kW). V\u00a0p\u0159\u00edpad\u011b 86kWh verz\u00ed je mo\u017en\u00fd nab\u00edjec\u00ed v\u00fdkon dokonce a\u017e 200 kW. Sadu akumul\u00e1tor\u016f o kapacit\u011b 79 kWh lze p\u0159i vyu\u017eit\u00ed nejvy\u0161\u0161\u00edho nab\u00edjec\u00edho v\u00fdkonu nab\u00edt z\u00a010 na 80 procent za m\u00e9n\u011b ne\u017e 30 minut. Pod tuto hranici lze zkr\u00e1tit i dobu nab\u00edjen\u00ed sady akumul\u00e1tor\u016f o kapacit\u011b 86 kWh d\u00edky vy\u0161\u0161\u00edmu nab\u00edjec\u00edmu v\u00fdkonu.<\/p>\n<p><img loading=\"lazy\" decoding=\"async\" class=\"alignnone size-medium wp-image-5840\" src=\"http:\/\/www.automakers.cz\/wp-content\/uploads\/2024\/07\/lwb_78_heck_01.jpg-small-4-900x600.jpg\" alt=\"\" width=\"900\" height=\"600\" srcset=\"https:\/\/www.automakers.cz\/wp-content\/uploads\/2024\/07\/lwb_78_heck_01.jpg-small-4-900x600.jpg 900w, https:\/\/www.automakers.cz\/wp-content\/uploads\/2024\/07\/lwb_78_heck_01.jpg-small-4-1024x683.jpg 1024w, https:\/\/www.automakers.cz\/wp-content\/uploads\/2024\/07\/lwb_78_heck_01.jpg-small-4-768x512.jpg 768w, https:\/\/www.automakers.cz\/wp-content\/uploads\/2024\/07\/lwb_78_heck_01.jpg-small-4-1536x1024.jpg 1536w, https:\/\/www.automakers.cz\/wp-content\/uploads\/2024\/07\/lwb_78_heck_01.jpg-small-4.jpg 2048w\" sizes=\"auto, (max-width: 900px) 100vw, 900px\" \/><b>V\u00edce prostoru<\/b><\/p>\n<p>Nov\u00e9 verze modelu ID. Buzz s prodlou\u017een\u00fdm rozvorem (Long Wheel Base, zkr\u00e1cen\u011b LWB: 3239 mm) se vyzna\u010duj\u00ed vn\u011bj\u0161\u00ed d\u00e9lkou 4962 mm. V porovn\u00e1n\u00ed s verzemi s norm\u00e1ln\u00edm rozvorem (Normal Wheel Base, resp. NWB: 2989 mm) to je o 250 mm v\u00edce. Dodate\u010dn\u00e1 d\u00e9lka vytv\u00e1\u0159\u00ed prostor pro a\u017e sedm sedadel (dv\u011b vp\u0159edu, t\u0159i ve 2. \u0159ad\u011b, dv\u011b ve 3. \u0159ad\u011b sedadel (uspo\u0159\u00e1d\u00e1n\u00ed 2\/3\/2)), je\u0161t\u011b v\u011bt\u0161\u00ed zavazadlov\u00fd prostor a novou baterii s v\u011bt\u0161\u00ed kapacitou, 86 kWh.<\/p>\n<p>S p\u011bti osobami \u201ena palub\u011b\u201c dosahuje maxim\u00e1ln\u00ed objem zavazadlov\u00e9ho prostoru 1340 litr\u016f (po horn\u00ed okraj op\u011bradel zadn\u00edch sedadel). I se sedmi obsazen\u00fdmi sedadly je st\u00e1le k dispozici zavazadlov\u00fd prostor o objemu 306 litr\u016f. Po sklopen\u00ed op\u011bradel v\u0161ech p\u011bti sedadel ve druh\u00e9 a t\u0159et\u00ed \u0159ad\u011b vzroste objem zavazadlov\u00e9ho prostoru na \u00factyhodn\u00fdch 2469 litr\u016f. Tak\u00e9 ID. Buzz s norm\u00e1ln\u00edm rozvorem, dod\u00e1van\u00fd doposud v\u00fdhradn\u011b jako p\u011btim\u00edstn\u00fd automobil (2\/3), si z\u00e1kazn\u00edci nyn\u00ed mohou nakonfigurovat v \u0161estim\u00edstn\u00e9 verzi (2\/2\/2).<\/p>\n<p><img loading=\"lazy\" decoding=\"async\" class=\"alignnone size-medium wp-image-5841\" src=\"http:\/\/www.automakers.cz\/wp-content\/uploads\/2024\/07\/gelb_kofferraum_p7-small-3-900x600.jpg\" alt=\"\" width=\"900\" height=\"600\" srcset=\"https:\/\/www.automakers.cz\/wp-content\/uploads\/2024\/07\/gelb_kofferraum_p7-small-3-900x600.jpg 900w, https:\/\/www.automakers.cz\/wp-content\/uploads\/2024\/07\/gelb_kofferraum_p7-small-3-1024x683.jpg 1024w, https:\/\/www.automakers.cz\/wp-content\/uploads\/2024\/07\/gelb_kofferraum_p7-small-3-768x512.jpg 768w, https:\/\/www.automakers.cz\/wp-content\/uploads\/2024\/07\/gelb_kofferraum_p7-small-3-1536x1024.jpg 1536w, https:\/\/www.automakers.cz\/wp-content\/uploads\/2024\/07\/gelb_kofferraum_p7-small-3.jpg 2048w\" sizes=\"auto, (max-width: 900px) 100vw, 900px\" \/><b>Optimalizovan\u00fd software a hardware<\/b><\/p>\n<p>V\u0161echny nov\u00e9 verze modelu ID. Buzz maj\u00ed modernizovan\u00fd software a hardware. Novinkou ve v\u00fdbav\u011b je zcela nov\u011b vyvinut\u00e1 generace informa\u010dn\u00edch a z\u00e1bavn\u00edch syst\u00e9m\u016f (s\u00e9riov\u011b) s intuitivn\u00ed strukturou menu a velmi vysok\u00fdm v\u00fdpo\u010detn\u00edm v\u00fdkonem. Dotykov\u00fd displej syst\u00e9mu m\u00e1 nyn\u00ed \u00fahlop\u0159\u00ed\u010dku 12,9 m\u00edsto 12,0 palce (33 m\u00edsto 30 centimetr\u016f).<\/p>\n<p>Nov\u00e1 je i osv\u011btlen\u00e1 dotykov\u00e1 li\u0161ta pro nastaven\u00ed teploty a hlasitosti. Na povely v hovorov\u00e9m jazyce reaguje nov\u00fd hlasov\u00fd asistent IDA<sup>5<\/sup>, kter\u00fd umo\u017e\u0148uje nejen ovl\u00e1dat mnoho funkc\u00ed vozidla, ale tak\u00e9 vyhled\u00e1vat odpov\u011bdi na ot\u00e1zky z nejr\u016fzn\u011bj\u0161\u00edch oblast\u00ed prost\u0159ednictv\u00edm online propojen\u00ed s datab\u00e1zemi, jako je Wikipedia. Hlasov\u00fd asistent IDA je propojens ChatGPT.<\/p>\n<p>Dal\u0161\u00ed novou funkc\u00ed je Wellness App. Jej\u00edm prost\u0159ednictv\u00edm lze p\u0159edem nakonfigurovan\u00fdmi programy p\u0159izp\u016fsobovat r\u016fzn\u00e9 funkce vozidla. ID. Buzz lze nyn\u00ed objedn\u00e1vat tak\u00e9 s head-up displeje. Novinky naleznou z\u00e1kazn\u00edci rovn\u011b\u017e mezi asisten\u010dn\u00edmi syst\u00e9my. Sou\u010d\u00e1st\u00ed jejich nab\u00eddky je nyn\u00ed Park Assist Pro s funkc\u00ed d\u00e1lkov\u00e9ho ovl\u00e1d\u00e1n\u00ed vozidla na chytr\u00e9m telefonu pro snadn\u00e9 zaparkov\u00e1n\u00ed nebo vyjet\u00ed z parkovac\u00edho m\u00edsta. Rovn\u011b\u017e nov\u00e1 je funkce upozor\u0148uj\u00edc\u00ed na nebezpe\u010d\u00ed p\u0159i vystupov\u00e1n\u00ed. Syst\u00e9m signalizuje p\u0159i otev\u00edr\u00e1n\u00ed dve\u0159\u00ed riziko st\u0159etu s motorov\u00fdmi vozidly nebo cyklisty, kte\u0159\u00ed se p\u0159ibli\u017euj\u00ed zezadu.<\/p>\n<p><img loading=\"lazy\" decoding=\"async\" class=\"alignnone size-medium wp-image-5842\" src=\"http:\/\/www.automakers.cz\/wp-content\/uploads\/2024\/07\/gelb_interieur_rechts_en_kacheln-small-2-900x600.jpg\" alt=\"\" width=\"900\" height=\"600\" srcset=\"https:\/\/www.automakers.cz\/wp-content\/uploads\/2024\/07\/gelb_interieur_rechts_en_kacheln-small-2-900x600.jpg 900w, https:\/\/www.automakers.cz\/wp-content\/uploads\/2024\/07\/gelb_interieur_rechts_en_kacheln-small-2-1024x683.jpg 1024w, https:\/\/www.automakers.cz\/wp-content\/uploads\/2024\/07\/gelb_interieur_rechts_en_kacheln-small-2-768x512.jpg 768w, https:\/\/www.automakers.cz\/wp-content\/uploads\/2024\/07\/gelb_interieur_rechts_en_kacheln-small-2-1536x1024.jpg 1536w, https:\/\/www.automakers.cz\/wp-content\/uploads\/2024\/07\/gelb_interieur_rechts_en_kacheln-small-2.jpg 2048w\" sizes=\"auto, (max-width: 900px) 100vw, 900px\" \/><b>S\u00e9riov\u00e1 v\u00fdbava<\/b><\/p>\n<p>V\u0161echny verze ID. Buzz Pro jsou vybaveny dv\u011bma posuvn\u00fdmi dve\u0159mi, LED sv\u011btlomety, zadn\u00edmi LED sv\u011btly, p\u0159edn\u00ed kamerou pro asisten\u010dn\u00ed syst\u00e9my, multifunk\u010dn\u00edm volantem, asistentem pro j\u00edzdu v j\u00edzdn\u00edm pruhu Lane Assist, asistentem pro nouzov\u00e9 brzd\u011bn\u00ed Front Assist, syst\u00e9mem V2X (vyu\u017e\u00edv\u00e1 sd\u00edlen\u00e1 data, aby mohl \u0159idi\u010de upozor\u0148ovat na nebezpe\u010d\u00ed v bezprost\u0159edn\u00edm okol\u00ed), tempomatem, dynamick\u00fdm rozpozn\u00e1v\u00e1n\u00edm dopravn\u00edch zna\u010dek, parkovac\u00edmi senzory, informa\u010dn\u00edm a z\u00e1bavn\u00edm syst\u00e9mem (Ready 2 Discover), syst\u00e9mem App Connect (v\u010detn\u011b mo\u017enosti bezkabelov\u00e9ho p\u0159ipojen\u00ed, App Connect Wireless) pro Apple CarPlay a Android Auto, rozhran\u00edm pro mobiln\u00ed telefon, automatickou klimatizac\u00ed a bezkl\u00ed\u010dkov\u00fdm p\u0159\u00edstupov\u00fdm syst\u00e9mem Keyless Start.<\/p>\n<p>Do s\u00e9riov\u00e9 v\u00fdbavy pro \u010ceskou republiku bylo nov\u011b p\u0159id\u00e1no tak\u00e9 tepeln\u00e9 \u010derpadlo. Nicm\u00e9n\u011b v\u00fdroba voz\u016f s touto v\u00fdbavou bude zah\u00e1jena po 42. kalend\u00e1\u0159n\u00edm t\u00fddnu 2024. Proto byla do nab\u00eddky p\u0159\u00edplatkov\u00fdch v\u00fdbav p\u0159id\u00e1na i mo\u017enost objedn\u00e1n\u00ed vozu bez tepeln\u00e9ho \u010derpadla s p\u0159\u00edslu\u0161nou cenovou kompenzac\u00ed (a krat\u0161\u00edm term\u00ednem dod\u00e1n\u00ed).<\/p>\n<p>Z\u00e1kazn\u00edci mohou nov\u00e9 verze ID. Buzz Pro objedn\u00e1vat za ceny, kter\u00e9 za\u010d\u00ednaj\u00ed ji\u017e od 1 149 000 K\u010d v\u010detn\u011b DPH, resp. od 1 200 000 K\u010d v\u010detn\u011b DPH ve verzi Long s prodlou\u017een\u00fdm rozvorem.<\/p>\n<p>\u201eCeny osobn\u00edch verz\u00ed ID. Buzz tak klesly na \u00farove\u0148 popul\u00e1rn\u00edho Multivanu se spalovac\u00edm motorem TDI, a to p\u0159esto\u017ee je ID. Buzz vybaven v\u00fdkon\u011bj\u0161\u00edm motorem,\u201c \u0159\u00edk\u00e1 Mirka Cimrov\u00e1, \u0159editelka zna\u010dky Volkswagen U\u017eitkov\u00e9 vozy v\u00a0\u010cesk\u00e9 republice. Sou\u010dasn\u011b se zah\u00e1jen\u00edm p\u0159edprodeje byl spu\u0161t\u011bn tak\u00e9 webov\u00fd konfigur\u00e1tor, v\u00a0n\u011bm\u017e si mohou z\u00e1kazn\u00edci v\u00a0komfortu sv\u00e9ho domova nebo kancel\u00e1\u0159e sestavit model ID. Buzz podle individu\u00e1ln\u00edch po\u017eadavk\u016f. Prvn\u00ed modernizovan\u00e9 vozy ID. Buzz Pro s\u00a0norm\u00e1ln\u00edm i prodlou\u017een\u00fdm rozvorem n\u00e1prav budou z\u00e1kazn\u00edk\u016fm p\u0159ed\u00e1ny na konci leto\u0161n\u00edho roku. Na v\u0161echny vozy se vztahuje prodlou\u017een\u00e1 z\u00e1ruka v\u00fdrobce na 2+3 roky\/ 200 000 km, co\u017e plat\u00ed i pro u\u017eitkov\u00e9 verze ID. Buzz Cargo, jejich\u017e ak\u010dn\u00ed ceny za\u010d\u00ednaj\u00ed ji\u017e od 1\u00a0019\u00a0000 K\u010d bez DPH.<\/p>\n<p><strong>V\u0161echny verze ID. Buzz si z\u00e1kazn\u00edci mohou nakonfigurovat na:<\/strong> <a href=\"https:\/\/porsche-cr.t.mailkit.eu\/PfNybCUAswLDAtAoKhRlaWRfbGcAYXUnTGh0dHBzOi8va29uZmlndXJhdG9yLnZ3LXV6aXRrb3ZlLmN6L2NjLQEG8EpzX0NaX0xORjIyL0wvcmVmZXJlbmNlLW1vZGVscy81NTJmaWRfbXNnIIjJCGRpZF9lIKP23vgDZGNoYW5lZW1haWxidHMg9bv5tAYBgUx1bCC44AZiZ2EBY2xvY2VkYXRhMQEYMGxhajgwNDcxODc4NTQBU1RzbWRrMTkxNzMwMDA3NzBjYWlkYzMzCSwIcGkxAReYMjE0NWdpZF9zZW5kIKWSugJkaWRfdABjbF9jJxlJRC4gQnV6eiAoNtgAeClhZXNoYW5kbEBhdXRvbWFrZXJzLmN6YWFlY2xpY2sFjFR1azEwOTkzNTA2MDkwY2NpZGQ4NDk3\/BdxN7LVkQ1ACVZRl4LzkdLMpGlRsvqTrjC_vdw5KKtQ\/click\" target=\"_blank\" rel=\"noopener\">ID. Buzz (vw-uzitkove.cz)<\/a><\/p>\n<p><img loading=\"lazy\" decoding=\"async\" class=\"alignnone size-medium wp-image-5843\" src=\"http:\/\/www.automakers.cz\/wp-content\/uploads\/2024\/07\/lwb_gelb_sitze_hinten_p6.jpg-small-5-900x600.jpg\" alt=\"\" width=\"900\" height=\"600\" srcset=\"https:\/\/www.automakers.cz\/wp-content\/uploads\/2024\/07\/lwb_gelb_sitze_hinten_p6.jpg-small-5-900x600.jpg 900w, https:\/\/www.automakers.cz\/wp-content\/uploads\/2024\/07\/lwb_gelb_sitze_hinten_p6.jpg-small-5-1024x683.jpg 1024w, https:\/\/www.automakers.cz\/wp-content\/uploads\/2024\/07\/lwb_gelb_sitze_hinten_p6.jpg-small-5-768x512.jpg 768w, https:\/\/www.automakers.cz\/wp-content\/uploads\/2024\/07\/lwb_gelb_sitze_hinten_p6.jpg-small-5-1536x1024.jpg 1536w, https:\/\/www.automakers.cz\/wp-content\/uploads\/2024\/07\/lwb_gelb_sitze_hinten_p6.jpg-small-5.jpg 2048w\" sizes=\"auto, (max-width: 900px) 100vw, 900px\" \/><\/p>\n","protected":false},"excerpt":{"rendered":"<p>Volkswagen U\u017eitkov\u00e9 vozy roz\u0161i\u0159uje a modernizuje \u0159adu pln\u011b elektrick\u00fdch model\u016f Bulli. Novinkou je ID. Buzz&#8230;<\/p>\n","protected":false},"author":2,"featured_media":5839,"comment_status":"closed","ping_status":"closed","sticky":false,"template":"","format":"standard","meta":{"footnotes":""},"categories":[37,9,38],"tags":[],"class_list":["post-5838","post","type-post","status-publish","format-standard","has-post-thumbnail","hentry","category-ceny-novinek","category-elektromobily","category-luv"],"_links":{"self":[{"href":"https:\/\/www.automakers.cz\/index.php?rest_route=\/wp\/v2\/posts\/5838","targetHints":{"allow":["GET"]}}],"collection":[{"href":"https:\/\/www.automakers.cz\/index.php?rest_route=\/wp\/v2\/posts"}],"about":[{"href":"https:\/\/www.automakers.cz\/index.php?rest_route=\/wp\/v2\/types\/post"}],"author":[{"embeddable":true,"href":"https:\/\/www.automakers.cz\/index.php?rest_route=\/wp\/v2\/users\/2"}],"replies":[{"embeddable":true,"href":"https:\/\/www.automakers.cz\/index.php?rest_route=%2Fwp%2Fv2%2Fcomments&post=5838"}],"version-history":[{"count":4,"href":"https:\/\/www.automakers.cz\/index.php?rest_route=\/wp\/v2\/posts\/5838\/revisions"}],"predecessor-version":[{"id":5852,"href":"https:\/\/www.automakers.cz\/index.php?rest_route=\/wp\/v2\/posts\/5838\/revisions\/5852"}],"wp:featuredmedia":[{"embeddable":true,"href":"https:\/\/www.automakers.cz\/index.php?rest_route=\/wp\/v2\/media\/5839"}],"wp:attachment":[{"href":"https:\/\/www.automakers.cz\/index.php?rest_route=%2Fwp%2Fv2%2Fmedia&parent=5838"}],"wp:term":[{"taxonomy":"category","embeddable":true,"href":"https:\/\/www.automakers.cz\/index.php?rest_route=%2Fwp%2Fv2%2Fcategories&post=5838"},{"taxonomy":"post_tag","embeddable":true,"href":"https:\/\/www.automakers.cz\/index.php?rest_route=%2Fwp%2Fv2%2Ftags&post=5838"}],"curies":[{"name":"wp","href":"https:\/\/api.w.org\/{rel}","templated":true}]}}