{"id":5863,"date":"2024-07-25T06:50:47","date_gmt":"2024-07-25T06:50:47","guid":{"rendered":"https:\/\/www.automakers.cz\/?p=5863"},"modified":"2024-07-25T06:52:18","modified_gmt":"2024-07-25T06:52:18","slug":"volkswagen-podepsal-smlouvu-s-onsemi","status":"publish","type":"post","link":"https:\/\/www.automakers.cz\/?p=5863","title":{"rendered":"Americk\u00e1 onsemi dodavatelem Volkswagenu"},"content":{"rendered":"<p><strong>Americk\u00fd producent \u010dip\u016f onsemi, kter\u00fd m\u00e1 tov\u00e1rnu v Ro\u017enov\u011b pod Radho\u0161t\u011bm, podepsal smlouvu s Volkswagen Group a stane se hlavn\u00edm dodavatelem kompletn\u00edho v\u00fdkonov\u00e9ho syst\u00e9mu do trak\u010dn\u00edch st\u0159\u00edda\u010d\u016f nov\u00e9 generace pro vozy koncernu na platform\u011b SSP (Scalable Systems Platform).<\/strong><!--more--><\/p>\n<p>Integrovan\u00fd modul na b\u00e1zi karbidu k\u0159em\u00edku je d\u00edky \u0161k\u00e1lovatelnosti pou\u017eiteln\u00fd v trak\u010dn\u00edch st\u0159\u00edda\u010d\u00edch o vysok\u00e9m i n\u00edzk\u00e9m v\u00fdkonu a najde tak uplatn\u011bn\u00ed ve vozidlech v\u0161ech kategori\u00ed.<\/p>\n<p>\u201eD\u00edky syst\u00e9mu, kter\u00fd zahrnuje celou v\u00fdkonovou mont\u00e1\u017en\u00ed podskupinu, nab\u00edz\u00edme Volkswagen Group kompletn\u00ed \u0159e\u0161en\u00ed v podob\u011b jedin\u00e9, zjednodu\u0161en\u00e9 modul\u00e1rn\u00ed a \u0161k\u00e1lovateln\u00e9 platformy, kter\u00e1 maximalizuje \u00fa\u010dinnost a v\u00fdkonnost nap\u0159\u00ed\u010d jejich portfoliem vozidel,\u201c uvedl Hassane El-Khoury, gener\u00e1ln\u00ed \u0159editel a p\u0159edseda spr\u00e1vn\u00ed rady spole\u010dnosti onsemi. \u201eV\u00fdkonov\u00e9 parametry a funkcionalitu modulu lze d\u00edky tomuto inovativn\u00edmu p\u0159\u00edstupu uzp\u016fsobit jednotliv\u00fdm model\u016fm vozidel, p\u0159i\u010dem\u017e v\u00fdkonnost nekles\u00e1 a n\u00e1klady se sni\u017euj\u00ed.\u201c<\/p>\n<p>Z\u00e1kladem v\u00fdkonov\u00e9ho \u0159e\u0161en\u00ed spole\u010dnosti onsemi jsou polovodi\u010de MOSFET \u0159ady EliteSiC M3e, d\u00edky nim\u017e syst\u00e9m v men\u0161\u00edm balen\u00ed zvl\u00e1d\u00e1 vy\u0161\u0161\u00ed v\u00fdkony, co\u017e vede k v\u00fdrazn\u011b ni\u017e\u0161\u00edm ztr\u00e1t\u00e1m energie.<\/p>\n<p>Dal\u0161\u00ed zv\u00fd\u0161en\u00ed \u00fa\u010dinnosti vypl\u00fdv\u00e1 z efektivn\u00edho odv\u00e1d\u011bn\u00ed tepla z polovodi\u010d\u016f pomoc\u00ed chladic\u00edho kan\u00e1lu, ke kter\u00e9mu jsou p\u0159ipevn\u011bny t\u0159i polom\u016fstkov\u00e9 moduly. V\u00fdsledkem je vy\u0161\u0161\u00ed v\u00fdkonnost, zlep\u0161en\u00e1 regulace tepla a n\u00e1r\u016fst \u00fa\u010dinnosti, co\u017e v praxi znamen\u00e1 prodlou\u017een\u00ed dojezdu na jedno nabit\u00ed. D\u00edky tomuto integrovan\u00e9mu \u0159e\u0161en\u00ed m\u016f\u017ee Volkswagen Group v budoucnu snadno p\u0159ech\u00e1zet na nov\u011bj\u0161\u00ed platformy EliteSiC a z\u016fstat tak v \u010dele v\u00fdvoje elektromobil\u016f.<\/p>\n<p>\u201eVelice n\u00e1s t\u011b\u0161\u00ed, \u017ee se spole\u010dnost onsemi stala strategick\u00fdm dodavatelem v\u00fdkonov\u00e9ho syst\u00e9mu do prvn\u00edch trak\u010dn\u00edch st\u0159\u00edda\u010d\u016f na platform\u011b SSP. P\u0159esv\u011bd\u010dila n\u00e1s v\u00fdraznou vertik\u00e1ln\u00ed integrac\u00ed dodavatelsk\u00e9ho \u0159et\u011bzce od zpracov\u00e1n\u00ed suroviny a\u017e po mont\u00e1\u017e syst\u00e9mu,\u201c uvedl Dirk Gro\u00dfe-Loheide, \u010dlen skupiny pro n\u00e1kup roz\u0161\u00ed\u0159en\u00e9ho v\u00fdkonn\u00e9ho v\u00fdboru a \u010dlen p\u0159edstavenstva zna\u010dky Volkswagen zodpov\u011bdn\u00fd za n\u00e1kup.<\/p>\n<p>\u201eKrom\u011b vertik\u00e1ln\u00ed integrace disponuje onsemi odoln\u00fdm dodavatelsk\u00fdm \u0159et\u011bzcem, kdy je v\u00fdroba polovodi\u010dov\u00fdch SiC komponent zaji\u0161t\u011bna na r\u016fzn\u00fdch m\u00edstech v Asii, Evrop\u011b a Spojen\u00fdch st\u00e1tech. Nav\u00edc n\u00e1m onsemi bude dod\u00e1vat v\u017edy ty nejmodern\u011bj\u0161\u00ed karbidov\u00e9 technologie, abychom z\u016fst\u00e1vali konkurenceschopn\u00ed,\u201c dod\u00e1v\u00e1 Till von Bothmer, senior viceprezident skupiny VW pro n\u00e1kup pohonn\u00fdch jednotek.<\/p>\n<figure id=\"attachment_527\" aria-describedby=\"caption-attachment-527\" style=\"width: 900px\" class=\"wp-caption alignnone\"><img loading=\"lazy\" decoding=\"async\" class=\"size-medium wp-image-527\" src=\"http:\/\/www.automakers.cz\/wp-content\/uploads\/2023\/11\/Skoda-Auto-almost-780000-vehicles-produced-worldwide-1-900x600.jpg\" alt=\"\" width=\"900\" height=\"600\" \/><figcaption id=\"caption-attachment-527\" class=\"wp-caption-text\">V\u00fdroba elektromobilu v koncernu VW<\/figcaption><\/figure>\n<p>Volkswagen Group bude rovn\u011b\u017e profitovat z toho, \u017ee se onsemi chyst\u00e1 investovat do roz\u0161\u00ed\u0159en\u00ed v\u00fdroby z karbidu k\u0159em\u00edku v \u010cesk\u00e9 republice. Z\u00e1m\u011brem investice je vybudov\u00e1n\u00ed z\u00e1vodu, kter\u00fd na \u00fazem\u00ed Evropy zajist\u00ed kompletn\u00ed v\u00fdrobu v\u00fdkonov\u00e9ho syst\u00e9mu do trak\u010dn\u00edch st\u0159\u00edda\u010d\u016f. Zkr\u00e1cen\u00ed vzd\u00e1lenost\u00ed by pos\u00edlilo dodavatelsk\u00fd \u0159et\u011bzec n\u011bmeck\u00e9ho koncernu, usnadnilo logistiku a umo\u017enilo rychlej\u0161\u00ed za\u010dlen\u011bn\u00ed karbidov\u00fdch komponent do v\u00fdroby elektromobil\u016f.<\/p>\n<p><strong>Zdroj: onsemi<\/strong><\/p>\n<p>&nbsp;<\/p>\n","protected":false},"excerpt":{"rendered":"<p>Americk\u00fd producent \u010dip\u016f onsemi, kter\u00fd m\u00e1 tov\u00e1rnu v Ro\u017enov\u011b pod Radho\u0161t\u011bm, podepsal smlouvu s Volkswagen&#8230;<\/p>\n","protected":false},"author":2,"featured_media":5866,"comment_status":"closed","ping_status":"closed","sticky":false,"template":"","format":"standard","meta":{"footnotes":""},"categories":[9],"tags":[],"class_list":["post-5863","post","type-post","status-publish","format-standard","has-post-thumbnail","hentry","category-elektromobily"],"_links":{"self":[{"href":"https:\/\/www.automakers.cz\/index.php?rest_route=\/wp\/v2\/posts\/5863","targetHints":{"allow":["GET"]}}],"collection":[{"href":"https:\/\/www.automakers.cz\/index.php?rest_route=\/wp\/v2\/posts"}],"about":[{"href":"https:\/\/www.automakers.cz\/index.php?rest_route=\/wp\/v2\/types\/post"}],"author":[{"embeddable":true,"href":"https:\/\/www.automakers.cz\/index.php?rest_route=\/wp\/v2\/users\/2"}],"replies":[{"embeddable":true,"href":"https:\/\/www.automakers.cz\/index.php?rest_route=%2Fwp%2Fv2%2Fcomments&post=5863"}],"version-history":[{"count":4,"href":"https:\/\/www.automakers.cz\/index.php?rest_route=\/wp\/v2\/posts\/5863\/revisions"}],"predecessor-version":[{"id":5880,"href":"https:\/\/www.automakers.cz\/index.php?rest_route=\/wp\/v2\/posts\/5863\/revisions\/5880"}],"wp:featuredmedia":[{"embeddable":true,"href":"https:\/\/www.automakers.cz\/index.php?rest_route=\/wp\/v2\/media\/5866"}],"wp:attachment":[{"href":"https:\/\/www.automakers.cz\/index.php?rest_route=%2Fwp%2Fv2%2Fmedia&parent=5863"}],"wp:term":[{"taxonomy":"category","embeddable":true,"href":"https:\/\/www.automakers.cz\/index.php?rest_route=%2Fwp%2Fv2%2Fcategories&post=5863"},{"taxonomy":"post_tag","embeddable":true,"href":"https:\/\/www.automakers.cz\/index.php?rest_route=%2Fwp%2Fv2%2Ftags&post=5863"}],"curies":[{"name":"wp","href":"https:\/\/api.w.org\/{rel}","templated":true}]}}