{"id":5867,"date":"2024-07-26T06:50:56","date_gmt":"2024-07-26T06:50:56","guid":{"rendered":"https:\/\/www.automakers.cz\/?p=5867"},"modified":"2024-07-26T06:50:56","modified_gmt":"2024-07-26T06:50:56","slug":"volkswagen-ma-cenu-za-elektricke-pohony","status":"publish","type":"post","link":"https:\/\/www.automakers.cz\/?p=5867","title":{"rendered":"Volkswagen m\u00e1 cenu za elektrick\u00e9 pohony"},"content":{"rendered":"<p><b>\u0160\u00e9f Volkswagenu Thomas Sch\u00e4fer p\u0159evzal cenu ankety AutomotiveINNOVATIONS Award 2024. VW byl ocen\u011bn jako nejinovativn\u011bj\u0161\u00ed mainstreamov\u00e1 zna\u010dka v oblasti elektrick\u00e9ho pohonu. Ocen\u011bn\u00ed je ka\u017edoro\u010dn\u011b ud\u011blov\u00e1no centrem automobilov\u00e9ho managementu CAM. <\/b><!--more--><\/p>\n<p>Volkswagen podle n\u00e1zoru CAM boduje rozmanit\u00fdmi inovacemi v\u00a0r\u016fzn\u00fdch technologick\u00fdch aspektech elektromobility. Zvl\u00e1\u0161tn\u00ed pozornost si p\u0159itom zaslou\u017e\u00ed prodlou\u017een\u00ed dojezdu, ale tak\u00e9 optimalizace spot\u0159eby elektrick\u00e9 energie a nab\u00edjec\u00edho v\u00fdkonu.<\/p>\n<p>Zna\u010dka Volkswagen nav\u00edc prokazuje svou velkou inova\u010dn\u00ed s\u00edlu v\u00a0oblasti elektrick\u00e9ho ekosyst\u00e9mu, kter\u00fd z\u00e1kazn\u00edk\u016fm v\u00fdrazn\u011b zvy\u0161uje komfort p\u0159i nab\u00edjen\u00ed. Krom\u011b toho byl pozitivn\u011b hodnocen tak\u00e9 model ID.7 \u2013 prvn\u00ed elektromobil zna\u010dky Volkswagen v\u00a0segmentu vy\u0161\u0161\u00ed st\u0159edn\u00ed t\u0159\u00eddy.<\/p>\n<p><strong>Thomas Sch\u00e4fer, p\u0159edseda p\u0159edstavenstva zna\u010dky Volkswagen, p\u0159i p\u0159eb\u00edr\u00e1n\u00ed ocen\u011bn\u00ed ve Wolfsburgu:<\/strong><\/p>\n<p>\u201eP\u0159edpokladem \u00fasp\u011bchu elektromobility jsou opravdu p\u0159esv\u011bd\u010div\u00e9 vozy. Toto presti\u017en\u00ed ocen\u011bn\u00ed dokl\u00e1d\u00e1 inova\u010dn\u00ed posun u v\u0161ech nov\u00fdch model\u016f ID. Elektromobily Volkswagen jsou je\u0161t\u011b atraktivn\u011bj\u0161\u00ed a nab\u00edzej\u00ed z\u00e1kazn\u00edk\u016fm v\u00fdrazn\u00e9 zv\u00fd\u0161en\u00ed komfortu, v\u00fdkonnosti a dynamiky. Budeme se je\u0161t\u011b v\u00edce sna\u017eit, aby byly technick\u00e9 inovace p\u0159\u00edstupn\u00e9 \u0161irok\u00e9mu okruhu z\u00e1kazn\u00edk\u016f, a\u0165 u\u017e se jedn\u00e1 o automobily s\u00a0elektrick\u00fdm, nebo konven\u010dn\u00edm pohonem. V\u00a0tom toti\u017e i nad\u00e1le spo\u010d\u00edv\u00e1 j\u00e1dro zna\u010dky Volkswagen.\u201c<b>\u00a0<\/b><\/p>\n<p><b>P\u0159ehled n\u011bkter\u00fdch inovac\u00ed hodnocen\u00fdch centrem CAM:<\/b><\/p>\n<p><b>Dojezd<\/b><\/p>\n<p>\u00b7\u00a0\u00a0\u00a0\u00a0\u00a0\u00a0\u00a0 Volkswagen ID.5<sup>1<\/sup>: optimalizace dojezdu na a\u017e 556 km podle metodiky WLTP<\/p>\n<p><b>Spot\u0159eba<\/b><\/p>\n<p>\u00b7\u00a0\u00a0\u00a0\u00a0\u00a0\u00a0\u00a0 Volkswagen ID.7: nejni\u017e\u0161\u00ed spot\u0159eba elektrick\u00e9 energie v\u00a0segmentu<\/p>\n<p><b>Nab\u00edjec\u00ed v\u00fdkon<\/b><\/p>\n<p>\u00b7\u00a0\u00a0\u00a0\u00a0\u00a0\u00a0\u00a0 Volkswagen ID.3<sup>2<\/sup>: maxim\u00e1ln\u00ed nab\u00edjec\u00ed v\u00fdkon modelu ID.3 byl zv\u00fd\u0161en ze 135 kW na 170 kW<\/p>\n<p><b>Elektrick\u00fd ekosyst\u00e9m<\/b><\/p>\n<p>\u00b7\u00a0\u00a0\u00a0\u00a0\u00a0\u00a0\u00a0 Volkswagen ID. Buzz<sup>3<\/sup>: poprv\u00e9 v\u00a0tomto segmentu nab\u00edzen\u00e9 temperov\u00e1n\u00ed sady akumul\u00e1tor\u016f, kter\u00e9 se automaticky spust\u00ed, jakmile \u0159idi\u010d zad\u00e1 jako c\u00edl do naviga\u010dn\u00edho syst\u00e9mu rychlonab\u00edjec\u00ed stanici<\/p>\n<p>\u00b7\u00a0\u00a0\u00a0\u00a0\u00a0\u00a0\u00a0 Volkswagen ID. Buzz: integrovan\u00e1 funkce Plug &amp; Charge<\/p>\n<p><b>Ostatn\u00ed<\/b><\/p>\n<p>\u00b7\u00a0\u00a0\u00a0\u00a0\u00a0\u00a0\u00a0 Volkswagen ID.7<sup>4<\/sup>: elektromotor AP550 s\u00a0permanentn\u00edmi magnety a nejvy\u0161\u0161\u00edm v\u00fdkonem 210 kW a maxim\u00e1ln\u00edm to\u010div\u00fdm momentem 550 N.m spot\u0159ebuje o 50 procent m\u00e9n\u011b elektrick\u00e9 energie ne\u017e elektromotor o v\u00fdkonu 150 kW<\/p>\n<p>\u00b7\u00a0\u00a0\u00a0\u00a0\u00a0\u00a0\u00a0 Volkswagen ID.7: uveden\u00ed na trh jako novinka v\u00a0segmentu vy\u0161\u0161\u00ed st\u0159edn\u00ed t\u0159\u00eddy<\/p>\n<p><img loading=\"lazy\" decoding=\"async\" class=\"alignnone size-medium wp-image-5869\" src=\"http:\/\/www.automakers.cz\/wp-content\/uploads\/2024\/07\/volkswagen-2small-900x616.jpg\" alt=\"\" width=\"900\" height=\"616\" srcset=\"https:\/\/www.automakers.cz\/wp-content\/uploads\/2024\/07\/volkswagen-2small-900x616.jpg 900w, https:\/\/www.automakers.cz\/wp-content\/uploads\/2024\/07\/volkswagen-2small-1024x701.jpg 1024w, https:\/\/www.automakers.cz\/wp-content\/uploads\/2024\/07\/volkswagen-2small-768x525.jpg 768w, https:\/\/www.automakers.cz\/wp-content\/uploads\/2024\/07\/volkswagen-2small-1536x1051.jpg 1536w, https:\/\/www.automakers.cz\/wp-content\/uploads\/2024\/07\/volkswagen-2small.jpg 1795w\" sizes=\"auto, (max-width: 900px) 100vw, 900px\" \/><\/p>\n<p><b>CAM \u2013 odborn\u00e9 znalosti v\u00a0oblastech automobil\u016f a mobility.<\/b>\u00a0Center of Automotive Management pod veden\u00edm Prof. Dr. Stefana Bratzela vyb\u00edr\u00e1 od roku 2005 produktov\u00e9 inovace glob\u00e1ln\u00edch automobilov\u00fdch koncern\u016f a hodnot\u00ed je na z\u00e1klad\u011b kvantitativn\u00edch a kvalitativn\u00edch krit\u00e9ri\u00ed. Podklady pro rozhodov\u00e1n\u00ed v\u00a0sout\u011b\u017ei AutomotiveINNOVATIONS Award tvo\u0159\u00ed ka\u017edoro\u010dn\u011b nov\u011b p\u0159ipravovan\u00e1 zpr\u00e1va AutomotiveINNOVATIONS Report na z\u00e1klad\u011b datab\u00e1ze inovac\u00ed sestavovan\u00e9 centrem CAM (Center of Automotive Management).<\/p>\n<p>Centrum CAM analyzovalo za rok 2023\/24 inovace 30 glob\u00e1ln\u00edch automobilov\u00fdch v\u00fdrobc\u016f a nov\u00e1\u010dk\u016f s\u00a0p\u0159ibli\u017en\u011b 100 automobilov\u00fdmi zna\u010dkami. P\u0159itom bylo hodnoceno celkem 709 jednotliv\u00fdch inovac\u00ed s\u00e9riov\u011b nab\u00edzen\u00fdch automobilov\u00fdmi v\u00fdrobci v\u00a0technologick\u00fdch oblastech \u201eelektrick\u00fd pohon\u201c, \u201eautonomn\u00ed j\u00edzda a ADAS\u201c a \u201einforma\u010dn\u00ed a z\u00e1bavn\u00ed syst\u00e9my a konektivita\u201c. Mezi n\u011b pat\u0159\u00ed t\u00e9m\u011b\u0159 200 \u2013 vysoce hodnocen\u00fdch \u2013 sv\u011btov\u00fdch novinek.<\/p>\n<p>Do v\u011bdeck\u00e9ho hodnocen\u00ed byla zahrnuta krit\u00e9ria, jak\u00fdmi jsou stupe\u0148 vyzr\u00e1losti, originalita, u\u017eitn\u00e9 vlastnosti pro z\u00e1kazn\u00edka a m\u00edra inovativnosti. Budouc\u00ed trendy ve v\u00fdvoji automobilov\u00fdch v\u00fdrobc\u016f nazna\u010duje nav\u00edc p\u0159ibli\u017en\u011b 300 dodate\u010dn\u00fdch p\u0159eds\u00e9riov\u00fdch inovac\u00ed nebo koncep\u010dn\u00edch voz\u016f.<\/p>\n<p><strong>Zdroj: VW<\/strong><\/p>\n<p><img loading=\"lazy\" decoding=\"async\" class=\"alignnone size-medium wp-image-2841\" src=\"http:\/\/www.automakers.cz\/wp-content\/uploads\/2024\/03\/Volkswagen-logo-900x639.jpg\" alt=\"\" width=\"900\" height=\"639\" srcset=\"https:\/\/www.automakers.cz\/wp-content\/uploads\/2024\/03\/Volkswagen-logo-900x639.jpg 900w, https:\/\/www.automakers.cz\/wp-content\/uploads\/2024\/03\/Volkswagen-logo-1024x727.jpg 1024w, https:\/\/www.automakers.cz\/wp-content\/uploads\/2024\/03\/Volkswagen-logo-768x545.jpg 768w, https:\/\/www.automakers.cz\/wp-content\/uploads\/2024\/03\/Volkswagen-logo-1536x1091.jpg 1536w, https:\/\/www.automakers.cz\/wp-content\/uploads\/2024\/03\/Volkswagen-logo.jpg 1600w\" sizes=\"auto, (max-width: 900px) 100vw, 900px\" \/><\/p>\n","protected":false},"excerpt":{"rendered":"<p>\u0160\u00e9f Volkswagenu Thomas Sch\u00e4fer p\u0159evzal cenu ankety AutomotiveINNOVATIONS Award 2024. VW byl ocen\u011bn jako nejinovativn\u011bj\u0161\u00ed&#8230;<\/p>\n","protected":false},"author":2,"featured_media":5868,"comment_status":"closed","ping_status":"closed","sticky":false,"template":"","format":"standard","meta":{"footnotes":""},"categories":[32,9],"tags":[],"class_list":["post-5867","post","type-post","status-publish","format-standard","has-post-thumbnail","hentry","category-ankety","category-elektromobily"],"_links":{"self":[{"href":"https:\/\/www.automakers.cz\/index.php?rest_route=\/wp\/v2\/posts\/5867","targetHints":{"allow":["GET"]}}],"collection":[{"href":"https:\/\/www.automakers.cz\/index.php?rest_route=\/wp\/v2\/posts"}],"about":[{"href":"https:\/\/www.automakers.cz\/index.php?rest_route=\/wp\/v2\/types\/post"}],"author":[{"embeddable":true,"href":"https:\/\/www.automakers.cz\/index.php?rest_route=\/wp\/v2\/users\/2"}],"replies":[{"embeddable":true,"href":"https:\/\/www.automakers.cz\/index.php?rest_route=%2Fwp%2Fv2%2Fcomments&post=5867"}],"version-history":[{"count":4,"href":"https:\/\/www.automakers.cz\/index.php?rest_route=\/wp\/v2\/posts\/5867\/revisions"}],"predecessor-version":[{"id":5918,"href":"https:\/\/www.automakers.cz\/index.php?rest_route=\/wp\/v2\/posts\/5867\/revisions\/5918"}],"wp:featuredmedia":[{"embeddable":true,"href":"https:\/\/www.automakers.cz\/index.php?rest_route=\/wp\/v2\/media\/5868"}],"wp:attachment":[{"href":"https:\/\/www.automakers.cz\/index.php?rest_route=%2Fwp%2Fv2%2Fmedia&parent=5867"}],"wp:term":[{"taxonomy":"category","embeddable":true,"href":"https:\/\/www.automakers.cz\/index.php?rest_route=%2Fwp%2Fv2%2Fcategories&post=5867"},{"taxonomy":"post_tag","embeddable":true,"href":"https:\/\/www.automakers.cz\/index.php?rest_route=%2Fwp%2Fv2%2Ftags&post=5867"}],"curies":[{"name":"wp","href":"https:\/\/api.w.org\/{rel}","templated":true}]}}