{"id":588,"date":"2023-11-29T15:02:38","date_gmt":"2023-11-29T15:02:38","guid":{"rendered":"https:\/\/www.automakers.cz\/?p=588"},"modified":"2023-11-29T15:03:32","modified_gmt":"2023-11-29T15:03:32","slug":"cez-esco-a-ctp-buduji-fotovoltaiky-na-strechach-hal","status":"publish","type":"post","link":"https:\/\/www.automakers.cz\/?p=588","title":{"rendered":"\u010cEZ ESCO a CTP vybuduj\u00ed fotovoltaiky na st\u0159ech\u00e1ch hal"},"content":{"rendered":"<p><strong>\u010cEZ ESCO a developer CTP zah\u00e1jili strategickou spolupr\u00e1ci v oblasti energetiky a obnoviteln\u00fdch zdroj\u016f. CTP chce ve spolupr\u00e1ci s \u010cEZ ESCO v n\u00e1sleduj\u00edc\u00edch letech osadit st\u0159echy vybran\u00fdch CTPark\u016f fotovoltaick\u00fdmi elektr\u00e1rnami.<\/strong><!--more--><\/p>\n<p>Prvn\u00ed spole\u010dnou fotovoltaiku o v\u00fdkonu 2 MW ji\u017e vybudovali v CTPark Prague East v Nupak\u00e1ch u Prahy na st\u0159ech\u00e1ch hal, ve kter\u00e9m s\u00eddl\u00ed logistick\u00e1 spole\u010dnost Raben. V sou\u010dasn\u00e9 dob\u011b prob\u00edh\u00e1 zku\u0161ebn\u00ed provoz t\u00e9to st\u0159e\u0161n\u00ed fotovoltaiky. Nov\u00e9 elektr\u00e1rny se stav\u00ed tak\u00e9 v CTParc\u00edch v Chr\u00e1\u0161\u0165anech u Prahy,\u00a0Hradci Kr\u00e1lov\u00e9, Brn\u011b, Ostrav\u011b nebo v\u00a0Cerhovic\u00edch u Ho\u0159ovic. Spole\u010dnosti zva\u017euj\u00ed roz\u0161\u00ed\u0159en\u00ed spolupr\u00e1ce i na dal\u0161\u00ed oblasti modern\u00ed energetiky.<\/p>\n<p><em>\u201eBudov\u00e1n\u00ed fotovoltaick\u00fdch elektr\u00e1ren je ned\u00edlnou sou\u010d\u00e1st\u00ed dlouhodob\u00e9 a komplexn\u00ed iniciativy udr\u017eitelnosti na\u0161ich CTPark\u016f, kter\u00e9 koncipujeme jako energeticky nez\u00e1visl\u00e9. Neust\u00e1le se sna\u017e\u00edme hledat a n\u00e1sledn\u011b i aplikovat nov\u00e1 a efektivn\u011bj\u0161\u00ed \u0159e\u0161en\u00ed, kter\u00e1 p\u0159isp\u011bj\u00ed k\u00a0vy\u0161\u0161\u00ed kvalit\u011b a ni\u017e\u0161\u00ed energetick\u00e9 n\u00e1ro\u010dnosti na\u0161ich budov. \u010cin\u00edme tak v souladu s na\u0161\u00edm dlouhodob\u00fdm sol\u00e1rn\u00edm pl\u00e1nem, v\u00a0r\u00e1mci kter\u00e9ho chceme do roku 2030 vybudovat jen v\u00a0\u010cesk\u00e9 republice kumulovan\u00fd instalovan\u00fd v\u00fdkon 250 a\u017e 300 MWp. Je skv\u011bl\u00e9, \u017ee m\u016f\u017eeme spolupracovat s takto zku\u0161en\u00fdm a siln\u00fdm partnerem, jako je \u010cEZ ESCO a spole\u010dn\u011b nejen realizovat FVE, ale tak\u00e9 p\u0159ich\u00e1zet s nov\u00fdmi a inovativn\u00edmi \u0159e\u0161en\u00edmi. Rovn\u011b\u017e jsem velmi r\u00e1d, \u017ee na\u0161i klienti, jako je spole\u010dnost Raben, pln\u011b podporuj\u00ed tyto iniciativy, d\u00edky kter\u00fdm m\u016f\u017eeme spole\u010dn\u011b sni\u017eovat uhl\u00edkovou stopu<br \/>\na celkov\u00e9 n\u00e1klady na provoz,\u201c <\/em>\u0159\u00edk\u00e1 Jakub Kodr, obchodn\u00ed \u0159editel a jednatel CTP CZ.<\/p>\n<p><em>\u201eNa\u0161e spolupr\u00e1ce s\u00a0CTP je d\u016fkazem toho, \u017ee v\u00fdznamn\u00ed hr\u00e1\u010di na trhu jasn\u011b vid\u00ed ekonomick\u00e9 i ekologick\u00e9 v\u00fdhody fotovoltaick\u00fdch elektr\u00e1ren. Fotovoltaiky dok\u00e1\u017eou pomoct \u010desk\u00e9mu pr\u016fmyslu nejen sn\u00ed\u017eit \u00fa\u010dty za energie, ale tak\u00e9 naplnit klimatick\u00e9 z\u00e1vazky, kter\u00e9 jsou v\u00a0p\u0159\u00edpad\u011b CTP mimo\u0159\u00e1dn\u011b ambici\u00f3zn\u00ed. \u010cEZ ESCO d\u00edky sv\u00fdm zku\u0161enostem a \u0161\u00ed\u0159ce slu\u017eeb dok\u00e1\u017ee nab\u00eddnout CTP dod\u00e1vku na kl\u00ed\u010d od vyprojektov\u00e1n\u00ed elektr\u00e1rny p\u0159es jej\u00ed instalaci a p\u0159ipojen\u00ed a\u017e po jej\u00ed servis. Bav\u00edme se tak\u00e9 o dal\u0161\u00edch mo\u017enostech spolupr\u00e1ce \u2013 nap\u0159\u00edklad v\u00a0oblasti elektromobility nebo projekt\u016f energetick\u00fdch \u00faspor EPC,\u201c<\/em> \u0159\u00edk\u00e1 gener\u00e1ln\u00ed \u0159editel \u010cEZ ESCO Kamil \u010cerm\u00e1k.<\/p>\n<p>V r\u00e1mci spolupr\u00e1ce za\u010dne jako prvn\u00ed fungovat fotovoltaick\u00e1 elektr\u00e1rna o v\u00fdkonu 2 MW v\u00a0CTParku Prague East v\u00a0Nupak\u00e1ch u Prahy, jej\u00ed\u017e v\u00fdstavba je dokon\u010dena a nyn\u00ed prob\u00edh\u00e1 zku\u0161ebn\u00ed provoz. Elektr\u00e1rna v\u00a0Nupak\u00e1ch vznikla na st\u0159ech\u00e1ch logistick\u00fdch budov na plo\u0161e p\u0159es 8 422 metr\u016f \u010dtvere\u010dn\u00edch a ro\u010dn\u011b vyrob\u00ed 1,94 GWh bezemisn\u00ed elekt\u0159iny \u2013 to odpov\u00edd\u00e1 spot\u0159eb\u011b v\u00edce ne\u017e 550 b\u011b\u017en\u00fdch dom\u00e1cnost\u00ed. Za rok u\u0161et\u0159\u00ed tato fotovoltaika 964 tun emis\u00ed CO<sub>2.<\/sub> Vyroben\u00e1 elektrick\u00e1 energie z FVE bude spot\u0159ebov\u00e1na lok\u00e1ln\u011b v\u00a0r\u00e1mci are\u00e1lu CTP. Haly, na kter\u00fdch je fotovoltaick\u00e1 elektr\u00e1rna um\u00edst\u011bna, vyu\u017e\u00edv\u00e1 nadn\u00e1rodn\u00ed logistick\u00e1 spole\u010dnost Raben, kter\u00e1 m\u00e1 sama velmi ambici\u00f3zn\u00ed klimatick\u00e9 c\u00edle.<\/p>\n<p><em>\u201eNa\u0161\u00ed dlouhodobou viz\u00ed je co nejrychlej\u0161\u00ed sni\u017eov\u00e1n\u00ed uhl\u00edkov\u00e9 stopy a klimatick\u00fdch dopad\u016f na\u0161eho byznysu. Uv\u011bdomujeme si, \u017ee odv\u011btv\u00ed logistiky je zna\u010dn\u011b energeticky a surovinov\u011b n\u00e1ro\u010dn\u00e9. Do roku 2025 proto chceme mimo jin\u00e9 sn\u00ed\u017eit emise CO<sub>2 <\/sub>z provozu\u00a0na\u0161ich administrativn\u00edch prostor\u016f o 30 procent a emise z\u00a0n\u00e1kladn\u00ed dopravy o 10 procent. Zelen\u00e1 elekt\u0159ina dod\u00e1van\u00e1 fotovoltaick\u00fdmi elektr\u00e1rnami do tohoto konceptu dob\u0159e zapad\u00e1,\u201c<\/em> \u0159\u00edk\u00e1 <strong>George King, Lease &amp; Facility mana\u017eer pro \u010cR a SR spole\u010dnosti Raben Group<\/strong>.<\/p>\n<p>Letos ji\u017e byly zah\u00e1jeny v\u00fdstavby dal\u0161\u00edch fotovoltaick\u00fdch elektr\u00e1ren, na kter\u00fdch spolupracuj\u00ed \u010cEZ ESCO<br \/>\na CTP.<\/p>\n<table>\n<tbody>\n<tr>\n<td width=\"132\">M\u00edsto<\/td>\n<td width=\"119\">Plocha osazen\u00e1 panely (m<sup>2<\/sup>)<\/td>\n<td width=\"117\">Pl\u00e1novan\u00fd v\u00fdkon (kWp)<\/td>\n<td width=\"133\">Pl\u00e1novan\u00e1 v\u00fdroba (MWh rok)<\/td>\n<td width=\"125\">\u00daspora emis\u00ed (rok)<\/td>\n<\/tr>\n<tr>\n<td width=\"132\">CTPark Prague East (Nupaky)<\/td>\n<td width=\"119\">8 422<\/td>\n<td width=\"117\">2006<\/td>\n<td width=\"133\">1941<\/td>\n<td width=\"125\">964<\/td>\n<\/tr>\n<tr>\n<td width=\"132\">CTPark Prague West (Chr\u00e1\u0161\u0165any)<\/td>\n<td width=\"119\">4 416<\/td>\n<td width=\"117\">898<\/td>\n<td width=\"133\">869<\/td>\n<td width=\"125\">431<\/td>\n<\/tr>\n<tr>\n<td width=\"132\">CTPark Cerhovice II<\/td>\n<td width=\"119\">3\u00a0968<\/td>\n<td width=\"117\">822<\/td>\n<td width=\"133\">796<\/td>\n<td width=\"125\">395<\/td>\n<\/tr>\n<tr>\n<td width=\"132\">CTPark Hradec Kr\u00e1lov\u00e9, f\u00e1ze I<\/td>\n<td width=\"119\">1\u00a0691<\/td>\n<td width=\"117\">350<\/td>\n<td width=\"133\">339<\/td>\n<td width=\"125\">168<\/td>\n<\/tr>\n<tr>\n<td width=\"132\">CTPark Hradec Kr\u00e1lov\u00e9, f\u00e1ze II<\/td>\n<td width=\"119\">1493<\/td>\n<td width=\"117\">309<\/td>\n<td width=\"133\">299<\/td>\n<td width=\"125\">148<\/td>\n<\/tr>\n<tr>\n<td width=\"132\">CTPark Ostrava\u2013O23<\/td>\n<td width=\"119\">11969<\/td>\n<td width=\"117\">2510<\/td>\n<td width=\"133\">2429<\/td>\n<td width=\"125\">1206<\/td>\n<\/tr>\n<tr>\n<td width=\"132\">CTPark Brno<\/td>\n<td width=\"119\">5925<\/td>\n<td width=\"117\">1154<\/td>\n<td width=\"133\">1117<\/td>\n<td width=\"125\">554<\/td>\n<\/tr>\n<tr>\n<td width=\"132\">CTPark Brno (\u010cernovick\u00e9 terasy II)<\/td>\n<td width=\"119\">6135<\/td>\n<td width=\"117\">1289<\/td>\n<td width=\"133\">1248<\/td>\n<td width=\"125\">620<\/td>\n<\/tr>\n<tr>\n<td width=\"132\">celkem<\/td>\n<td width=\"119\">44 019<\/td>\n<td width=\"117\">9\u00a0338<\/td>\n<td width=\"133\">9 038<\/td>\n<td width=\"125\">4 486<\/td>\n<\/tr>\n<\/tbody>\n<\/table>\n<p>CTP je nejv\u011bt\u0161\u00edm evropsk\u00fdm vlastn\u00edkem, developerem a spr\u00e1vcem logistick\u00fdch a pr\u016fmyslov\u00fdch nemovitost\u00ed podle hrub\u00e9 pronaj\u00edmateln\u00e9 plochy, kter\u00fd k 31. b\u0159eznu 2023 vlastnil 11 milionu metr\u016f \u010dtvere\u010dn\u00edch hrub\u00e9 pronaj\u00edmateln\u00e9 plochy (GLA) v 10 zem\u00edch. Spole\u010dnost CTP certifikuje v\u0161echny nov\u00e9 budovy dle standardu BREEAM jako &#8222;Very Good&#8220; nebo lep\u0161\u00ed, a z\u00edskala hodnocen\u00ed &#8222;Low-Risk&#8220; ESG od spole\u010dnosti Sustainalytics, co\u017e podtrhuje jej\u00ed z\u00e1vazek b\u00fdt udr\u017eiteln\u00fdm podnikem.<\/p>\n<p><strong>Zdroj: TK CTP, Erich Handl, Nupaky<\/strong><\/p>\n<p>&nbsp;<\/p>\n","protected":false},"excerpt":{"rendered":"<p>\u010cEZ ESCO a developer CTP zah\u00e1jili strategickou spolupr\u00e1ci v oblasti energetiky a obnoviteln\u00fdch zdroj\u016f. CTP&#8230;<\/p>\n","protected":false},"author":1,"featured_media":589,"comment_status":"open","ping_status":"open","sticky":false,"template":"","format":"standard","meta":{"footnotes":""},"categories":[41,40],"tags":[],"class_list":["post-588","post","type-post","status-publish","format-standard","has-post-thumbnail","hentry","category-ekologie","category-technologie"],"_links":{"self":[{"href":"https:\/\/www.automakers.cz\/index.php?rest_route=\/wp\/v2\/posts\/588","targetHints":{"allow":["GET"]}}],"collection":[{"href":"https:\/\/www.automakers.cz\/index.php?rest_route=\/wp\/v2\/posts"}],"about":[{"href":"https:\/\/www.automakers.cz\/index.php?rest_route=\/wp\/v2\/types\/post"}],"author":[{"embeddable":true,"href":"https:\/\/www.automakers.cz\/index.php?rest_route=\/wp\/v2\/users\/1"}],"replies":[{"embeddable":true,"href":"https:\/\/www.automakers.cz\/index.php?rest_route=%2Fwp%2Fv2%2Fcomments&post=588"}],"version-history":[{"count":3,"href":"https:\/\/www.automakers.cz\/index.php?rest_route=\/wp\/v2\/posts\/588\/revisions"}],"predecessor-version":[{"id":591,"href":"https:\/\/www.automakers.cz\/index.php?rest_route=\/wp\/v2\/posts\/588\/revisions\/591"}],"wp:featuredmedia":[{"embeddable":true,"href":"https:\/\/www.automakers.cz\/index.php?rest_route=\/wp\/v2\/media\/589"}],"wp:attachment":[{"href":"https:\/\/www.automakers.cz\/index.php?rest_route=%2Fwp%2Fv2%2Fmedia&parent=588"}],"wp:term":[{"taxonomy":"category","embeddable":true,"href":"https:\/\/www.automakers.cz\/index.php?rest_route=%2Fwp%2Fv2%2Fcategories&post=588"},{"taxonomy":"post_tag","embeddable":true,"href":"https:\/\/www.automakers.cz\/index.php?rest_route=%2Fwp%2Fv2%2Ftags&post=588"}],"curies":[{"name":"wp","href":"https:\/\/api.w.org\/{rel}","templated":true}]}}