{"id":5885,"date":"2024-07-25T13:14:24","date_gmt":"2024-07-25T13:14:24","guid":{"rendered":"https:\/\/www.automakers.cz\/?p=5885"},"modified":"2024-07-25T13:14:35","modified_gmt":"2024-07-25T13:14:35","slug":"prologis-oznamuje-dve-povyseni-v-tymu","status":"publish","type":"post","link":"https:\/\/www.automakers.cz\/?p=5885","title":{"rendered":"Prologis ozn\u00e1mil dv\u011b pov\u00fd\u0161en\u00ed v t\u00fdmu"},"content":{"rendered":"<p><strong><span lang=\"PL\">Anna J\u016fzov\u00e1 a Kate\u0159ina B\u0159ezinov\u00e1 p\u0159e\u0161ly ve spole\u010dnosti Prologis na pozici Senior mana\u017eerka pron\u00e1jm\u016f a z\u00e1kaznick\u00e9 zku\u0161enosti spole\u010dnosti.<\/span><\/strong><!--more--><\/p>\n<p><em><span lang=\"PL\">\u201eJsem hrd\u00e1 a nad\u0161en\u00e1 z p\u0159echodu na tuto novou pozici,\u201d\u00a0<\/span><\/em><span lang=\"PL\">\u0159\u00edk\u00e1 Anna J\u016fzov\u00e1, a dod\u00e1v\u00e1:\u00a0<\/span><em><span lang=\"PL\">\u201eT\u011b\u0161\u00edm se na dal\u0161\u00ed spolupr\u00e1ci s na\u0161imi z\u00e1kazn\u00edky, kter\u00e1 p\u0159inese jejich podnik\u00e1n\u00ed je\u0161t\u011b v\u011bt\u0161\u00ed u\u017eitek. R\u00e1da bych pod\u011bkovala sv\u00fdm koleg\u016fm za podporu, d\u00edky n\u00ed\u017e je Prologis tak skv\u011bl\u00fdm m\u00edstem pro pr\u00e1ci.\u201d<\/span><\/em><\/p>\n<p><em><span lang=\"PL\">\u201eP\u0159evzet\u00ed v\u011bt\u0161\u00ed zodpov\u011bdnosti za podporu na\u0161ich z\u00e1kazn\u00edk\u016f v jejich rozvoji je skute\u010dn\u011b vzru\u0161uj\u00edc\u00ed vyhl\u00eddkou,\u201d\u00a0<\/span><\/em><span lang=\"PL\">\u0159\u00edk\u00e1 Kate\u0159ina B\u0159ezinov\u00e1.<\/span><em><span lang=\"PL\">\u00a0<\/span><\/em><\/p>\n<p><em><span lang=\"PL\">\u201eVe spole\u010dnosti Prologis jsme p\u0159esv\u011bd\u010deni, \u017ee na\u0161e slu\u017eby a podpora pozvedaj\u00ed p\u016fsoben\u00ed z\u00e1kazn\u00edk\u016f na vy\u0161\u0161\u00ed \u00farove\u0148. T\u011b\u0161\u00edm se, \u017ee v t\u00e9to nov\u00e9 roli budu moci i nad\u00e1le spolupracovat se sv\u00fdmi kolegy na tom, abychom mohli logistick\u00e9 pot\u0159eby na\u0161ich z\u00e1kazn\u00edk\u016f realizovat.\u201d<\/span><\/em><\/p>\n<p><em><span lang=\"PL\">\u201eJsme nad\u0161en\u00ed, \u017ee m\u016f\u017eeme ocenit a odm\u011bnit \u00fasil\u00ed vynikaj\u00edc\u00edch \u010dlen\u016f na\u0161eho t\u00fdmu,\u201d\u00a0<\/span><\/em><span lang=\"PL\">\u0159\u00edk\u00e1\u00a0<\/span><a href=\"https:\/\/www.prologisce.eu\/cs\/who-we-are\/leadership\/martin-balaz\"><span lang=\"PL\">Martin Bal\u00e1\u017e<\/span><\/a><span lang=\"PL\">, Prologis Head of Asset Management\u00a0pro st\u0159edn\u00ed Evropu.<\/span><em><span lang=\"PL\">\u00a0\u201eProk\u00e1zaly v\u00fdjime\u010dn\u00e9 nasazen\u00ed a dovednosti a ve sv\u00e9 dosavadn\u00ed pr\u00e1ci dos\u00e1hly vynikaj\u00edc\u00edch v\u00fdsledk\u016f. R\u00e1d bych Ann\u011b i Kate\u0159in\u011b pogratuloval k jejich zaslou\u017een\u00e9mu pov\u00fd\u0161en\u00ed.\u201d<\/span><\/em><\/p>\n<p><img loading=\"lazy\" decoding=\"async\" class=\"alignnone size-medium wp-image-5887\" src=\"http:\/\/www.automakers.cz\/wp-content\/uploads\/2024\/07\/Katerina-Brezinova_Prologis-2-small-784x900.jpg\" alt=\"\" width=\"784\" height=\"900\" srcset=\"https:\/\/www.automakers.cz\/wp-content\/uploads\/2024\/07\/Katerina-Brezinova_Prologis-2-small-784x900.jpg 784w, https:\/\/www.automakers.cz\/wp-content\/uploads\/2024\/07\/Katerina-Brezinova_Prologis-2-small-893x1024.jpg 893w, https:\/\/www.automakers.cz\/wp-content\/uploads\/2024\/07\/Katerina-Brezinova_Prologis-2-small-768x881.jpg 768w, https:\/\/www.automakers.cz\/wp-content\/uploads\/2024\/07\/Katerina-Brezinova_Prologis-2-small-1339x1536.jpg 1339w, https:\/\/www.automakers.cz\/wp-content\/uploads\/2024\/07\/Katerina-Brezinova_Prologis-2-small-1024x1175.jpg 1024w, https:\/\/www.automakers.cz\/wp-content\/uploads\/2024\/07\/Katerina-Brezinova_Prologis-2-small.jpg 1772w\" sizes=\"auto, (max-width: 784px) 100vw, 784px\" \/><\/p>\n","protected":false},"excerpt":{"rendered":"<p>Anna J\u016fzov\u00e1 a Kate\u0159ina B\u0159ezinov\u00e1 p\u0159e\u0161ly ve spole\u010dnosti Prologis na pozici Senior mana\u017eerka pron\u00e1jm\u016f a&#8230;<\/p>\n","protected":false},"author":2,"featured_media":5886,"comment_status":"closed","ping_status":"closed","sticky":false,"template":"","format":"standard","meta":{"footnotes":""},"categories":[43,5],"tags":[],"class_list":["post-5885","post","type-post","status-publish","format-standard","has-post-thumbnail","hentry","category-logistika","category-personalie"],"_links":{"self":[{"href":"https:\/\/www.automakers.cz\/index.php?rest_route=\/wp\/v2\/posts\/5885","targetHints":{"allow":["GET"]}}],"collection":[{"href":"https:\/\/www.automakers.cz\/index.php?rest_route=\/wp\/v2\/posts"}],"about":[{"href":"https:\/\/www.automakers.cz\/index.php?rest_route=\/wp\/v2\/types\/post"}],"author":[{"embeddable":true,"href":"https:\/\/www.automakers.cz\/index.php?rest_route=\/wp\/v2\/users\/2"}],"replies":[{"embeddable":true,"href":"https:\/\/www.automakers.cz\/index.php?rest_route=%2Fwp%2Fv2%2Fcomments&post=5885"}],"version-history":[{"count":5,"href":"https:\/\/www.automakers.cz\/index.php?rest_route=\/wp\/v2\/posts\/5885\/revisions"}],"predecessor-version":[{"id":5906,"href":"https:\/\/www.automakers.cz\/index.php?rest_route=\/wp\/v2\/posts\/5885\/revisions\/5906"}],"wp:featuredmedia":[{"embeddable":true,"href":"https:\/\/www.automakers.cz\/index.php?rest_route=\/wp\/v2\/media\/5886"}],"wp:attachment":[{"href":"https:\/\/www.automakers.cz\/index.php?rest_route=%2Fwp%2Fv2%2Fmedia&parent=5885"}],"wp:term":[{"taxonomy":"category","embeddable":true,"href":"https:\/\/www.automakers.cz\/index.php?rest_route=%2Fwp%2Fv2%2Fcategories&post=5885"},{"taxonomy":"post_tag","embeddable":true,"href":"https:\/\/www.automakers.cz\/index.php?rest_route=%2Fwp%2Fv2%2Ftags&post=5885"}],"curies":[{"name":"wp","href":"https:\/\/api.w.org\/{rel}","templated":true}]}}