{"id":595,"date":"2023-11-29T18:30:54","date_gmt":"2023-11-29T18:30:54","guid":{"rendered":"https:\/\/www.automakers.cz\/?p=595"},"modified":"2023-11-29T18:35:53","modified_gmt":"2023-11-29T18:35:53","slug":"volkswagen-fs-si-chvali-pujcovnu-elektromobilu","status":"publish","type":"post","link":"https:\/\/www.automakers.cz\/?p=595","title":{"rendered":"Volkswagen FS si chv\u00e1l\u00ed p\u016fj\u010dovnu elektromobil\u016f"},"content":{"rendered":"<p><strong>Volkswagen Financial Services zavedla v b\u0159eznu pro svou firemn\u00ed klientelu mo\u017enost vyzkou\u0161et si elektromobilitu na vlastn\u00ed k\u016f\u017ei. A od t\u00e9 doby se nov\u00e1 p\u016fj\u010dovna elektromobil\u016f t\u011b\u0161\u00ed z\u00e1jmu.<\/strong><!--more--><\/p>\n<p>Nej\u010dast\u011bj\u0161\u00ed doba z\u00e1p\u016fj\u010dky je 14 dn\u016f a elektromobily jezd\u00ed nejen po cel\u00e9 \u010cesk\u00e9 republice, ale i do zahrani\u010d\u00ed. Ohlasy klient\u016f jsou s velkou p\u0159evahou pozitivn\u00ed a mnoz\u00ed z nich na z\u00e1klad\u011b sv\u00fdch prvn\u00edch v\u011bt\u0161\u00edch zku\u0161enost\u00ed s elektromobilitou ji\u017e v\u00e1\u017en\u011b uva\u017euj\u00ed o kompletn\u00edm nebo \u010d\u00e1ste\u010dn\u00e9m p\u0159echodu na elektromobilitu.<\/p>\n<p>\u201eM\u00e1m velkou radost, \u017ee se n\u00e1m poda\u0159ilo \u00fasp\u011b\u0161n\u00fdm projektem p\u016fj\u010dovny elektromobil\u016f vyvolat velk\u00fd z\u00e1jem na\u0161ich firemn\u00edch klient\u016f o udr\u017eitelnou mobilitu s nulov\u00fdmi p\u0159\u00edm\u00fdmi emisemi,\u201c \u0159\u00edk\u00e1 Vratislav Stra\u0161il, gener\u00e1ln\u00ed \u0159editel spole\u010dnosti Volkswagen Financial Services.<\/p>\n<figure id=\"attachment_323\" aria-describedby=\"caption-attachment-323\" style=\"width: 500px\" class=\"wp-caption alignnone\"><img loading=\"lazy\" decoding=\"async\" class=\"size-full wp-image-323\" src=\"http:\/\/www.automakers.cz\/wp-content\/uploads\/2023\/11\/Strasil-Vratislav-ridic-e1678266008285.png\" alt=\"\" width=\"500\" height=\"333\" \/><figcaption id=\"caption-attachment-323\" class=\"wp-caption-text\">Jednatel firmy Vratislav Stra\u0161il<\/figcaption><\/figure>\n<p>\u201eNejv\u011bt\u0161\u00ed popt\u00e1vku registrujeme od \u010desk\u00fdch dce\u0159in\u00fdch firem mezin\u00e1rodn\u00edch koncern\u016f, jejich\u017e mate\u0159sk\u00e9 spole\u010dnosti ve sv\u00fdch ESG strategi\u00edch p\u0159ech\u00e1zej\u00ed k uhl\u00edkov\u00e9 neutralit\u011b. Co se t\u00fdk\u00e1 sektorov\u00e9ho \u010dlen\u011bn\u00ed, nejv\u00edc elektromobil\u016f si od n\u00e1s p\u016fj\u010duj\u00ed firmy p\u016fsob\u00edc\u00ed v energetick\u00fdch a technologick\u00fdch odv\u011btv\u00edch,\u201c dod\u00e1v\u00e1 Stra\u0161il.<\/p>\n<p><strong>Vyt\u00ed\u017eenost vozov\u00e9ho parku<\/strong><\/p>\n<p>Z\u00e1jem o elektromobily z\u00a0p\u016fj\u010dovny spole\u010dnosti Volkswagen Financial Services od jej\u00edho b\u0159eznov\u00e9ho startu strm\u011b roste. Vyt\u00ed\u017eenost vozov\u00e9ho parku slo\u017een\u00e9ho z 10 elektricky poh\u00e1n\u011bn\u00fdch vozidel reprezentuj\u00edc\u00edch\u00a0r\u016fzn\u00e9 automobilov\u00e9 segmenty dos\u00e1hla v\u00a0z\u00e1\u0159\u00ed 86,6 % a v\u00a0pr\u016fb\u011bhu \u0159\u00edjna se vy\u0161plhala dokonce na 93 %. V\u00a0aktu\u00e1ln\u00ed nab\u00eddce jsou modely Audi Q4 e-tron Sportback, CUPRA Born, \u0160koda Enyaq, \u0160koda Enyaq Coup\u00e9, Volkswagen ID.4, Volkswagen ID.5, Volkswagen ID. Buzz a Volkswagen ID. Buzz Cargo.<\/p>\n<p>\u201eNa\u0161i klienti si elektromobily p\u016fj\u010duj\u00ed nej\u010dast\u011bji na 14 dn\u016f a podnikaj\u00ed s\u00a0nimi tak\u00e9 del\u0161\u00ed cesty nejen v\u00a0r\u00e1mci \u010ceska, ale i do zahrani\u010d\u00ed. Cht\u011bj\u00ed si elektromobilitu d\u016fkladn\u011b vyzkou\u0161et ve v\u0161ech mo\u017en\u00fdch podm\u00ednk\u00e1ch provozu sv\u00e9ho vozov\u00e9ho parku, co\u017e p\u0159esn\u011b napl\u0148uje z\u00e1m\u011br, s\u00a0n\u00edm\u017e jsme se do realizace projektu p\u016fj\u010dovny elektromobil\u016f pustili,\u201c bilancuje prvn\u00ed p\u016flrok elektromobilov\u00e9 p\u016fj\u010dovny Vratislav Stra\u0161il.<\/p>\n<p>\u201eNejv\u00edc n\u00e1s t\u011b\u0161\u00ed pozitivn\u00ed ohlasy z\u00e1kazn\u00edk\u016f po v\u00fdp\u016fj\u010dce, kter\u00e9 s\u00a0velkou p\u0159evahou dominuj\u00ed. Mnoh\u00e9 firmy na z\u00e1klad\u011b dobr\u00fdch zku\u0161enost\u00ed s\u00a0dlouhodob\u011bj\u0161\u00edm provozem elektromobil\u016f ji\u017e v\u00e1\u017en\u011b uva\u017euj\u00ed o jejich za\u0159azen\u00ed do sv\u00e9ho vozov\u00e9ho parku. N\u011bkter\u00e9 firmy elektromobily dokonce u\u017e provozuj\u00ed a maj\u00ed konkr\u00e9tn\u00ed pl\u00e1ny na dal\u0161\u00ed roz\u0161i\u0159ov\u00e1n\u00ed vozov\u00e9ho parku sm\u011brem k elektromobilit\u011b,\u201c \u0159\u00edk\u00e1 Vratislav Stra\u0161il a dopl\u0148uje: \u201eA i v t\u011bch n\u011bkolika p\u0159\u00edpadech, kdy se firmy po z\u00e1p\u016fj\u010dce rozhodly, \u017ee prozat\u00edm vzhledem ke sv\u00fdm specifick\u00fdm po\u017eadavk\u016fm na mobilitu z\u016fstanou u vozidel poh\u00e1n\u011bn\u00fdch spalovac\u00edmi motory, oce\u0148uj\u00ed na\u0161i klienti nesporn\u00e9 p\u0159ednosti elektromobil\u016f, a\u0165 se jedn\u00e1 o j\u00edzdn\u00ed dynamiku, nebo plynulost \u0159\u00edzen\u00ed.\u201c<\/p>\n<p><strong>Za 500 K\u010d na den<\/strong><\/p>\n<p>Z\u00e1kazn\u00edci si mohou v\u00a0p\u016fj\u010dovn\u011b elektromobil\u016f spole\u010dnosti Volkswagen Financial Services zvolit dobu pron\u00e1jmu v rozsahu od 7 do 60 dn\u00ed. N\u00e1jemn\u00e9 500 K\u010d bez DPH za den zahrnuje poji\u0161t\u011bn\u00ed vozidla s\u00a05% spolu\u00fa\u010dast\u00ed, nab\u00edjec\u00ed kartu CHARGEE, kter\u00e1 je k\u00a0elektromobil\u016fm nab\u00edzena i v\u00a0r\u00e1mci operativn\u00edho leasingu a pokr\u00fdv\u00e1 kompletn\u00ed s\u00ed\u0165 ve\u0159ejn\u00fdch nab\u00edje\u010dek, a servisn\u00ed kartu s\u00a0kontaktem na technickou asistenci. Po\u010det ujet\u00fdch kilometr\u016f za den je omezen na 150 km, p\u0159i\u010dem\u017e kilometry ujet\u00e9 nad touto hranic\u00ed jsou zpoplatn\u011bny \u010d\u00e1stkou 1,80 K\u010d bez DPH\/km.<\/p>\n<p>Elektromobily z\u00a0p\u016fj\u010dovny se p\u0159ed\u00e1vaj\u00ed a vracej\u00ed u autorizovan\u00e9ho prodejce Porsche Praha-Prosek na Praze 8. Vozy ID. Buzz Cargo lze vyzved\u00e1vat a vracet tak\u00e9 u spole\u010dnosti Auto Heller Ostrava v\u00a0Moravsk\u00e9 Ostrav\u011b a P\u0159\u00edvozu nebo Auto Vyso\u010dina v\u00a0Jihlav\u011b. Nab\u00eddka je ur\u010dena pro firemn\u00ed klienty s\u00a0vozov\u00fdm parkem \u010d\u00edtaj\u00edc\u00edm 5 a v\u00edce voz\u016f. Firmy p\u0159i zap\u016fj\u010den\u00ed elektromobilu z\u00edskaj\u00ed od spole\u010dnosti Volkswagen Financial Services tak\u00e9 kompletn\u00ed nab\u00eddku financov\u00e1n\u00ed v\u010detn\u011b poji\u0161t\u011bn\u00ed na m\u00edru jejich specifick\u00fdm pot\u0159eb\u00e1m.<\/p>\n<p><strong>Zdroj: Volkswagen Financial Services<\/strong><\/p>\n","protected":false},"excerpt":{"rendered":"<p>Volkswagen Financial Services zavedla v b\u0159eznu pro svou firemn\u00ed klientelu mo\u017enost vyzkou\u0161et si elektromobilitu na&#8230;<\/p>\n","protected":false},"author":1,"featured_media":597,"comment_status":"open","ping_status":"open","sticky":false,"template":"","format":"standard","meta":{"footnotes":""},"categories":[9,10],"tags":[],"class_list":["post-595","post","type-post","status-publish","format-standard","has-post-thumbnail","hentry","category-elektromobily","category-statistika"],"_links":{"self":[{"href":"https:\/\/www.automakers.cz\/index.php?rest_route=\/wp\/v2\/posts\/595","targetHints":{"allow":["GET"]}}],"collection":[{"href":"https:\/\/www.automakers.cz\/index.php?rest_route=\/wp\/v2\/posts"}],"about":[{"href":"https:\/\/www.automakers.cz\/index.php?rest_route=\/wp\/v2\/types\/post"}],"author":[{"embeddable":true,"href":"https:\/\/www.automakers.cz\/index.php?rest_route=\/wp\/v2\/users\/1"}],"replies":[{"embeddable":true,"href":"https:\/\/www.automakers.cz\/index.php?rest_route=%2Fwp%2Fv2%2Fcomments&post=595"}],"version-history":[{"count":4,"href":"https:\/\/www.automakers.cz\/index.php?rest_route=\/wp\/v2\/posts\/595\/revisions"}],"predecessor-version":[{"id":600,"href":"https:\/\/www.automakers.cz\/index.php?rest_route=\/wp\/v2\/posts\/595\/revisions\/600"}],"wp:featuredmedia":[{"embeddable":true,"href":"https:\/\/www.automakers.cz\/index.php?rest_route=\/wp\/v2\/media\/597"}],"wp:attachment":[{"href":"https:\/\/www.automakers.cz\/index.php?rest_route=%2Fwp%2Fv2%2Fmedia&parent=595"}],"wp:term":[{"taxonomy":"category","embeddable":true,"href":"https:\/\/www.automakers.cz\/index.php?rest_route=%2Fwp%2Fv2%2Fcategories&post=595"},{"taxonomy":"post_tag","embeddable":true,"href":"https:\/\/www.automakers.cz\/index.php?rest_route=%2Fwp%2Fv2%2Ftags&post=595"}],"curies":[{"name":"wp","href":"https:\/\/api.w.org\/{rel}","templated":true}]}}