{"id":5998,"date":"2024-07-30T09:09:35","date_gmt":"2024-07-30T09:09:35","guid":{"rendered":"https:\/\/www.automakers.cz\/?p=5998"},"modified":"2024-07-30T09:09:35","modified_gmt":"2024-07-30T09:09:35","slug":"obchvat-budejovic-zatim-bez-poplatku","status":"publish","type":"post","link":"https:\/\/www.automakers.cz\/?p=5998","title":{"rendered":"Obchvat Bud\u011bjovic zat\u00edm bez poplatku"},"content":{"rendered":"<p class=\"-wm-MsoNormal\"><b>Desetikilometrov\u00fd \u00fasek d\u00e1lnice D3 tvo\u0159\u00edc\u00ed obchvat \u010cesk\u00fdch Bud\u011bjovic bude po prosincov\u00e9m zprovozn\u011bn\u00ed bez d\u00e1lni\u010dn\u00edho poplatku. Domluvil se na tom ministr dopravy Martin Kupka s\u00a0hejtmanem Jiho\u010desk\u00e9ho kraje Martinem Kubou.<\/b><!--more--><\/p>\n<p class=\"-wm-MsoNormal\"><i>\u201eDiskutovali jsme s hejtmanem Jiho\u010desk\u00e9ho kraje o mo\u017enosti nezpoplatn\u011bn\u00ed nov\u00e9ho \u00faseku d\u00e1lnice D3 mezi \u00dasiln\u00fdm, tunelem Poh\u016frka a sjezdem Roudn\u00e9 pro nadch\u00e1zej\u00edc\u00ed rok. Domluvili jsme se, \u017ee v p\u0159\u00ed\u0161t\u00edm roce nebude tento \u00fasek zpoplatn\u011bn a naopak se zam\u011b\u0159\u00edme na detailn\u00ed anal\u00fdzu dopravn\u00edch tok\u016f,\u201c<\/i>\u00a0\u0159\u00edk\u00e1 ministr dopravy Martin Kupka.<\/p>\n<p><img loading=\"lazy\" decoding=\"async\" class=\"alignnone size-medium wp-image-945\" src=\"http:\/\/www.automakers.cz\/wp-content\/uploads\/2023\/12\/Kupka-ministr-TK-EURO-7-kamery-900x675.jpg\" alt=\"\" width=\"900\" height=\"675\" srcset=\"https:\/\/www.automakers.cz\/wp-content\/uploads\/2023\/12\/Kupka-ministr-TK-EURO-7-kamery-900x675.jpg 900w, https:\/\/www.automakers.cz\/wp-content\/uploads\/2023\/12\/Kupka-ministr-TK-EURO-7-kamery-1024x768.jpg 1024w, https:\/\/www.automakers.cz\/wp-content\/uploads\/2023\/12\/Kupka-ministr-TK-EURO-7-kamery-768x576.jpg 768w, https:\/\/www.automakers.cz\/wp-content\/uploads\/2023\/12\/Kupka-ministr-TK-EURO-7-kamery-1536x1152.jpg 1536w, https:\/\/www.automakers.cz\/wp-content\/uploads\/2023\/12\/Kupka-ministr-TK-EURO-7-kamery.jpg 2040w\" sizes=\"auto, (max-width: 900px) 100vw, 900px\" \/>Analyzovat bude Ministerstvo dopravy spolu s\u00a0\u0158editelstv\u00edm silnic a d\u00e1lnic a Jiho\u010desk\u00fdm krajem vyu\u017e\u00edv\u00e1n\u00ed desetikilometrov\u00e9ho \u00faseku ve vztahu k m\u011bstsk\u00e9 i mimom\u011bstsk\u00e9 doprav\u011b a aglomeraci v okol\u00ed jiho\u010desk\u00e9 metropole.<\/p>\n<p class=\"-wm-MsoNormal\"><i>\u201eJedn\u00e1 se o v\u00fdsledek racion\u00e1ln\u00ed debaty, kter\u00e1 tak\u00e9 opakovan\u011b reflektovala historii, projedn\u00e1v\u00e1n\u00ed a prosazov\u00e1n\u00ed cel\u00e9ho d\u00e1lni\u010dn\u00edho \u00faseku, a\u0165 u\u017e v podob\u011b pr\u016ftahu nebo obchvatu \u010cesk\u00fdch Bud\u011bjovic,\u201c<\/i>\u00a0dod\u00e1v\u00e1 ministr.<\/p>\n<p class=\"-wm-MsoNormal\">P\u0159echodn\u00e9 obdob\u00ed jednoho roku, ve kter\u00e9m budou vyhodnoceny dopady dopravy pova\u017euje hejtman Jiho\u010desk\u00e9ho kraje Martin Kuba za racion\u00e1ln\u00ed postup a v\u011b\u0159\u00ed, \u017ee se potvrd\u00ed spr\u00e1vnost rozhodnut\u00ed nechat desetikilometrov\u00fd \u00fasek kolem \u010cesk\u00fdch Bud\u011bjovic bez poplatku.<\/p>\n<p class=\"-wm-MsoNormal\"><i>\u201eObchvat nem\u00e1 zdaleka v\u00fdznam jen pro obyvatele m\u011bsta, ale je d\u016fle\u017eit\u00fd pro dopravu v cel\u00e9 aglomeraci. V krajsk\u00e9m m\u011bst\u011b se denn\u011b pohybuje cca 200 tis obyvatel, kte\u0159\u00ed dnes bydl\u00ed v obc\u00edch v dojezdov\u00e9 vzd\u00e1lenosti 20 min od krajsk\u00e9 metropole. Pokud by tito \u0159idi\u010di nemohli bezplatn\u011b vyu\u017e\u00edvat tento obchvat, budou d\u00e1l zbyte\u010dn\u011b p\u0159et\u011b\u017eovat vnitrom\u011bstsk\u00e9 komunikace \u010cesk\u00fdch Bud\u011bjovic,\u201c\u00a0<\/i>\u0159\u00edk\u00e1 hejtman Kuba.<\/p>\n<p class=\"-wm-MsoNormal\">Do seznamu zpoplatn\u011bn\u00fdch \u00fasek\u016f pro rok 2025 nejsou v\u00a0p\u0159ipravovan\u00e9 vyhl\u00e1\u0161ce prozat\u00edm zahrnuty \u00faseky d\u00e1lnice D3 na obchvatu \u010cesk\u00fdch Bud\u011bjovic (\u00dasiln\u00e9\u2013Poh\u016frka\u2013Roudn\u00e9). V\u00a0p\u0159\u00ed\u0161t\u00edm roce bude proveden sm\u011brov\u00fd pr\u016fzkumu za \u00fa\u010delem zji\u0161t\u011bn\u00ed po\u010dtu vozidel, kter\u00e1 budou mezi exity 131 a 141 d\u00e1lnici vyu\u017e\u00edvat. Po jeho vyhodnocen\u00ed znovu ministerstvo posoud\u00ed zpoplatn\u011bn\u00ed t\u011bchto dvou d\u00e1lni\u010dn\u00edch \u00fasek\u016f.<\/p>\n<p><img loading=\"lazy\" decoding=\"async\" class=\"alignnone size-medium wp-image-6004\" src=\"http:\/\/www.automakers.cz\/wp-content\/uploads\/2024\/07\/Snimek-obrazovky_30-7-2024_9507small-2-2-900x640.jpg\" alt=\"\" width=\"900\" height=\"640\" srcset=\"https:\/\/www.automakers.cz\/wp-content\/uploads\/2024\/07\/Snimek-obrazovky_30-7-2024_9507small-2-2-900x640.jpg 900w, https:\/\/www.automakers.cz\/wp-content\/uploads\/2024\/07\/Snimek-obrazovky_30-7-2024_9507small-2-2-768x546.jpg 768w, https:\/\/www.automakers.cz\/wp-content\/uploads\/2024\/07\/Snimek-obrazovky_30-7-2024_9507small-2-2.jpg 944w\" sizes=\"auto, (max-width: 900px) 100vw, 900px\" \/><\/p>\n","protected":false},"excerpt":{"rendered":"<p>Desetikilometrov\u00fd \u00fasek d\u00e1lnice D3 tvo\u0159\u00edc\u00ed obchvat \u010cesk\u00fdch Bud\u011bjovic bude po prosincov\u00e9m zprovozn\u011bn\u00ed bez d\u00e1lni\u010dn\u00edho poplatku&#8230;.<\/p>\n","protected":false},"author":2,"featured_media":5999,"comment_status":"closed","ping_status":"closed","sticky":false,"template":"","format":"standard","meta":{"footnotes":""},"categories":[47],"tags":[],"class_list":["post-5998","post","type-post","status-publish","format-standard","has-post-thumbnail","hentry","category-doprava"],"_links":{"self":[{"href":"https:\/\/www.automakers.cz\/index.php?rest_route=\/wp\/v2\/posts\/5998","targetHints":{"allow":["GET"]}}],"collection":[{"href":"https:\/\/www.automakers.cz\/index.php?rest_route=\/wp\/v2\/posts"}],"about":[{"href":"https:\/\/www.automakers.cz\/index.php?rest_route=\/wp\/v2\/types\/post"}],"author":[{"embeddable":true,"href":"https:\/\/www.automakers.cz\/index.php?rest_route=\/wp\/v2\/users\/2"}],"replies":[{"embeddable":true,"href":"https:\/\/www.automakers.cz\/index.php?rest_route=%2Fwp%2Fv2%2Fcomments&post=5998"}],"version-history":[{"count":5,"href":"https:\/\/www.automakers.cz\/index.php?rest_route=\/wp\/v2\/posts\/5998\/revisions"}],"predecessor-version":[{"id":6019,"href":"https:\/\/www.automakers.cz\/index.php?rest_route=\/wp\/v2\/posts\/5998\/revisions\/6019"}],"wp:featuredmedia":[{"embeddable":true,"href":"https:\/\/www.automakers.cz\/index.php?rest_route=\/wp\/v2\/media\/5999"}],"wp:attachment":[{"href":"https:\/\/www.automakers.cz\/index.php?rest_route=%2Fwp%2Fv2%2Fmedia&parent=5998"}],"wp:term":[{"taxonomy":"category","embeddable":true,"href":"https:\/\/www.automakers.cz\/index.php?rest_route=%2Fwp%2Fv2%2Fcategories&post=5998"},{"taxonomy":"post_tag","embeddable":true,"href":"https:\/\/www.automakers.cz\/index.php?rest_route=%2Fwp%2Fv2%2Ftags&post=5998"}],"curies":[{"name":"wp","href":"https:\/\/api.w.org\/{rel}","templated":true}]}}