{"id":6007,"date":"2024-07-30T08:33:55","date_gmt":"2024-07-30T08:33:55","guid":{"rendered":"https:\/\/www.automakers.cz\/?p=6007"},"modified":"2024-07-30T11:58:29","modified_gmt":"2024-07-30T11:58:29","slug":"citroen-berlingo-vozi-kytky-od-pepy","status":"publish","type":"post","link":"https:\/\/www.automakers.cz\/?p=6007","title":{"rendered":"Citro\u00ebn Berlingo voz\u00ed Kytky od Pepy"},"content":{"rendered":"<p><strong>Citro\u00ebn uzav\u0159el partnerstv\u00ed s \u010desk\u00fdm kv\u011btin\u00e1\u0159stv\u00edm Kytky od Pepy. V r\u00e1mci t\u00e9to spolupr\u00e1ce bude kv\u011btin\u00e1\u0159stv\u00ed vyu\u017e\u00edvat Berlingo XL PLUS, kter\u00e9 se stane sou\u010d\u00e1st\u00ed doru\u010dov\u00e1n\u00ed kv\u011btin z\u00e1kazn\u00edk\u016fm.<\/strong><!--more--><\/p>\n<p>Kytky od Pepy jsou zn\u00e1m\u00e9 svou nab\u00eddkou \u010derstv\u00fdch kv\u011btin a kytic, kter\u00e9 jsou doru\u010dov\u00e1ny po cel\u00e9 Praze a tak\u00e9 v Brand\u00fdse nad Labem, Kol\u00edn\u011b, Plzni, Liberci a \u010cesk\u00fdch Bud\u011bjovic\u00edch.<\/p>\n<p>D\u00edky vozu Citro\u00ebn Berlingo XL m\u00e1 ka\u017ed\u00e1 kv\u011btina dorazit v perfektn\u00edm stavu.<\/p>\n<p><strong>V\u00fdhody nov\u00e9ho Citro\u00ebnu Berlingo XL pro Kytky od Pepy:<\/strong><\/p>\n<p>\u00b7 Prostornost a flexibilita: Citro\u00ebn Berlingo XL nab\u00edz\u00ed velk\u00fd n\u00e1kladov\u00fd prostor, kter\u00fd umo\u017e\u0148uje snadn\u00e9 p\u0159epravov\u00e1n\u00ed velk\u00e9ho mno\u017estv\u00ed kv\u011btin. Flexibiln\u00ed uspo\u0159\u00e1d\u00e1n\u00ed interi\u00e9ru s a\u017e sedmi sedadly tak\u00e9 umo\u017e\u0148uje p\u0159izp\u016fsoben\u00ed podle aktu\u00e1ln\u00edch pot\u0159eb.<\/p>\n<p>\u00b7 Ekonomick\u00fd provoz: Dieselov\u00fd motor zaji\u0161\u0165uje n\u00edzkou spot\u0159ebu paliva a minim\u00e1ln\u00ed emise, co\u017e je d\u016fle\u017eit\u00e9 pro udr\u017eiteln\u00fd provoz a \u0161etrnost k \u017eivotn\u00edmu prost\u0159ed\u00ed.<\/p>\n<p><img loading=\"lazy\" decoding=\"async\" class=\"alignnone size-medium wp-image-6009\" src=\"http:\/\/www.automakers.cz\/wp-content\/uploads\/2024\/07\/2240627_Citroen_Kytky-od-Pepy_19_LQ-small-3-900x600.jpg\" alt=\"\" width=\"900\" height=\"600\" srcset=\"https:\/\/www.automakers.cz\/wp-content\/uploads\/2024\/07\/2240627_Citroen_Kytky-od-Pepy_19_LQ-small-3-900x600.jpg 900w, https:\/\/www.automakers.cz\/wp-content\/uploads\/2024\/07\/2240627_Citroen_Kytky-od-Pepy_19_LQ-small-3-1024x683.jpg 1024w, https:\/\/www.automakers.cz\/wp-content\/uploads\/2024\/07\/2240627_Citroen_Kytky-od-Pepy_19_LQ-small-3-768x512.jpg 768w, https:\/\/www.automakers.cz\/wp-content\/uploads\/2024\/07\/2240627_Citroen_Kytky-od-Pepy_19_LQ-small-3-1536x1024.jpg 1536w, https:\/\/www.automakers.cz\/wp-content\/uploads\/2024\/07\/2240627_Citroen_Kytky-od-Pepy_19_LQ-small-3-2048x1366.jpg 2048w\" sizes=\"auto, (max-width: 900px) 100vw, 900px\" \/><\/p>\n<p>\u00b7 Spolehlivost: Citro\u00ebn Berlingo je zn\u00e1m\u00fd svou spolehlivost\u00ed a odolnost\u00ed, co\u017e je kl\u00ed\u010dov\u00e9 pro podniky, kter\u00e9 pot\u0159ebuj\u00ed ka\u017edodenn\u011b spol\u00e9hat na sv\u016fj vozov\u00fd park.<\/p>\n<p>\u00b7 Komfort a bezpe\u010dnost: Komfortn\u00ed interi\u00e9r a bezpe\u010dnostn\u00ed prvky zaji\u0161\u0165uj\u00ed p\u0159\u00edjemnou a bezpe\u010dnou j\u00edzdu, co\u017e je d\u016fle\u017eit\u00e9 pro \u0159idi\u010de, kte\u0159\u00ed tr\u00e1v\u00ed za volantem mnoho hodin.<\/p>\n<p><strong>Lenka Martinov\u00e1, \u0159editelka marketingu Citro\u00ebn \u010cesk\u00e1 republika:<\/strong><\/p>\n<p>&#8222;Jsme r\u00e1di, \u017ee m\u016f\u017eeme spolupracovat s Kytkami od Pepy, kter\u00e9 jsou synonymem pro kvalitu a kreativitu. V\u011b\u0159\u00edme, \u017ee nov\u00fd Citro\u00ebn Berlingo jim pom\u016f\u017ee je\u0161t\u011b v\u00edce rozvinout jejich slu\u017eby a p\u0159in\u00e9st radost jejich z\u00e1kazn\u00edk\u016fm.&#8220;<\/p>\n<p>Josef Du\u0161\u00e1tko, zakladatel kv\u011btin\u00e1\u0159stv\u00ed Kytky od Pepy: &#8222;Nov\u00fd Citro\u00ebn Berlingo XL je p\u0159esn\u011b to, co jsme pot\u0159ebovali. Je prostorn\u00fd, spolehliv\u00fd a ekonomick\u00fd. D\u00edky n\u011bmu m\u016f\u017eeme rychle a efektivn\u011b doru\u010dovat na\u0161e kytice po cel\u00e9 Praze a okol\u00ed. T\u011b\u0161\u00edme se na dlouhodobou spolupr\u00e1ci s Citro\u00ebnem.&#8220;<\/p>\n<p><strong>Zdroj: Citro\u00ebn<\/strong><\/p>\n<p><img loading=\"lazy\" decoding=\"async\" class=\"alignnone size-medium wp-image-6010\" src=\"http:\/\/www.automakers.cz\/wp-content\/uploads\/2024\/07\/2240627_Citroen_Kytky-od-Pepy_37_SQ-small-2-900x600.jpg\" alt=\"\" width=\"900\" height=\"600\" srcset=\"https:\/\/www.automakers.cz\/wp-content\/uploads\/2024\/07\/2240627_Citroen_Kytky-od-Pepy_37_SQ-small-2-900x600.jpg 900w, https:\/\/www.automakers.cz\/wp-content\/uploads\/2024\/07\/2240627_Citroen_Kytky-od-Pepy_37_SQ-small-2-1024x683.jpg 1024w, https:\/\/www.automakers.cz\/wp-content\/uploads\/2024\/07\/2240627_Citroen_Kytky-od-Pepy_37_SQ-small-2-768x512.jpg 768w, https:\/\/www.automakers.cz\/wp-content\/uploads\/2024\/07\/2240627_Citroen_Kytky-od-Pepy_37_SQ-small-2.jpg 1200w\" sizes=\"auto, (max-width: 900px) 100vw, 900px\" \/><\/p>\n","protected":false},"excerpt":{"rendered":"<p>Citro\u00ebn uzav\u0159el partnerstv\u00ed s \u010desk\u00fdm kv\u011btin\u00e1\u0159stv\u00edm Kytky od Pepy. V r\u00e1mci t\u00e9to spolupr\u00e1ce bude kv\u011btin\u00e1\u0159stv\u00ed&#8230;<\/p>\n","protected":false},"author":2,"featured_media":6008,"comment_status":"closed","ping_status":"closed","sticky":false,"template":"","format":"standard","meta":{"footnotes":""},"categories":[31,29],"tags":[],"class_list":["post-6007","post","type-post","status-publish","format-standard","has-post-thumbnail","hentry","category-news","category-sponzoring"],"_links":{"self":[{"href":"https:\/\/www.automakers.cz\/index.php?rest_route=\/wp\/v2\/posts\/6007","targetHints":{"allow":["GET"]}}],"collection":[{"href":"https:\/\/www.automakers.cz\/index.php?rest_route=\/wp\/v2\/posts"}],"about":[{"href":"https:\/\/www.automakers.cz\/index.php?rest_route=\/wp\/v2\/types\/post"}],"author":[{"embeddable":true,"href":"https:\/\/www.automakers.cz\/index.php?rest_route=\/wp\/v2\/users\/2"}],"replies":[{"embeddable":true,"href":"https:\/\/www.automakers.cz\/index.php?rest_route=%2Fwp%2Fv2%2Fcomments&post=6007"}],"version-history":[{"count":8,"href":"https:\/\/www.automakers.cz\/index.php?rest_route=\/wp\/v2\/posts\/6007\/revisions"}],"predecessor-version":[{"id":6054,"href":"https:\/\/www.automakers.cz\/index.php?rest_route=\/wp\/v2\/posts\/6007\/revisions\/6054"}],"wp:featuredmedia":[{"embeddable":true,"href":"https:\/\/www.automakers.cz\/index.php?rest_route=\/wp\/v2\/media\/6008"}],"wp:attachment":[{"href":"https:\/\/www.automakers.cz\/index.php?rest_route=%2Fwp%2Fv2%2Fmedia&parent=6007"}],"wp:term":[{"taxonomy":"category","embeddable":true,"href":"https:\/\/www.automakers.cz\/index.php?rest_route=%2Fwp%2Fv2%2Fcategories&post=6007"},{"taxonomy":"post_tag","embeddable":true,"href":"https:\/\/www.automakers.cz\/index.php?rest_route=%2Fwp%2Fv2%2Ftags&post=6007"}],"curies":[{"name":"wp","href":"https:\/\/api.w.org\/{rel}","templated":true}]}}