{"id":601,"date":"2023-11-30T07:43:47","date_gmt":"2023-11-30T07:43:47","guid":{"rendered":"https:\/\/www.automakers.cz\/?p=601"},"modified":"2023-11-30T08:08:00","modified_gmt":"2023-11-30T08:08:00","slug":"ctvrtina-firem-bude-rozsirovat-vozovy-park","status":"publish","type":"post","link":"https:\/\/www.automakers.cz\/?p=601","title":{"rendered":"\u010ctvrtina firem bude roz\u0161i\u0159ovat vozov\u00fd park"},"content":{"rendered":"<p><strong>T\u00e9m\u011b\u0159 \u010dtvrtina \u010desk\u00fdch spole\u010dnost\u00ed z pr\u016fzkumu Arvalu bude roz\u0161i\u0159ovat vozov\u00fd park, nejv\u011bt\u0161\u00ed v\u00fdzvou pro n\u011b budou alternativn\u00ed paliva.<\/strong><!--more--><\/p>\n<p>\u0158ada \u010desk\u00fdch firem se v\u00a0p\u0159\u00ed\u0161t\u00edch letech chyst\u00e1 roz\u0161i\u0159ov\u00e1n\u00ed sv\u00fdch flotil, vzhledem k\u00a0m\u011bn\u00edc\u00ed se situaci na automobilov\u00e9m trhu, kter\u00e1 p\u0159in\u00e1\u0161\u00ed \u0159adu v\u00fdzev. Pat\u0159\u00ed mezi n\u011b nap\u0159\u00edklad zav\u00e1d\u011bn\u00ed alternativn\u00edch pohon\u016f nebo p\u0159izp\u016fsobov\u00e1n\u00ed se restriktivn\u00edm ve\u0159ejn\u00fdm politik\u00e1m, jak vypl\u00fdv\u00e1 z\u00a0v\u00fdzkumu leasingov\u00e9 spole\u010dnosti Arval.<\/p>\n<p>Pr\u016fzkum Arval Mobility Observatory odhalil, \u017ee 22 % zapojen\u00fdch spole\u010dnost\u00ed pl\u00e1nuje b\u011bhem p\u0159\u00ed\u0161t\u00edch 3 let roz\u0161\u00ed\u0159it sv\u016fj vozov\u00fd park. Tato rozhodnut\u00ed jsou \u010dasto spojena s nov\u00fdmi obchodn\u00edmi aktivitami, kter\u00e9 vy\u017eaduj\u00ed roz\u0161\u00ed\u0159en\u00ed firemn\u00ed flotily. Z\u00e1rove\u0148 \u010dasto hraj\u00ed roli i pot\u0159eby v oblasti lidsk\u00fdch zdroj\u016f, jako je nap\u0159\u00edklad n\u00e1bor nov\u00fdch talent\u016f nebo udr\u017een\u00ed st\u00e1vaj\u00edc\u00edch zam\u011bstnanc\u016f.<\/p>\n<p>16 % dotazovan\u00fdch firem chyst\u00e1 pro zam\u011bstnance mo\u017enost sd\u00edlen\u00fdch vozidel. Sn\u00ed\u017een\u00ed dan\u00ed jako motivaci pro zv\u011bt\u0161ov\u00e1n\u00ed flotil uvedlo 15 % spole\u010dnost\u00ed. <em>\u201eO\u010dek\u00e1v\u00e1me, \u017ee roz\u0161i\u0159ov\u00e1n\u00ed firemn\u00edch vozov\u00fdch park\u016f p\u016fjde ruku v\u00a0ruce se zav\u00e1d\u011bn\u00edm elektrifikovan\u00fdch vozidel, rostouc\u00ed popt\u00e1vku po elektromobilech vn\u00edm\u00e1me dlouhodob\u011b,\u201c <\/em>komentuje v\u00fdsledky pr\u016fzkumu gener\u00e1ln\u00ed \u0159editel\u00a0Arvalu Ale\u0161 Pol\u00e1k.<\/p>\n<p><strong>P\u0159ed firmami stoj\u00ed \u0159ada v\u00fdzev<\/strong><\/p>\n<p>Zav\u00e1d\u011bn\u00ed elektromobility a dal\u0161\u00edch alternativn\u00edch paliv p\u0159edstavuje pom\u011brn\u011b velk\u00fd odklon od toho, na co byly spole\u010dnosti doposud zvykl\u00e9. S\u00a0touto zm\u011bnou souvis\u00ed pot\u0159eba infrastruktury i vypo\u0159\u00e1d\u00e1n\u00ed se zat\u00edm vy\u0161\u0161\u00edmi po\u0159izovac\u00edmi cenami nov\u00fdch elektromobil\u016f. Pr\u00e1v\u011b zav\u00e1d\u011bn\u00ed nov\u00fdch technologi\u00ed uvedlo jako v\u00fdzvu cel\u00fdch 31 % firem z\u00a0pr\u016fzkumu. Krom\u011b samotn\u00fdch technick\u00fdch zm\u011bn je pot\u0159eba zn\u00e1t legislativu, da\u0148ov\u00e9 povinnosti a dal\u0161\u00ed n\u00e1le\u017eitosti. Samostatnou kategori\u00ed je pak tak\u00e9 schopnost p\u0159esv\u011bd\u010dit zam\u011bstnance o prosp\u011b\u0161nosti zm\u011bn a ke spolupr\u00e1ci p\u0159i jejich zav\u00e1d\u011bn\u00ed.<\/p>\n<p>Na tuzemsk\u00e9m trhu nicm\u00e9n\u011b existuj\u00ed subjekty, kter\u00e9 do elektromobility \u201e\u0161lapou\u201c s\u00a0p\u0159edstihem. <em>\u201eP\u0159echod k elektromobilit\u011b je logick\u00fdm krokem k dosa\u017een\u00ed na\u0161eho c\u00edle b\u00fdt v roce 2025 uhl\u00edkov\u011b neutr\u00e1ln\u00ed. S t\u00edm souvis\u00ed i na\u0161e rozhodnut\u00ed odeb\u00edrat od na\u0161ich dodavatel\u016f v\u00fdhradn\u011b zelenou elekt\u0159inu,\u201c<\/em> \u0159\u00edk\u00e1 Zuzana Filipov\u00e1, \u0159editelka komunikace a udr\u017eitelnosti MONETA Money Bank.<\/p>\n<p><strong>Jak je to s\u00a0logistikou?<\/strong><\/p>\n<p>V oblasti elektrifikovan\u00fdch vozidel zauj\u00edmaj\u00ed speci\u00e1ln\u00ed pozici logistick\u00e9 firmy. Silni\u010dn\u00ed p\u0159eprava produkuje pom\u011brn\u011b velk\u00e9 mno\u017estv\u00ed emis\u00ed CO<sub>2<\/sub>, \u00fapln\u00fd p\u0159echod na elektromobilitu ale zat\u00edm nen\u00ed mo\u017en\u00fd. <em>\u201eV p\u0159\u00ed\u0161t\u00edch t\u0159ech letech rozhodn\u011b pl\u00e1nujeme dal\u0161\u00ed roz\u0161i\u0159ov\u00e1n\u00ed vozov\u00e9ho parku. Ve h\u0159e jsou i elektrifikovan\u00e1 n\u00e1kladn\u00ed vozidla, mo\u017enosti jejich vyu\u017eit\u00ed jsou ale v logistice v tuto chv\u00edli omezen\u00e9. Raben v Polsku ve spolupr\u00e1ci se spole\u010dnostmi Volvo Trucks a Ikea Industry provozuje t\u0159i elektrick\u00e9 n\u00e1kladn\u00ed vozy, poznatky z jejich provozu pak pl\u00e1nujeme vyu\u017e\u00edt p\u0159i mo\u017en\u00e9 elektrifikaci p\u0159epravy ve v\u011bt\u0161\u00edm m\u011b\u0159\u00edtku,\u201c<\/em> \u0159\u00edk\u00e1 Jitka Koc\u00e1lov\u00e1, marketingov\u00e1 mana\u017eerka Raben pro \u010cR a SK.<\/p>\n<p>Sn\u00ed\u017eenou efektivitu elektrifikovan\u00fdch n\u00e1kladn\u00edch vozidel uk\u00e1zal i pr\u016fzkum leasingov\u00e9 spole\u010dnosti Arval realizovan\u00fd v anglick\u00e9m Bedfordshire. Z\u00a0pr\u016fzkumu vyplynulo, \u017ee p\u0159eprava t\u011b\u017ek\u00fdch n\u00e1klad\u016f sni\u017euje re\u00e1ln\u00fd dojezd elektrick\u00fdch u\u017eitkov\u00fdch vozidel o 23 a\u017e 31 %. V\u00a0budoucnu proto bude nezbytn\u00e9 se zam\u011b\u0159it na v\u00fdzkum ohledn\u011b zv\u00fd\u0161en\u00ed dojezd\u016f a budov\u00e1n\u00ed pot\u0159ebn\u00e9 infrastruktury.<\/p>\n","protected":false},"excerpt":{"rendered":"<p>T\u00e9m\u011b\u0159 \u010dtvrtina \u010desk\u00fdch spole\u010dnost\u00ed z pr\u016fzkumu Arvalu bude roz\u0161i\u0159ovat vozov\u00fd park, nejv\u011bt\u0161\u00ed v\u00fdzvou pro n\u011b&#8230;<\/p>\n","protected":false},"author":2,"featured_media":147,"comment_status":"open","ping_status":"open","sticky":false,"template":"","format":"standard","meta":{"footnotes":""},"categories":[10],"tags":[],"class_list":["post-601","post","type-post","status-publish","format-standard","has-post-thumbnail","hentry","category-statistika"],"_links":{"self":[{"href":"https:\/\/www.automakers.cz\/index.php?rest_route=\/wp\/v2\/posts\/601","targetHints":{"allow":["GET"]}}],"collection":[{"href":"https:\/\/www.automakers.cz\/index.php?rest_route=\/wp\/v2\/posts"}],"about":[{"href":"https:\/\/www.automakers.cz\/index.php?rest_route=\/wp\/v2\/types\/post"}],"author":[{"embeddable":true,"href":"https:\/\/www.automakers.cz\/index.php?rest_route=\/wp\/v2\/users\/2"}],"replies":[{"embeddable":true,"href":"https:\/\/www.automakers.cz\/index.php?rest_route=%2Fwp%2Fv2%2Fcomments&post=601"}],"version-history":[{"count":2,"href":"https:\/\/www.automakers.cz\/index.php?rest_route=\/wp\/v2\/posts\/601\/revisions"}],"predecessor-version":[{"id":614,"href":"https:\/\/www.automakers.cz\/index.php?rest_route=\/wp\/v2\/posts\/601\/revisions\/614"}],"wp:featuredmedia":[{"embeddable":true,"href":"https:\/\/www.automakers.cz\/index.php?rest_route=\/wp\/v2\/media\/147"}],"wp:attachment":[{"href":"https:\/\/www.automakers.cz\/index.php?rest_route=%2Fwp%2Fv2%2Fmedia&parent=601"}],"wp:term":[{"taxonomy":"category","embeddable":true,"href":"https:\/\/www.automakers.cz\/index.php?rest_route=%2Fwp%2Fv2%2Fcategories&post=601"},{"taxonomy":"post_tag","embeddable":true,"href":"https:\/\/www.automakers.cz\/index.php?rest_route=%2Fwp%2Fv2%2Ftags&post=601"}],"curies":[{"name":"wp","href":"https:\/\/api.w.org\/{rel}","templated":true}]}}