{"id":6030,"date":"2024-07-31T08:30:30","date_gmt":"2024-07-31T08:30:30","guid":{"rendered":"https:\/\/www.automakers.cz\/?p=6030"},"modified":"2024-07-31T08:31:38","modified_gmt":"2024-07-31T08:31:38","slug":"gasnet-planuje-vodikove-mesto-u-ase","status":"publish","type":"post","link":"https:\/\/www.automakers.cz\/?p=6030","title":{"rendered":"GasNet pl\u00e1nuje vod\u00edkov\u00e9 m\u011bsto u A\u0161e"},"content":{"rendered":"<p><strong>\u010cesk\u00fd distributor plynu GasNet pracuje na projektu vod\u00edkov\u00e9ho m\u011bsta v \u010cesku. Hranice u A\u0161e v Karlovarsk\u00e9m kraji by se m\u011bly st\u00e1t prvn\u00ed municipalitou, kde bude GasNet ve sv\u00fdch plynovodech distribuovat sm\u011bs zemn\u00edho plynu a vod\u00edku. C\u00edlem je zde postupn\u011b p\u0159im\u00edch\u00e1vat k zemn\u00edmu plynu a\u017e 10 % vod\u00edku vyroben\u00e9ho z obnoviteln\u00fdch zdroj\u016f.<\/strong><!--more--><\/p>\n<p>\u201eJako tuzemsk\u00fd l\u00eddr v distribuci plynu jsme si v\u011bdomi na\u0161\u00ed odpov\u011bdnosti hr\u00e1t kl\u00ed\u010dovou roli v transformaci \u010desk\u00e9 energetiky. V podm\u00ednk\u00e1ch \u010cR nen\u00ed dekarbonizace bez plynu mo\u017en\u00e1. V okam\u017eiku odchodu od uhl\u00ed sehraje zemn\u00ed plyn kl\u00ed\u010dovou roli jako p\u0159echodov\u00e9 palivo k n\u00edzkouhl\u00edkov\u00fdm a obnoviteln\u00fdm zdroj\u016fm energie. Dlouhodob\u011b proto pracujeme na tom, abychom v budoucnosti mohli vyu\u017e\u00edvat na\u0161i plyn\u00e1renskou infrastrukturu k distribuci n\u00edzko- a bezemisn\u00edch plyn\u016f, jako jsou biometan a pr\u00e1v\u011b vod\u00edk,\u201c \u0159\u00edk\u00e1 Martin Gebauer, CEO skupiny GasNet.<\/p>\n<p>\u201eProjektem v Hranic\u00edch chceme uk\u00e1zat, \u017ee to jde. Zelen\u00e9 a n\u00edzkoemisn\u00ed budoucnosti plyn\u00e1renstv\u00ed d\u00e1me re\u00e1lnou podobu v praxi. V\u011b\u0159\u00edm, \u017ee p\u016fjde o historick\u00fd miln\u00edk, kter\u00fd bude st\u00e1t na po\u010d\u00e1tku vod\u00edkov\u00e9 revoluce v \u010cesku. Stejn\u011b jako jsme v minulosti p\u0159e\u0161li ze sv\u00edtiplynu na zemn\u00ed plyn, chceme postupn\u011b p\u0159ej\u00edt ze zemn\u00edho plynu na zelen\u00e9 a obnoviteln\u00e9 plyny, dod\u00e1v\u00e1 Martin Gebauer.\u201c<\/p>\n<p><strong>Prov\u011brka kotl\u016f a spor\u00e1k\u016f<\/strong><\/p>\n<p>GasNet u\u017e ve m\u011bst\u011b provedl kontrolu v\u0161ech odb\u011brn\u00fdch plynov\u00fdch za\u0159\u00edzen\u00ed, jako jsou plynov\u00e9 kotle nebo spor\u00e1ky, aby ve spolupr\u00e1ci se Stroj\u00edrensk\u00fdm zku\u0161ebn\u00edm \u00fastavem ov\u011b\u0159il, \u017ee jsou plynov\u00e9 spot\u0159ebi\u010de u z\u00e1kazn\u00edk\u016f v po\u0159\u00e1dku. Pro jejich majitele se p\u0159\u00edli\u0161 nem\u011bn\u00ed, proto\u017ee do 20% p\u0159\u00edm\u011bsi vod\u00edku v zemn\u00edm plynu m\u00e1 sm\u011bs prakticky stejn\u00e9 vlastnosti jako \u010dist\u00fd zemn\u00ed plyn a nen\u00ed nutn\u00e9 spot\u0159ebi\u010de m\u011bnit nebo upravovat.<\/p>\n<p>P\u0159ipravena je i distribu\u010dn\u00ed s\u00ed\u0165, kterou v Hranic\u00edch GasNet provozuje. M\u011bsto m\u00e1 jednu z nejmlad\u0161\u00edch, a t\u00edm i nejmodern\u011bj\u0161\u00edch distribu\u010dn\u00edch plyn\u00e1rensk\u00fdch soustav v \u010cesku. P\u0159i jej\u00ed v\u00fdstavb\u011b se u\u017e pou\u017eily materi\u00e1ly, kter\u00e9 umo\u017e\u0148uj\u00ed distribuci vod\u00edku.<\/p>\n<p>Plyna\u0159i nechali prost\u0159ednictv\u00edm partnersk\u00e9 spole\u010dnosti APOKS1 tak\u00e9 zkontrolovat stav spalinov\u00fdch cest a kom\u00edn\u016f. Kontrolu podpo\u0159il i Karlovarsk\u00fd kraj.<\/p>\n<p>\u201eSna\u017e\u00edme se o to, aby se Karlovarsk\u00fd kraj stal l\u00eddrem vod\u00edkov\u00e9 revoluce v \u010cesku. U\u017e v dubnu minul\u00e9ho roku jsme proto podepsali spole\u010dn\u011b s \u00dasteck\u00fdm a Moravskoslezsk\u00fdm krajem Vod\u00edkov\u00e9 memorandum, kde jsme se zav\u00e1zali k podpo\u0159e vyu\u017e\u00edv\u00e1n\u00ed vod\u00edku, a to jak v oblasti podpory aplikace vod\u00edkov\u00fdch technologi\u00ed, tak v koordinaci rozvoje konceptu takzvan\u00fdch vod\u00edkov\u00fdch \u00fadol\u00ed. Z\u00e1rove\u0148 usilujeme o co nejvhodn\u011bj\u0161\u00ed nastaven\u00ed evropsk\u00e9 a \u010desk\u00e9 legislativy, aby nejen v uheln\u00fdch kraj\u00edch byl mo\u017en\u00fd rozvoj v\u00fdroby, distribuce a spot\u0159eby vod\u00edku. Vyu\u017eit\u00ed vod\u00edku v plyn\u00e1rensk\u00e9 distribuci a energetice obecn\u011b p\u0159isp\u011bje k v\u00fdrazn\u00e9mu sn\u00ed\u017een\u00ed emis\u00ed,\u201c vysv\u011btluje hejtman Karlovarsk\u00e9ho kraje Petr Kulh\u00e1nek.<\/p>\n<p><strong>Zelen\u00fd vod\u00edk sn\u00ed\u017e\u00ed emise a pos\u00edl\u00ed energetickou bezpe\u010dnost<\/strong><\/p>\n<p>V Hranic\u00edch se nach\u00e1z\u00ed zhruba 350 odb\u011brn\u00fdch m\u00edst. Nejde p\u0159itom jen o dom\u00e1cnosti, kde se plynem top\u00ed a va\u0159\u00ed. Ve m\u011bst\u011b jsou i pr\u016fmyslov\u00e9 podniky, kter\u00e9 plyn vyu\u017e\u00edvaj\u00ed v r\u00e1mci sv\u00e9 v\u00fdrobn\u00ed technologie. Ani na tuto v\u00fdrobu nebude m\u00edt plynov\u00e1 sm\u011bs vliv.<\/p>\n<p>\u201eVod\u00edk se bude v Hranic\u00edch vyr\u00e1b\u011bt z lok\u00e1ln\u00edch obnoviteln\u00fdch zdroj\u016f, kter\u00fdmi jsou m\u00edstn\u00ed v\u011btrn\u00edky a fotovoltaika Farmy Trojmez\u00ed. Zelen\u00fd vod\u00edk bude pln\u011b obnoviteln\u00fd a bude se vyr\u00e1b\u011bt p\u0159\u00edmo v m\u00edst\u011b spot\u0159eby. P\u0159isp\u011bjeme t\u00edm ke sni\u017eov\u00e1n\u00ed emis\u00ed i pos\u00edlen\u00ed energetick\u00e9 sob\u011bsta\u010dnosti,\u201c dod\u00e1v\u00e1 Martin Gebauer.<\/p>\n<p>Skupina GasNet stav\u00ed aktu\u00e1ln\u011b v Hranic\u00edch t\u011b\u017eebn\u00ed plynovod k v\u00fdrobn\u011b vod\u00edku a p\u0159ipravuje m\u00edsto pro sm\u011b\u0161ovac\u00ed za\u0159\u00edzen\u00ed. V are\u00e1lu v\u00fdrobny prov\u00e1d\u00ed Farma Trojmez\u00ed intenzivn\u00ed stavebn\u00ed pr\u00e1ce spojen\u00e9 s instalac\u00ed elektrolyz\u00e9ru a z\u00e1sobn\u00edk\u016f vod\u00edku. Spu\u0161t\u011bn\u00ed projektu a uveden\u00ed do provozu se p\u0159edpokl\u00e1d\u00e1 nejpozd\u011bji v prvn\u00ed polovin\u011b p\u0159\u00ed\u0161t\u00edho roku.<\/p>\n<p><strong>Vod\u00edk v legislativ\u011b i strategick\u00fdch dokumentech \u010cR<\/strong><\/p>\n<p>Novela energetick\u00e9ho z\u00e1kona platn\u00e1 od prvn\u00edho ledna leto\u0161n\u00edho roku za\u0159adila poprv\u00e9 v historii \u010cesk\u00e9 republiky vod\u00edk mezi plyny, kter\u00e9 je mo\u017en\u00e9 distribuovat ve\u0159ejnou plynovodn\u00ed s\u00edt\u00ed k odb\u011bratel\u016fm. Vod\u00edk je zasazen do stejn\u00e9ho pr\u00e1vn\u00edho r\u00e1mce jako zemn\u00ed plyn. Legislativa tak dnes umo\u017e\u0148uje distribuci nejen sm\u011bsi zemn\u00edho plynu a vod\u00edku, ale i distribuci 100% \u010dist\u00e9ho vod\u00edku.<\/p>\n<p>Budouc\u00ed v\u00fdznam a kl\u00ed\u010dovou roli vod\u00edku potvrdila tak\u00e9 na sv\u00e9m v\u010derej\u0161\u00edm jedn\u00e1n\u00ed Vl\u00e1da \u010cR, kdy\u017e schv\u00e1lila aktualizovanou podobu Vod\u00edkov\u00e9 strategie. Z dokumentu jasn\u011b vypl\u00fdv\u00e1, \u017ee vod\u00edk bude m\u00edt p\u0159\u00ednos nejen pro pr\u016fmysl, plyn\u00e1renstv\u00ed a energetiku, ale pro celou tuzemskou ekonomiku a spole\u010dnost.<\/p>\n<p><img loading=\"lazy\" decoding=\"async\" class=\"alignnone size-medium wp-image-6032\" src=\"http:\/\/www.automakers.cz\/wp-content\/uploads\/2024\/07\/GN_vystavba_ilus_02-small-2-900x506.jpg\" alt=\"\" width=\"900\" height=\"506\" srcset=\"https:\/\/www.automakers.cz\/wp-content\/uploads\/2024\/07\/GN_vystavba_ilus_02-small-2-900x506.jpg 900w, https:\/\/www.automakers.cz\/wp-content\/uploads\/2024\/07\/GN_vystavba_ilus_02-small-2-1024x576.jpg 1024w, https:\/\/www.automakers.cz\/wp-content\/uploads\/2024\/07\/GN_vystavba_ilus_02-small-2-768x432.jpg 768w, https:\/\/www.automakers.cz\/wp-content\/uploads\/2024\/07\/GN_vystavba_ilus_02-small-2-1536x864.jpg 1536w, https:\/\/www.automakers.cz\/wp-content\/uploads\/2024\/07\/GN_vystavba_ilus_02-small-2-2048x1152.jpg 2048w, https:\/\/www.automakers.cz\/wp-content\/uploads\/2024\/07\/GN_vystavba_ilus_02-small-2-1280x720.jpg 1280w\" sizes=\"auto, (max-width: 900px) 100vw, 900px\" \/><\/p>\n","protected":false},"excerpt":{"rendered":"<p>\u010cesk\u00fd distributor plynu GasNet pracuje na projektu vod\u00edkov\u00e9ho m\u011bsta v \u010cesku. Hranice u A\u0161e v&#8230;<\/p>\n","protected":false},"author":2,"featured_media":6031,"comment_status":"closed","ping_status":"closed","sticky":false,"template":"","format":"standard","meta":{"footnotes":""},"categories":[23,39],"tags":[],"class_list":["post-6030","post","type-post","status-publish","format-standard","has-post-thumbnail","hentry","category-dodavatele","category-vodik"],"_links":{"self":[{"href":"https:\/\/www.automakers.cz\/index.php?rest_route=\/wp\/v2\/posts\/6030","targetHints":{"allow":["GET"]}}],"collection":[{"href":"https:\/\/www.automakers.cz\/index.php?rest_route=\/wp\/v2\/posts"}],"about":[{"href":"https:\/\/www.automakers.cz\/index.php?rest_route=\/wp\/v2\/types\/post"}],"author":[{"embeddable":true,"href":"https:\/\/www.automakers.cz\/index.php?rest_route=\/wp\/v2\/users\/2"}],"replies":[{"embeddable":true,"href":"https:\/\/www.automakers.cz\/index.php?rest_route=%2Fwp%2Fv2%2Fcomments&post=6030"}],"version-history":[{"count":5,"href":"https:\/\/www.automakers.cz\/index.php?rest_route=\/wp\/v2\/posts\/6030\/revisions"}],"predecessor-version":[{"id":6083,"href":"https:\/\/www.automakers.cz\/index.php?rest_route=\/wp\/v2\/posts\/6030\/revisions\/6083"}],"wp:featuredmedia":[{"embeddable":true,"href":"https:\/\/www.automakers.cz\/index.php?rest_route=\/wp\/v2\/media\/6031"}],"wp:attachment":[{"href":"https:\/\/www.automakers.cz\/index.php?rest_route=%2Fwp%2Fv2%2Fmedia&parent=6030"}],"wp:term":[{"taxonomy":"category","embeddable":true,"href":"https:\/\/www.automakers.cz\/index.php?rest_route=%2Fwp%2Fv2%2Fcategories&post=6030"},{"taxonomy":"post_tag","embeddable":true,"href":"https:\/\/www.automakers.cz\/index.php?rest_route=%2Fwp%2Fv2%2Ftags&post=6030"}],"curies":[{"name":"wp","href":"https:\/\/api.w.org\/{rel}","templated":true}]}}