{"id":6034,"date":"2024-07-30T11:36:17","date_gmt":"2024-07-30T11:36:17","guid":{"rendered":"https:\/\/www.automakers.cz\/?p=6034"},"modified":"2024-07-30T11:36:17","modified_gmt":"2024-07-30T11:36:17","slug":"toyota-otevrela-v-parizi-park-mobility","status":"publish","type":"post","link":"https:\/\/www.automakers.cz\/?p=6034","title":{"rendered":"Toyota otev\u0159ela v Pa\u0159\u00ed\u017ei park mobility"},"content":{"rendered":"<p><strong>Toyota v r\u00e1mci olympijsk\u00fdch a paralympijsk\u00fdch her provozuje v Pa\u0159\u00ed\u017ei vlastn\u00ed park, kter\u00fd je p\u0159ehl\u00eddkou r\u016fzn\u00fdch typ\u016f mobility. Park nedaleko Eiffelovy v\u011b\u017ee je p\u0159\u00edstupn\u00fd host\u016fm Toyoty a pozvan\u00fdm n\u00e1v\u0161t\u011bvn\u00edk\u016fm po dobu trv\u00e1n\u00ed her, p\u0159\u00edstupn\u00fd b\u011b\u017en\u00e9 ve\u0159ejnosti bude 9.\u201310. z\u00e1\u0159\u00ed 2024.<\/strong><!--more--><\/p>\n<p>Toyota se jako celosv\u011btov\u00fd partner pro mobilitu Mezin\u00e1rodn\u00edho olympijsk\u00e9ho v\u00fdboru (IOC) a Mezin\u00e1rodn\u00edho paralympijsk\u00e9ho v\u00fdboru (IPC) zasazuje v pr\u016fb\u011bhu olympijsk\u00fdch a paralympijsk\u00fdch her Pa\u0159\u00ed\u017e 2024 poskytovat udr\u017eiteln\u00e1 inkluzivn\u00ed \u0159e\u0161en\u00ed mobility pro sportovce, ofici\u00e1ln\u00ed p\u0159edstavitele, dobrovoln\u00edky, z\u00e1stupce akreditovan\u00fdch m\u00e9di\u00ed i div\u00e1ky. V parku zna\u010dka prezentuje svoji vizi Mobility pro v\u0161echny.<\/p>\n<p>\u201eJako celosv\u011btov\u00fd partner her pro mobilitu chceme p\u0159isp\u011bt k rozvoji inkluzivn\u011bj\u0161\u00ed a udr\u017eiteln\u011bj\u0161\u00ed spole\u010dnosti prost\u0159ednictv\u00edm mobility. V\u011b\u0159\u00edme, \u017ee n\u00e1v\u0161t\u011bvn\u00edci na\u0161eho parku se n\u011bco dozv\u011bd\u00ed o inkluzivn\u00ed mobilit\u011b, pobav\u00ed se a z\u00edskaj\u00ed inspiraci,\u201c \u0159\u00edk\u00e1\u00a0<strong>Jo\u0161ihiro Nakata, prezident a CEO spole\u010dnosti Toyota Motor Europe<\/strong>.<\/p>\n<p>\u201ePark inkluzivn\u00ed mobility Toyota je p\u0159ehl\u00eddkou mo\u017en\u00e9ho spojen\u00ed technologi\u00ed s dostupnost\u00ed, resp. toho, jak olympijsk\u00e9 a paralympijsk\u00e9 hry mohou podpo\u0159it pozitivn\u00ed zm\u011bny ve spole\u010dnosti. Je \u00fa\u017easn\u00e9 si na jedin\u00e9m m\u00edst\u011b prohl\u00e9dnout v\u0161echna pokrokov\u00e1 inkluzivn\u00ed \u0159e\u0161en\u00ed, kter\u00e1 Toyota na hry p\u0159iv\u00e1\u017e\u00ed,\u201c \u0159\u00edk\u00e1\u00a0<strong>Andrew Parsons, prezident Mezin\u00e1rodn\u00edho paralympijsk\u00e9ho v\u00fdboru<\/strong>.<\/p>\n<p><img loading=\"lazy\" decoding=\"async\" class=\"alignnone size-medium wp-image-6036\" src=\"http:\/\/www.automakers.cz\/wp-content\/uploads\/2024\/07\/toyotainclusivemobilitypark03-small-3-900x600.jpg\" alt=\"\" width=\"900\" height=\"600\" srcset=\"https:\/\/www.automakers.cz\/wp-content\/uploads\/2024\/07\/toyotainclusivemobilitypark03-small-3-900x600.jpg 900w, https:\/\/www.automakers.cz\/wp-content\/uploads\/2024\/07\/toyotainclusivemobilitypark03-small-3-1024x682.jpg 1024w, https:\/\/www.automakers.cz\/wp-content\/uploads\/2024\/07\/toyotainclusivemobilitypark03-small-3-768x512.jpg 768w, https:\/\/www.automakers.cz\/wp-content\/uploads\/2024\/07\/toyotainclusivemobilitypark03-small-3.jpg 1280w\" sizes=\"auto, (max-width: 900px) 100vw, 900px\" \/><\/p>\n<p><strong>V parku jsou k vyzkou\u0161en\u00ed:<\/strong><\/p>\n<ul>\n<li>Bateriov\u00e9 elektromobily Toyota, jako nap\u0159\u00edklad APM (Accessible People Mover), prost\u0159edek navr\u017een\u00fd k p\u0159eprav\u011b sportovc\u016f a div\u00e1k\u016f po olympijsk\u00e9 vesni\u010dce a jej\u00edm okol\u00ed, resp. na m\u00edsta kon\u00e1n\u00ed sportovn\u00edch sout\u011b\u017e\u00ed.<\/li>\n<li>Prost\u0159edky mikro mobility \u201ana posledn\u00ed kilometr cesty\u2018, jako nap\u0159\u00edklad C+Walk S, C+Walk T a Yosh-E. Kompaktn\u00ed prost\u0159edky s intuitivn\u00edm pou\u017eit\u00edm pom\u00e1haj\u00ed osob\u00e1m s rozli\u010dn\u00fdmi pot\u0159ebami mobility p\u0159i pohybu ve m\u011bst\u011b a uplat\u0148uj\u00ed se i b\u011bhem her Pa\u0159\u00ed\u017e 2024.<\/li>\n<li>Pokrokov\u00e1 \u0159e\u0161en\u00ed mobility vytvo\u0159en\u00e1 partnery a start-upy podporovan\u00fdmi Toyotou, jako je nap\u0159\u00edklad samovyva\u017eovac\u00ed osobn\u00ed p\u0159epravn\u00edk od Genny nebo sv\u00e9ho druhu prvn\u00ed syst\u00e9m brzd\u011bn\u00ed kole\u010dkov\u00fdch k\u0159esel od Eppur.<\/li>\n<li>Technologie vod\u00edkov\u00fdch (H2) kazet, p\u0159in\u00e1\u0161ej\u00edc\u00ed vod\u00edkov\u00fd pohon do re\u00e1ln\u00e9ho \u017eivota \u2013 a n\u00e1kladn\u00ed kolo s pohonem na kazety H2 coby uk\u00e1zka t\u00e9to technologie.<\/li>\n<\/ul>\n<p>Otev\u0159en\u00ed parku Toyota se z\u00fa\u010dastnil Andrew Parsons, prezident Mezin\u00e1rodn\u00edho paralympijsk\u00e9ho v\u00fdboru, Pierre Rabadan, m\u00edstostarosta Pa\u0159\u00ed\u017ee, p\u0159edstavitel\u00e9 Mezin\u00e1rodn\u00edho olympijsk\u00e9ho v\u00fdboru (IOC) a organiza\u010dn\u00edho v\u00fdboru olympijsk\u00fdch a paralympijsk\u00fdch her 2024, jako\u017e i mana\u017ee\u0159i firem Toyota Motor Europe a Toyota France.<\/p>\n<p><strong>Zdroj: Toyota, Jitka Jechov\u00e1<\/strong><\/p>\n<p><img loading=\"lazy\" decoding=\"async\" class=\"alignnone size-medium wp-image-6037\" src=\"http:\/\/www.automakers.cz\/wp-content\/uploads\/2024\/07\/toyotainclusivemobilitypark04-small-1-900x604.jpg\" alt=\"\" width=\"900\" height=\"604\" srcset=\"https:\/\/www.automakers.cz\/wp-content\/uploads\/2024\/07\/toyotainclusivemobilitypark04-small-1-900x604.jpg 900w, https:\/\/www.automakers.cz\/wp-content\/uploads\/2024\/07\/toyotainclusivemobilitypark04-small-1-1024x687.jpg 1024w, https:\/\/www.automakers.cz\/wp-content\/uploads\/2024\/07\/toyotainclusivemobilitypark04-small-1-768x515.jpg 768w, https:\/\/www.automakers.cz\/wp-content\/uploads\/2024\/07\/toyotainclusivemobilitypark04-small-1.jpg 1280w\" sizes=\"auto, (max-width: 900px) 100vw, 900px\" \/><\/p>\n","protected":false},"excerpt":{"rendered":"<p>Toyota v r\u00e1mci olympijsk\u00fdch a paralympijsk\u00fdch her provozuje v Pa\u0159\u00ed\u017ei vlastn\u00ed park, kter\u00fd je p\u0159ehl\u00eddkou&#8230;<\/p>\n","protected":false},"author":2,"featured_media":6035,"comment_status":"closed","ping_status":"closed","sticky":false,"template":"","format":"standard","meta":{"footnotes":""},"categories":[9,36,70],"tags":[],"class_list":["post-6034","post","type-post","status-publish","format-standard","has-post-thumbnail","hentry","category-elektromobily","category-marketing","category-sport"],"_links":{"self":[{"href":"https:\/\/www.automakers.cz\/index.php?rest_route=\/wp\/v2\/posts\/6034","targetHints":{"allow":["GET"]}}],"collection":[{"href":"https:\/\/www.automakers.cz\/index.php?rest_route=\/wp\/v2\/posts"}],"about":[{"href":"https:\/\/www.automakers.cz\/index.php?rest_route=\/wp\/v2\/types\/post"}],"author":[{"embeddable":true,"href":"https:\/\/www.automakers.cz\/index.php?rest_route=\/wp\/v2\/users\/2"}],"replies":[{"embeddable":true,"href":"https:\/\/www.automakers.cz\/index.php?rest_route=%2Fwp%2Fv2%2Fcomments&post=6034"}],"version-history":[{"count":3,"href":"https:\/\/www.automakers.cz\/index.php?rest_route=\/wp\/v2\/posts\/6034\/revisions"}],"predecessor-version":[{"id":6042,"href":"https:\/\/www.automakers.cz\/index.php?rest_route=\/wp\/v2\/posts\/6034\/revisions\/6042"}],"wp:featuredmedia":[{"embeddable":true,"href":"https:\/\/www.automakers.cz\/index.php?rest_route=\/wp\/v2\/media\/6035"}],"wp:attachment":[{"href":"https:\/\/www.automakers.cz\/index.php?rest_route=%2Fwp%2Fv2%2Fmedia&parent=6034"}],"wp:term":[{"taxonomy":"category","embeddable":true,"href":"https:\/\/www.automakers.cz\/index.php?rest_route=%2Fwp%2Fv2%2Fcategories&post=6034"},{"taxonomy":"post_tag","embeddable":true,"href":"https:\/\/www.automakers.cz\/index.php?rest_route=%2Fwp%2Fv2%2Ftags&post=6034"}],"curies":[{"name":"wp","href":"https:\/\/api.w.org\/{rel}","templated":true}]}}