{"id":6047,"date":"2024-07-31T08:23:15","date_gmt":"2024-07-31T08:23:15","guid":{"rendered":"https:\/\/www.automakers.cz\/?p=6047"},"modified":"2024-07-31T08:23:39","modified_gmt":"2024-07-31T08:23:39","slug":"transevropsky-test-eactrosu-600-je-v-cili","status":"publish","type":"post","link":"https:\/\/www.automakers.cz\/?p=6047","title":{"rendered":"Transevropsk\u00fd test eActrosu 600 je v c\u00edli"},"content":{"rendered":"<p><strong>Mercedes-Benz Trucks projel c\u00edlovou p\u00e1skou na sv\u00e9 eActros 600 European Tour. Po 45denn\u00ed \u010dist\u011b elektrick\u00e9 v\u00fdprav\u011b p\u0159es celkem 22 zem\u00ed dorazily dva t\u00e9m\u011b\u0159 s\u00e9riov\u00e9 prototypy Mercedes-Benz eActros 600 zp\u011bt do W\u00f6rthu am Rhein, bezpe\u010dn\u011b a bez z\u00e1vad, s v\u00edce ne\u017e 15 000 projet\u00fdmi kilometry na tachometru. <\/strong><!--more--><\/p>\n<p>B\u011bhem doby j\u00edzdy ujely oba elektrick\u00e9 taha\u010de p\u0159esn\u011b 15 269 a 15 939 kilometr\u016f a cestu absolvovaly s celkovou hmotnost\u00ed soupravy 40 tun. Pracovn\u00edci v\u00fdvoje, kte\u0159\u00ed s auty jezdili, po cel\u00e9 trase nab\u00edjeli tyto dva d\u00e1lkov\u00e9 kamiony v\u00fdhradn\u011b na ve\u0159ejn\u00fdch nab\u00edjec\u00edch bodech.<\/p>\n<p>Christof Weber, vedouc\u00ed glob\u00e1ln\u00edho testov\u00e1n\u00ed Mercedes-Benz Trucks: \u201eDv\u011b testovac\u00ed soupravy zvl\u00e1dly turn\u00e9 na jedni\u010dku. M\u016f\u017eeme se ohl\u00e9dnout za t\u00e9m\u011b\u0159 sedmi t\u00fddny vzru\u0161uj\u00edc\u00edch z\u00e1\u017eitk\u016f a setk\u00e1n\u00ed, kter\u00e9 n\u00e1m umo\u017enily shrom\u00e1\u017edit mnoho cenn\u00fdch poznatk\u016f. Takov\u00e1 monument\u00e1ln\u00ed cesta vy\u017eaduje pe\u010dlivou p\u0159\u00edpravu a pl\u00e1nov\u00e1n\u00ed, zejm\u00e9na s ohledem na zpoplatn\u011bn\u00ed ve\u0159ejn\u00e9 infrastruktury. I kdy\u017e se na\u0161e zku\u0161enosti se zast\u00e1vkami pro nab\u00edjen\u00ed v n\u011bkter\u00fdch p\u0159\u00edpadech zna\u010dn\u011b li\u0161ily, bylo z\u0159ejm\u00e9, \u017ee bateriov\u00e1 elektrick\u00e1 d\u00e1lkov\u00e1 p\u0159eprava je provediteln\u00e1. Slibovan\u00fd dojezd eActrosu 600, 500 kilometr\u016f bez mezinab\u00edjen\u00ed, byl v\u017edy spolehliv\u00fdm faktorem pl\u00e1nov\u00e1n\u00ed.\u201c<\/p>\n<p>B\u011bhem cesty se j\u00edzdy z\u00fa\u010dastnilo asi 30 novin\u00e1\u0159\u016f z 20 evropsk\u00fdch zem\u00ed, z nich\u017e v\u011bt\u0161ina absolvovala \u010d\u00e1st trasy za volantem. \u201eZejm\u00e9na bych cht\u011bl pod\u011bkovat koleg\u016fm, kte\u0159\u00ed zorganizovali a podpo\u0159ili tuto cestu a kte\u0159\u00ed p\u0159ivezli na\u0161e kamiony v po\u0159\u00e1dku zp\u011bt do W\u00f6rthu \u2013 v\u010detn\u011b mnoha z\u00e1stupc\u016f m\u00e9di\u00ed, kte\u0159\u00ed byli st\u00e1lou sou\u010d\u00e1st\u00ed na\u0161eho testovac\u00edho t\u00fdmu po celou dobu trv\u00e1n\u00ed\u201c, pokra\u010duje Weber.<\/p>\n<p>V\u00fdrobce poskytne informace o konkr\u00e9tn\u00edch post\u0159ez\u00edch a v\u00fdsledc\u00edch z \u201eMercedes-Benz eActros 600 European Testing Tour 2024\u201c v r\u00e1mci veletrhu IAA Transportation v z\u00e1\u0159\u00ed v Hannoveru.<\/p>\n<p><img loading=\"lazy\" decoding=\"async\" class=\"alignnone size-medium wp-image-6049\" src=\"http:\/\/www.automakers.cz\/wp-content\/uploads\/2024\/07\/Transevropsky-test-eActrosu-600-v-cili-2-small-900x506.jpg\" alt=\"\" width=\"900\" height=\"506\" srcset=\"https:\/\/www.automakers.cz\/wp-content\/uploads\/2024\/07\/Transevropsky-test-eActrosu-600-v-cili-2-small-900x506.jpg 900w, https:\/\/www.automakers.cz\/wp-content\/uploads\/2024\/07\/Transevropsky-test-eActrosu-600-v-cili-2-small-768x432.jpg 768w, https:\/\/www.automakers.cz\/wp-content\/uploads\/2024\/07\/Transevropsky-test-eActrosu-600-v-cili-2-small.jpg 1024w\" sizes=\"auto, (max-width: 900px) 100vw, 900px\" \/><strong>Nejsevern\u011bj\u0161\u00ed a nejji\u017en\u011bj\u0161\u00ed body v Evrop\u011b jako vrcholy cesty<\/strong><\/p>\n<p>Cesta ofici\u00e1ln\u011b odstartovala z Frankfurtu nad Mohanem 11. \u010dervna. Po cest\u011b na sever p\u0159es N\u011bmecko, D\u00e1nsko a \u0160v\u00e9dsko dos\u00e1hly dva kamiony hlavn\u00edho c\u00edle prvn\u00ed etapy, pr\u00e1v\u011b v\u010das na slunovrat : Severn\u00ed mys v Norsku, Nordkapp, nejsevern\u011bj\u0161\u00ed bod Evropy, kam se lze dostat po silnici.<\/p>\n<p>Od konce \u010dervna se dal\u0161\u00ed trasa konvoje sto\u010dila na jih p\u0159es Finsko, Estonsko, Loty\u0161sko, Litvu, Polsko, \u010ceskou republiku, Rakousko, Slovensko, Ma\u010farsko, Chorvatsko, Slovinsko, It\u00e1lii, Francii a \u0160pan\u011blsko. Po zast\u00e1vce ve \u0161pan\u011blsk\u00e9 Tarif\u011b, nejji\u017en\u011bj\u0161\u00edm m\u00edst\u011b kontinent\u00e1ln\u00ed Evropy, kter\u00e1 znamenala dal\u0161\u00ed velk\u00fd vrchol cesty, se trasa ub\u00edrala op\u011bt severn\u00edm sm\u011brem \u2013 zp\u011bt do N\u011bmecka p\u0159es Portugalsko, Francii, Belgii, Nizozemsko a Lucembursko.<\/p>\n<p><strong>Z\u00edsk\u00e1v\u00e1n\u00ed zku\u0161enost\u00ed na \u0161irok\u00e9 \u0161k\u00e1le tras s d\u016frazem na spot\u0159ebu energie<\/strong><\/p>\n<p>S \u201eeActros 600 European Testing Tour 2024\u201c cht\u011bl Mercedes-Benz Trucks z\u00edskat rozs\u00e1hl\u00e9 zku\u0161enosti na \u0161irok\u00e9 \u0161k\u00e1le tras v r\u016fzn\u00fdch topografi\u00edch a klimatick\u00fdch z\u00f3n\u00e1ch s d\u016frazem na spot\u0159ebu energie. O zji\u0161t\u011bn\u00e9 informace se v\u00fdrobce hodl\u00e1 pod\u011blit se zainteresovan\u00fdmi z\u00e1kazn\u00edky.<\/p>\n<p>Vysok\u00e1 kapacita baterie p\u0159esahuj\u00edc\u00ed 600 kilowatthodin a nov\u00e1, ve firm\u011b vyvinut\u00e1 zvl\u00e1\u0161t\u011b \u00fa\u010dinn\u00e1 elektrick\u00e1 hnac\u00ed n\u00e1prava, umo\u017e\u0148uj\u00ed eActrosu 600 dos\u00e1hnout dojezdu 500 kilometr\u016f bez mezinab\u00edjen\u00ed.<\/p>\n<p><img loading=\"lazy\" decoding=\"async\" class=\"alignnone size-medium wp-image-6050\" src=\"http:\/\/www.automakers.cz\/wp-content\/uploads\/2024\/07\/Transevropsky-test-eActrosu-600-v-cili-3-small-900x506.jpg\" alt=\"\" width=\"900\" height=\"506\" srcset=\"https:\/\/www.automakers.cz\/wp-content\/uploads\/2024\/07\/Transevropsky-test-eActrosu-600-v-cili-3-small-900x506.jpg 900w, https:\/\/www.automakers.cz\/wp-content\/uploads\/2024\/07\/Transevropsky-test-eActrosu-600-v-cili-3-small-768x432.jpg 768w, https:\/\/www.automakers.cz\/wp-content\/uploads\/2024\/07\/Transevropsky-test-eActrosu-600-v-cili-3-small.jpg 1024w\" sizes=\"auto, (max-width: 900px) 100vw, 900px\" \/><\/p>\n","protected":false},"excerpt":{"rendered":"<p>Mercedes-Benz Trucks projel c\u00edlovou p\u00e1skou na sv\u00e9 eActros 600 European Tour. Po 45denn\u00ed \u010dist\u011b elektrick\u00e9&#8230;<\/p>\n","protected":false},"author":2,"featured_media":6048,"comment_status":"closed","ping_status":"closed","sticky":false,"template":"","format":"standard","meta":{"footnotes":""},"categories":[36,67],"tags":[],"class_list":["post-6047","post","type-post","status-publish","format-standard","has-post-thumbnail","hentry","category-marketing","category-test"],"_links":{"self":[{"href":"https:\/\/www.automakers.cz\/index.php?rest_route=\/wp\/v2\/posts\/6047","targetHints":{"allow":["GET"]}}],"collection":[{"href":"https:\/\/www.automakers.cz\/index.php?rest_route=\/wp\/v2\/posts"}],"about":[{"href":"https:\/\/www.automakers.cz\/index.php?rest_route=\/wp\/v2\/types\/post"}],"author":[{"embeddable":true,"href":"https:\/\/www.automakers.cz\/index.php?rest_route=\/wp\/v2\/users\/2"}],"replies":[{"embeddable":true,"href":"https:\/\/www.automakers.cz\/index.php?rest_route=%2Fwp%2Fv2%2Fcomments&post=6047"}],"version-history":[{"count":4,"href":"https:\/\/www.automakers.cz\/index.php?rest_route=\/wp\/v2\/posts\/6047\/revisions"}],"predecessor-version":[{"id":6077,"href":"https:\/\/www.automakers.cz\/index.php?rest_route=\/wp\/v2\/posts\/6047\/revisions\/6077"}],"wp:featuredmedia":[{"embeddable":true,"href":"https:\/\/www.automakers.cz\/index.php?rest_route=\/wp\/v2\/media\/6048"}],"wp:attachment":[{"href":"https:\/\/www.automakers.cz\/index.php?rest_route=%2Fwp%2Fv2%2Fmedia&parent=6047"}],"wp:term":[{"taxonomy":"category","embeddable":true,"href":"https:\/\/www.automakers.cz\/index.php?rest_route=%2Fwp%2Fv2%2Fcategories&post=6047"},{"taxonomy":"post_tag","embeddable":true,"href":"https:\/\/www.automakers.cz\/index.php?rest_route=%2Fwp%2Fv2%2Ftags&post=6047"}],"curies":[{"name":"wp","href":"https:\/\/api.w.org\/{rel}","templated":true}]}}