{"id":6061,"date":"2024-07-31T06:03:59","date_gmt":"2024-07-31T06:03:59","guid":{"rendered":"https:\/\/www.automakers.cz\/?p=6061"},"modified":"2024-07-31T06:03:59","modified_gmt":"2024-07-31T06:03:59","slug":"toyota-dolak-pribram-bere-cenu-ichiban","status":"publish","type":"post","link":"https:\/\/www.automakers.cz\/?p=6061","title":{"rendered":"Toyota Dol\u00e1k P\u0159\u00edbram bere cenu Ichiban"},"content":{"rendered":"<p><strong>Toyota Dol\u00e1k P\u0159\u00edbram z\u00edskala presti\u017en\u00ed ocen\u011bn\u00ed Ichiban, kter\u00e9 spole\u010dnost Toyota Motor Europe (TME) ka\u017edoro\u010dn\u011b ud\u00edl\u00ed n\u011bkolika prodejc\u016fm, kte\u0159\u00ed dos\u00e1hli mimo\u0159\u00e1dn\u00fdch v\u00fdsledk\u016f z\u00e1kaznick\u00fdch slu\u017eeb.<\/strong><!--more--><\/p>\n<p>O titul nejlep\u0161\u00edho prodejce ka\u017edoro\u010dn\u011b sout\u011b\u017e\u00ed v\u00edce ne\u017e 2500 subjekt\u016f v t\u00fdmov\u00e9 sout\u011b\u017ei, kter\u00e1 nese n\u00e1zev Ichiban a v japon\u0161tin\u011b znamen\u00e1 \u201eb\u00fdt \u010d\u00edslo jedna\u201c. Za praktick\u00e9 uplat\u0148ov\u00e1n\u00ed kr\u00e9da z\u00e1kazn\u00edk na prvn\u00edm m\u00edst\u011b bylo letos ocen\u011bno 46 prodejc\u016f z 35 r\u016fzn\u00fdch zem\u00ed. P\u011btice z nich d\u00e1le obdr\u017eela zvl\u00e1\u0161tn\u00ed uzn\u00e1n\u00ed Going Beyond, kter\u00e9 znamen\u00e1 p\u0159\u00edkladn\u00fd p\u0159\u00edstup k trval\u00e9 udr\u017eitelnosti, poskytov\u00e1n\u00ed slu\u017eeb mobility a spole\u010densk\u00fd p\u0159\u00ednos.<\/p>\n<p>\u201eD\u00edky t\u011bmto prodejc\u016fm dos\u00e1hla Toyota v Evrop\u011b rekordn\u00edch prodejn\u00edch v\u00fdsledk\u016f. P\u0159i sledov\u00e1n\u00ed olympijsk\u00fdch a paralympijsk\u00fdch her v Pa\u0159\u00ed\u017ei se nech\u00e1v\u00e1me inspirovat duchem v\u00fdjime\u010dnosti, t\u00fdmov\u00e9 pr\u00e1ce a respektu, kter\u00e9 zosob\u0148uj\u00ed tito prodejci. Jsou nejlep\u0161\u00edmi z nejlep\u0161\u00edch, a jsou tak na\u0161\u00edm Ichiban,\u201c uvedl k v\u00fdsledk\u016fm\u00a0<strong>Jo\u0161ihiro Nakata, prezident a CEO spole\u010dnosti Toyota Motor Europe.<\/strong><\/p>\n<p>\u201eJako automobilky n\u011bkdy zapom\u00edn\u00e1me, \u017ee na\u0161\u00edm \u00fakolem je nejen pom\u00e1hat z\u00e1kazn\u00edk\u016fm \u0159e\u0161it ot\u00e1zky fyzick\u00e9 mobility, ale tak\u00e9 usilovat o poskytov\u00e1n\u00ed mobility my\u0161lenek, informac\u00ed a emoc\u00ed. Jednodu\u0161e \u0159e\u010deno, mus\u00edme k z\u00e1kazn\u00edk\u016fm hledat takov\u00e9 nov\u00e9 cesty, kter\u00e9 spole\u010dnosti p\u0159in\u00e1\u0161ej\u00ed nejvy\u0161\u0161\u00ed hodnotu. Prodejci, kter\u00e9 v leto\u0161n\u00ed sout\u011b\u017ei Ichiban slavnostn\u011b oce\u0148ujeme, si to hluboce uv\u011bdomuj\u00ed, a p\u0159edstavuj\u00ed tak skute\u010dn\u00e9ho ducha Toyoty a jej\u00ed snahy p\u0159in\u00e1\u0161et v\u0161em radost,\u201c \u0159ekl\u00a0<strong>Gill Pratt, vedouc\u00ed v\u011bdeck\u00e9ho t\u00fdmu Toyota a CEO v\u00fdzkumn\u00e9ho centra Toyota Research Institute.<\/strong><\/p>\n<p>\u201eKvalita slu\u017eeb, z\u00e1kaznick\u00e1 spokojenost a inovace, to v\u0161echno jsou faktory, kter\u00e9 ur\u010duj\u00ed nejlep\u0161\u00edho prodejce ve m\u011bst\u011b a tak\u00e9 rozhoduj\u00ed o v\u00edt\u011bzi t\u00e9to presti\u017en\u00ed evropsk\u00e9 sout\u011b\u017ee. V leto\u0161n\u00edm roce tento n\u00e1ro\u010dn\u00fd \u00fakol splnila nejl\u00e9pe p\u0159\u00edbramsk\u00e1 pobo\u010dka Toyoty Dol\u00e1k. Gratulujeme a t\u011b\u0161\u00edme se na dal\u0161\u00ed spole\u010dn\u00e9 aktivity a st\u00e1le v\u00edce spokojen\u00fdch \u0159idi\u010d\u016f na \u010desk\u00fdch silnic\u00edch,\u201c komentuje Martin Pele\u0161ka, \u0159editel \u010desk\u00e9ho zastoupen\u00ed zna\u010dek Toyota a Lexus.<\/p>\n<p>Toyota jako celosv\u011btov\u00fd partner pro mobilitu Mezin\u00e1rodn\u00edho olympijsk\u00e9ho v\u00fdboru a Mezin\u00e1rodn\u00edho paralympijsk\u00e9ho v\u00fdboru uspo\u0159\u00e1dala setk\u00e1n\u00ed Ichiban p\u0159\u00edmo v prost\u0159ed\u00ed olympijsk\u00fdch her Pa\u0159\u00ed\u017e 2024. Pozvan\u00ed prodejci tak mohli poznat Pa\u0159\u00ed\u017e v jin\u00e9 podob\u011b b\u011bhem her a z\u00fa\u010dastnit se jejich slavnostn\u00edho zah\u00e1jen\u00ed.<\/p>\n<p><img loading=\"lazy\" decoding=\"async\" class=\"alignnone size-medium wp-image-6063\" src=\"http:\/\/www.automakers.cz\/wp-content\/uploads\/2024\/07\/logos-2-small-2-900x506.jpg\" alt=\"\" width=\"900\" height=\"506\" srcset=\"https:\/\/www.automakers.cz\/wp-content\/uploads\/2024\/07\/logos-2-small-2-900x506.jpg 900w, https:\/\/www.automakers.cz\/wp-content\/uploads\/2024\/07\/logos-2-small-2-1024x576.jpg 1024w, https:\/\/www.automakers.cz\/wp-content\/uploads\/2024\/07\/logos-2-small-2-768x432.jpg 768w, https:\/\/www.automakers.cz\/wp-content\/uploads\/2024\/07\/logos-2-small-2.jpg 1280w\" sizes=\"auto, (max-width: 900px) 100vw, 900px\" \/><\/p>\n","protected":false},"excerpt":{"rendered":"<p>Toyota Dol\u00e1k P\u0159\u00edbram z\u00edskala presti\u017en\u00ed ocen\u011bn\u00ed Ichiban, kter\u00e9 spole\u010dnost Toyota Motor Europe (TME) ka\u017edoro\u010dn\u011b ud\u00edl\u00ed&#8230;<\/p>\n","protected":false},"author":2,"featured_media":6062,"comment_status":"closed","ping_status":"closed","sticky":false,"template":"","format":"standard","meta":{"footnotes":""},"categories":[17,53],"tags":[],"class_list":["post-6061","post","type-post","status-publish","format-standard","has-post-thumbnail","hentry","category-dealeri","category-vysledky"],"_links":{"self":[{"href":"https:\/\/www.automakers.cz\/index.php?rest_route=\/wp\/v2\/posts\/6061","targetHints":{"allow":["GET"]}}],"collection":[{"href":"https:\/\/www.automakers.cz\/index.php?rest_route=\/wp\/v2\/posts"}],"about":[{"href":"https:\/\/www.automakers.cz\/index.php?rest_route=\/wp\/v2\/types\/post"}],"author":[{"embeddable":true,"href":"https:\/\/www.automakers.cz\/index.php?rest_route=\/wp\/v2\/users\/2"}],"replies":[{"embeddable":true,"href":"https:\/\/www.automakers.cz\/index.php?rest_route=%2Fwp%2Fv2%2Fcomments&post=6061"}],"version-history":[{"count":3,"href":"https:\/\/www.automakers.cz\/index.php?rest_route=\/wp\/v2\/posts\/6061\/revisions"}],"predecessor-version":[{"id":6071,"href":"https:\/\/www.automakers.cz\/index.php?rest_route=\/wp\/v2\/posts\/6061\/revisions\/6071"}],"wp:featuredmedia":[{"embeddable":true,"href":"https:\/\/www.automakers.cz\/index.php?rest_route=\/wp\/v2\/media\/6062"}],"wp:attachment":[{"href":"https:\/\/www.automakers.cz\/index.php?rest_route=%2Fwp%2Fv2%2Fmedia&parent=6061"}],"wp:term":[{"taxonomy":"category","embeddable":true,"href":"https:\/\/www.automakers.cz\/index.php?rest_route=%2Fwp%2Fv2%2Fcategories&post=6061"},{"taxonomy":"post_tag","embeddable":true,"href":"https:\/\/www.automakers.cz\/index.php?rest_route=%2Fwp%2Fv2%2Ftags&post=6061"}],"curies":[{"name":"wp","href":"https:\/\/api.w.org\/{rel}","templated":true}]}}