{"id":6110,"date":"2024-08-01T08:04:44","date_gmt":"2024-08-01T08:04:44","guid":{"rendered":"https:\/\/www.automakers.cz\/?p=6110"},"modified":"2024-08-01T08:05:37","modified_gmt":"2024-08-01T08:05:37","slug":"dachser-dokoncil-vystavbu-v-kladne","status":"publish","type":"post","link":"https:\/\/www.automakers.cz\/?p=6110","title":{"rendered":"Dachser dokon\u010dil v\u00fdstavbu v Kladn\u011b"},"content":{"rendered":"<p><strong>\u010cesk\u00fd Dachser spustil provoz nov\u00e9 p\u0159ekl\u00e1dkov\u00e9 haly na sv\u00e9 nejv\u011bt\u0161\u00ed \u010desk\u00e9 pobo\u010dce v Kladn\u011b. Pr\u00e1v\u011b dokon\u010den\u00e1 budova roz\u0161\u00ed\u0159ila logistick\u00e9 centrum o 4 000 m\u00b2 na celkov\u00fdch 18 500 m\u00b2 logistick\u00fdch ploch s cross-dockem. V\u00fdstavba p\u0159in\u00e1\u0161\u00ed nav\u00fd\u0161en\u00ed kapacit v regionu a umo\u017en\u00ed rychlej\u0161\u00ed odbaven\u00ed a doru\u010den\u00ed z\u00e1silek.<\/strong><!--more--><\/p>\n<p>Pobo\u010dka v Kladn\u011b je napojen\u00e1 na hustou evropskou logistickou s\u00ed\u0165 pozemn\u00edch p\u0159eprav, kter\u00e1 zahrnuje 220 vlastn\u00edch a 64 partnersk\u00fdch pobo\u010dek a tis\u00edce linek optim\u00e1ln\u011b nataktovan\u00fdch mezi nimi. Jen z \u010cesk\u00e9 republiky vyr\u00e1\u017e\u00ed na 100 p\u0159\u00edm\u00fdch denn\u00edch linek sb\u011brn\u00e9 slu\u017eby. Pobo\u010dka v Kladn\u011b pak m\u00e1 p\u0159\u00edm\u00e9 napojen\u00ed na v\u0161echny t\u0159i Dachser eurohuby v N\u011bmecku, Francii a na Slovensku a do dal\u0161\u00edch 34 destinac\u00ed v 11 zem\u00edch.<\/p>\n<p>\u201eNov\u00fd p\u0159ekl\u00e1dkov\u00fd sklad je v\u00fdznamnou investic\u00ed a dal\u0161\u00edm velk\u00fdm krokem v rozvoji pobo\u010dky v Kladn\u011b,\u201c uv\u00e1d\u00ed Ing. Michal K\u0159i\u017ean, General Manager Dachser Kladno, a dod\u00e1v\u00e1, \u201edoc\u00edl\u00edme tak je\u0161t\u011b rychlej\u0161\u00ed konsolidace z\u00e1silek do v\u0161ech kl\u00ed\u010dov\u00fdch destinac\u00ed v Evrop\u011b a zkr\u00e1t\u00edme dobu doru\u010den\u00ed sb\u011brnou slu\u017ebou. Z\u00e1rove\u0148 n\u00e1m nov\u00e1 v\u00fdstavba uvoln\u00ed prostor pro kontraktn\u00ed logistiku \u2013 inteligentn\u00ed propojen\u00ed skladov\u00e1n\u00ed, glob\u00e1ln\u00edch p\u0159eprav a slu\u017eeb s p\u0159idanou hodnotou.\u201c<\/p>\n<p>Dachser zah\u00e1jil stavbu p\u0159ekl\u00e1dkov\u00e9ho termin\u00e1lu v \u010dervenci 2023 s c\u00edlem vybudovat prostory, kter\u00e9 budou propojeny se st\u00e1vaj\u00edc\u00ed halou a umo\u017en\u00ed absorbovat dal\u0161\u00ed objemy zbo\u017e\u00ed a d\u00e1le zrychlit procesy na p\u0159ekl\u00e1dce.<\/p>\n<p>Nov\u00fdch 4 000 m\u00b2 p\u0159ekl\u00e1dkov\u00fdch ploch je osazeno 36 nakl\u00e1dac\u00edmi branami a je postaveno podle modern\u00edch standard\u016f jednotn\u00fdch v cel\u00e9 evropsk\u00e9 s\u00edti Dachser. Logistick\u00e9 centrum v Kladn\u011b se tak\u00e9 rozrostlo o dal\u0161\u00edch 4 800 m\u00b2 venkovn\u00edch logistick\u00fdch a manipula\u010dn\u00edch ploch.<\/p>\n<p>\u201eV\u00fdstavba nov\u00e9 p\u0159ekl\u00e1dkov\u00e9 haly je sou\u010d\u00e1st\u00ed na\u0161\u00ed dlouhodob\u00e9 strategie pro rozvoj logistick\u00e9 s\u00edt\u011b. Jako rodinn\u00e1 spole\u010dnost m\u00e1me zam\u011b\u0159en\u00ed na dlouhodob\u00fd rozvoj zakomponovan\u00fd do samotn\u00fdch z\u00e1klad\u016f na\u0161eho fungov\u00e1n\u00ed. Financov\u00e1n\u00ed vlastn\u00ed v\u00fdstavby tedy plyne z velk\u00e9 \u010d\u00e1sti z na\u0161ich vlastn\u00edch zdroj\u016f a na\u0161e pl\u00e1ny uskute\u010d\u0148ujeme navzdory m\u00edrn\u00e9mu zpomalov\u00e1n\u00ed evropsk\u00e9 ekonomiky,\u201c \u0159\u00edk\u00e1 Ing. Jan Pihar, gener\u00e1ln\u00ed \u0159editel Dachser Czech Republic a. s., a dod\u00e1v\u00e1, \u201ejsme r\u00e1di, \u017ee je nov\u00e1 p\u0159ekl\u00e1dkov\u00e1 hala nyn\u00ed p\u0159ipraven\u00e1 na p\u0159edv\u00e1no\u010dn\u00ed sez\u00f3nu, kter\u00e1 u n\u00e1s za\u010d\u00edn\u00e1 ji\u017e koncem letn\u00edch pr\u00e1zdnin.\u201c<\/p>\n<p><strong>Lokalita v\u00fdval\u00e9 huti Kon\u011bv<\/strong><\/p>\n<p>Pobo\u010dka Dachser Kladno se nach\u00e1z\u00ed na severn\u00edm okraji m\u011bsta. Nov\u00fd sklad postavila spole\u010dnost ve vlastn\u00edm are\u00e1lu v b\u00fdval\u00e9 Huti Kon\u011bv, kter\u00fd p\u0159ed n\u011bkolika lety v souvislosti s p\u0159edchoz\u00ed v\u00fdstavbou ekologicky sanovala. Stavba zahrnuje \u0159adu prvk\u016f pro ochranu klimatu a p\u0159\u00edrodn\u00edch zdroj\u016f \u2013 administrativn\u00ed \u010d\u00e1st p\u0159ekl\u00e1dkov\u00e9 haly je vybavena tepeln\u00fdmi \u010derpadly a vzduchotechnikou s rekuperac\u00ed pro zp\u011btn\u00e9 z\u00edsk\u00e1v\u00e1n\u00ed tepla.<\/p>\n<p>Ve v\u0161ech interi\u00e9rech je nainstalov\u00e1no LED osv\u011btlen\u00ed a \u0159\u00edzen\u00ed ovl\u00e1d\u00e1n\u00ed osv\u011btlen\u00ed podle okoln\u00edch sv\u011bteln\u00fdch podm\u00ednek. Spole\u010dnost zde vybudovala rezervo\u00e1r pro svod de\u0161\u0165ov\u00e9 vody ze st\u0159echy budov, kterou bude pou\u017e\u00edvat pro soci\u00e1ln\u00ed za\u0159\u00edzen\u00ed a z\u00e1vlahu zelen\u011b, a okol\u00ed budovy bylo osazeno s ohledem na zachov\u00e1n\u00ed m\u00edstn\u00ed biodiverzity.<\/p>\n<p>V p\u0159\u00edprav\u011b je v\u00fdstavba vlastn\u00ed fotovoltaick\u00e9 elektr\u00e1rny na st\u0159e\u0161e objektu, pro uskladn\u011bn\u00ed p\u0159ebyte\u010dn\u00e9 energie spole\u010dnost po\u0159\u00edd\u00ed velkokapacitn\u00ed \u00falo\u017ei\u0161t\u011b. Dachser Kladno je z\u00e1rove\u0148 vlajkovou lod\u00ed postupn\u00e9 transformace spole\u010dnosti v \u010cesk\u00e9 republice sm\u011brem k vyu\u017eit\u00ed bezemisn\u00edch technologi\u00ed. Spole\u010dnost zde investovala do v\u00fdstavby vlastn\u00edch dob\u00edjec\u00edch stanic pro osobn\u00ed i n\u00e1kladn\u00ed vozidla a zaji\u0161\u0165uje z Kladna z\u00e1sobov\u00e1n\u00ed vybran\u00fdch \u010d\u00e1st\u00ed centra Prahy s nulov\u00fdmi emisemi (DACHSER Emission-Free Delivery). Sou\u010dasn\u011b odtud provozuje i sv\u00e9 dv\u011b prvn\u00ed pln\u011b bezemisn\u00ed d\u00e1lkov\u00e9 pravideln\u00e9 linky \u2013 vnitrost\u00e1tn\u00ed i mezin\u00e1rodn\u00ed.<\/p>\n<p>Dachser Kladno nyn\u00ed zahrnuje celkem 8 000 m\u00b2 p\u0159ekl\u00e1dkov\u00fdch ploch a 10 500 m\u00b2 skladov\u00fdch ploch pro poskytov\u00e1n\u00ed slu\u017eeb kontraktn\u00ed logistiky se 16 000 paletov\u00fdmi m\u00edsty, are\u00e1l disponuje 92 nakl\u00e1dac\u00edmi branami. Spole\u010dnost zde zam\u011bstn\u00e1v\u00e1 na 230 lid\u00ed. T\u011bsn\u011b p\u0159ed dokon\u010den\u00edm je je\u0161t\u011b nov\u00e1 administrativn\u00ed vestavba napojen\u00e1 na nov\u00fd p\u0159ekl\u00e1dkov\u00fd sklad a redesign st\u00e1vaj\u00edc\u00edch kancel\u00e1\u0159sk\u00fdch prostor. P\u0159edpokl\u00e1dan\u00e1 v\u00fd\u0161e celkov\u00fdch n\u00e1klad\u016f na v\u00fdstavbu \u010din\u00ed 12,6 milionu eur (300 milion\u016f korun).<\/p>\n<p><strong>Zdroj: Andrea Pitronov\u00e1<\/strong><\/p>\n<p><img loading=\"lazy\" decoding=\"async\" class=\"alignnone size-medium wp-image-6112\" src=\"http:\/\/www.automakers.cz\/wp-content\/uploads\/2024\/07\/Vystavba-Dachser-Kladno_2-small-2-900x600.jpg\" alt=\"\" width=\"900\" height=\"600\" srcset=\"https:\/\/www.automakers.cz\/wp-content\/uploads\/2024\/07\/Vystavba-Dachser-Kladno_2-small-2-900x600.jpg 900w, https:\/\/www.automakers.cz\/wp-content\/uploads\/2024\/07\/Vystavba-Dachser-Kladno_2-small-2-1024x682.jpg 1024w, https:\/\/www.automakers.cz\/wp-content\/uploads\/2024\/07\/Vystavba-Dachser-Kladno_2-small-2-768x512.jpg 768w, https:\/\/www.automakers.cz\/wp-content\/uploads\/2024\/07\/Vystavba-Dachser-Kladno_2-small-2-1536x1024.jpg 1536w, https:\/\/www.automakers.cz\/wp-content\/uploads\/2024\/07\/Vystavba-Dachser-Kladno_2-small-2-2048x1365.jpg 2048w\" sizes=\"auto, (max-width: 900px) 100vw, 900px\" \/><\/p>\n","protected":false},"excerpt":{"rendered":"<p>\u010cesk\u00fd Dachser spustil provoz nov\u00e9 p\u0159ekl\u00e1dkov\u00e9 haly na sv\u00e9 nejv\u011bt\u0161\u00ed \u010desk\u00e9 pobo\u010dce v Kladn\u011b. Pr\u00e1v\u011b&#8230;<\/p>\n","protected":false},"author":2,"featured_media":6111,"comment_status":"closed","ping_status":"closed","sticky":false,"template":"","format":"standard","meta":{"footnotes":""},"categories":[3,43,31],"tags":[],"class_list":["post-6110","post","type-post","status-publish","format-standard","has-post-thumbnail","hentry","category-investice","category-logistika","category-news"],"_links":{"self":[{"href":"https:\/\/www.automakers.cz\/index.php?rest_route=\/wp\/v2\/posts\/6110","targetHints":{"allow":["GET"]}}],"collection":[{"href":"https:\/\/www.automakers.cz\/index.php?rest_route=\/wp\/v2\/posts"}],"about":[{"href":"https:\/\/www.automakers.cz\/index.php?rest_route=\/wp\/v2\/types\/post"}],"author":[{"embeddable":true,"href":"https:\/\/www.automakers.cz\/index.php?rest_route=\/wp\/v2\/users\/2"}],"replies":[{"embeddable":true,"href":"https:\/\/www.automakers.cz\/index.php?rest_route=%2Fwp%2Fv2%2Fcomments&post=6110"}],"version-history":[{"count":4,"href":"https:\/\/www.automakers.cz\/index.php?rest_route=\/wp\/v2\/posts\/6110\/revisions"}],"predecessor-version":[{"id":6122,"href":"https:\/\/www.automakers.cz\/index.php?rest_route=\/wp\/v2\/posts\/6110\/revisions\/6122"}],"wp:featuredmedia":[{"embeddable":true,"href":"https:\/\/www.automakers.cz\/index.php?rest_route=\/wp\/v2\/media\/6111"}],"wp:attachment":[{"href":"https:\/\/www.automakers.cz\/index.php?rest_route=%2Fwp%2Fv2%2Fmedia&parent=6110"}],"wp:term":[{"taxonomy":"category","embeddable":true,"href":"https:\/\/www.automakers.cz\/index.php?rest_route=%2Fwp%2Fv2%2Fcategories&post=6110"},{"taxonomy":"post_tag","embeddable":true,"href":"https:\/\/www.automakers.cz\/index.php?rest_route=%2Fwp%2Fv2%2Ftags&post=6110"}],"curies":[{"name":"wp","href":"https:\/\/api.w.org\/{rel}","templated":true}]}}