{"id":6148,"date":"2024-08-05T08:52:58","date_gmt":"2024-08-05T08:52:58","guid":{"rendered":"https:\/\/www.automakers.cz\/?p=6148"},"modified":"2024-08-05T10:10:02","modified_gmt":"2024-08-05T10:10:02","slug":"automobilky-hlasi-nedostatek-hliniku","status":"publish","type":"post","link":"https:\/\/www.automakers.cz\/?p=6148","title":{"rendered":"Automobilky hl\u00e1s\u00ed nedostatek hlin\u00edku"},"content":{"rendered":"<div class=\"content___2FUFa\">\n<div class=\"content___2FUFa\">\n<p><strong>Letn\u00ed z\u00e1plavy ve \u0160v\u00fdcarsku vyslaly \u0161okov\u00e9 vlny nap\u0159\u00ed\u010d glob\u00e1ln\u00edm autopr\u016fmyslem. Devastace tov\u00e1rny Novelisu, kl\u00ed\u010dov\u00e9ho dodavatele hlin\u00edku, vedla k nedostatku hlin\u00edkov\u00fdch slitin, co\u017e ovlivnilo v\u00fdrobn\u00ed linky n\u011bkolika \u0161pi\u010dkov\u00fdch zna\u010dek. JLR nebude m\u00edt dost aluminia do konce roku.<br \/>\n<\/strong><\/p>\n<p>Nap\u0159\u00edklad Porsche a BMW jsou v\u00fdznamn\u00fdmi v\u00fdrobci automobil\u016f, kter\u00fdch se toto p\u0159eru\u0161en\u00ed dodavatelsk\u00e9ho \u0159et\u011bzce dotklo. Mercedes-Benz uvedl, \u017ee nedostatek hlin\u00edku v d\u016fsledku povodn\u00ed nebude m\u00edt vliv na jeho v\u00fdrobu. Spole\u010dnost za tuto odolnost vd\u011b\u010d\u00ed sv\u00e9 diverzifikovan\u00e9 dodavatelsk\u00e9 z\u00e1kladn\u011b.<\/p>\n<p>Spole\u010dnost Novelis je dodavatelem, kter\u00fd je j\u00e1drem tohoto naru\u0161en\u00ed. Novelis je p\u0159edn\u00edm v\u00fdrobcem ploch\u00fdch v\u00e1lcovan\u00fdch hlin\u00edkov\u00fdch v\u00fdrobk\u016f a nejv\u011bt\u0161\u00edm recykl\u00e1torem hlin\u00edku na sv\u011bt\u011b. Na konci \u010dervna vedly siln\u00e9 de\u0161t\u011b k rozs\u00e1hl\u00fdm z\u00e1plav\u00e1m v hlin\u00edk\u00e1rn\u011b ve \u0161v\u00fdcarsk\u00e9m Sierre, kter\u00e9 donutily spole\u010dnost Novelis zastavit v\u00fdrobu.<\/p>\n<p>Spole\u010dnost n\u00e1sledn\u011b vyhl\u00e1sila &#8222;vy\u0161\u0161\u00ed moc&#8220;, co\u017e je pr\u00e1vn\u00ed dolo\u017eka, kter\u00e1 se uplat\u0148uje v p\u0159\u00edpad\u011b, \u017ee nep\u0159edv\u00eddan\u00e9 okolnosti br\u00e1n\u00ed pln\u011bn\u00ed smluvn\u00edch z\u00e1vazk\u016f.<\/p>\n<p><strong>Nejh\u016f\u0159e je na tom JLR<\/strong><\/p>\n<p>Nedostatek aluminia z\u0159ejm\u011b nejv\u00edce zas\u00e1hlo Jaguar Land Rover, kter\u00fd nebude m\u00edt dost materi\u00e1lu do konce roku. V reakci na to se JLR sna\u017e\u00ed zajistit alternativn\u00ed dodavatele. &#8222;Vedli jsme dobr\u00e9 rozhovory s dal\u0161\u00edmi dodavateli, v\u010detn\u011b spole\u010dnosti Tata, v r\u00e1mci na\u0161\u00ed skupiny, abychom z\u00edskali hlin\u00edk odjinud,&#8220; uvedl mluv\u010d\u00ed firmy.<\/p>\n<p>Zdroj:\u00a0<a href=\"https:\/\/www.alcircle.com\/news\/jaguar-land-rover-faces-production-setbacks-after-swiss-floods-halt-aluminium-supply-111611\" target=\"_blank\" rel=\"noopener\">https:\/\/www.alcircle.com\/news\/jaguar-land-rover-faces-production-setbacks-after-swiss-floods-halt-aluminium-supply-111611<\/a><\/p>\n<\/div>\n<div class=\"keywords___3f1v5\"><\/div>\n<\/div>\n<p><!--more--><\/p>\n","protected":false},"excerpt":{"rendered":"<p>Letn\u00ed z\u00e1plavy ve \u0160v\u00fdcarsku vyslaly \u0161okov\u00e9 vlny nap\u0159\u00ed\u010d glob\u00e1ln\u00edm autopr\u016fmyslem. Devastace tov\u00e1rny Novelisu, kl\u00ed\u010dov\u00e9ho dodavatele&#8230;<\/p>\n","protected":false},"author":1,"featured_media":303,"comment_status":"closed","ping_status":"closed","sticky":false,"template":"","format":"standard","meta":{"footnotes":""},"categories":[23,31],"tags":[],"class_list":["post-6148","post","type-post","status-publish","format-standard","has-post-thumbnail","hentry","category-dodavatele","category-news"],"_links":{"self":[{"href":"https:\/\/www.automakers.cz\/index.php?rest_route=\/wp\/v2\/posts\/6148","targetHints":{"allow":["GET"]}}],"collection":[{"href":"https:\/\/www.automakers.cz\/index.php?rest_route=\/wp\/v2\/posts"}],"about":[{"href":"https:\/\/www.automakers.cz\/index.php?rest_route=\/wp\/v2\/types\/post"}],"author":[{"embeddable":true,"href":"https:\/\/www.automakers.cz\/index.php?rest_route=\/wp\/v2\/users\/1"}],"replies":[{"embeddable":true,"href":"https:\/\/www.automakers.cz\/index.php?rest_route=%2Fwp%2Fv2%2Fcomments&post=6148"}],"version-history":[{"count":5,"href":"https:\/\/www.automakers.cz\/index.php?rest_route=\/wp\/v2\/posts\/6148\/revisions"}],"predecessor-version":[{"id":6172,"href":"https:\/\/www.automakers.cz\/index.php?rest_route=\/wp\/v2\/posts\/6148\/revisions\/6172"}],"wp:featuredmedia":[{"embeddable":true,"href":"https:\/\/www.automakers.cz\/index.php?rest_route=\/wp\/v2\/media\/303"}],"wp:attachment":[{"href":"https:\/\/www.automakers.cz\/index.php?rest_route=%2Fwp%2Fv2%2Fmedia&parent=6148"}],"wp:term":[{"taxonomy":"category","embeddable":true,"href":"https:\/\/www.automakers.cz\/index.php?rest_route=%2Fwp%2Fv2%2Fcategories&post=6148"},{"taxonomy":"post_tag","embeddable":true,"href":"https:\/\/www.automakers.cz\/index.php?rest_route=%2Fwp%2Fv2%2Ftags&post=6148"}],"curies":[{"name":"wp","href":"https:\/\/api.w.org\/{rel}","templated":true}]}}