{"id":615,"date":"2023-11-30T07:59:33","date_gmt":"2023-11-30T07:59:33","guid":{"rendered":"https:\/\/www.automakers.cz\/?p=615"},"modified":"2023-11-30T08:27:31","modified_gmt":"2023-11-30T08:27:31","slug":"motoristicti-novinari-hodnotili-rok","status":"publish","type":"post","link":"https:\/\/www.automakers.cz\/?p=615","title":{"rendered":"Motoristi\u010dt\u00ed novin\u00e1\u0159i hodnotili rok"},"content":{"rendered":"<p><strong>V po\u010dernick\u00e9 Chvalsk\u00e9 stodole zasedla 29. listopadu valn\u00e1 hromada Klubu motoristick\u00fdch novin\u00e1\u0159\u016f. \u0160\u00e9f klubu Michal Busta zhodnotil uplynul\u00fd rok, na programu byla spolupr\u00e1ce s anketou Auto roku 2024, vyhl\u00e1\u0161en\u00ed p\u0159idru\u017een\u00e9 ankety PR roku a p\u0159\u00edprava nov\u00e9ho klubov\u00e9ho port\u00e1lu.<\/strong><!--more--><\/p>\n<p>&#8222;Klub motoristick\u00fdch novin\u00e1\u0159\u016f letos participoval na anket\u011b Auto roku 2023, vyhl\u00e1sili jsme na pra\u017esk\u00e9m parn\u00edku tak\u00e9 v\u00fdsledky na\u0161\u00ed ankety PR roku za rok 2022. Po\u0159\u00e1dali jsme semin\u00e1\u0159e s dopravn\u00ed polici\u00ed, posledn\u00ed akc\u00ed leto\u0161ka byly dne\u0161n\u00ed testovac\u00ed j\u00edzdy na Chvalsk\u00e9 tvrzi s automobilov\u00fdmi novinkami na \u010desk\u00e9m trhu,&#8220; shrnul uplynul\u00fdch 12 m\u011bs\u00edc\u016f Busta.<\/p>\n<p><img loading=\"lazy\" decoding=\"async\" class=\"alignnone size-medium wp-image-561\" src=\"http:\/\/www.automakers.cz\/wp-content\/uploads\/2023\/11\/Chvalska-tvrz-Auto-roku-2024-skupina-900x505.jpg\" alt=\"\" width=\"900\" height=\"505\" srcset=\"https:\/\/www.automakers.cz\/wp-content\/uploads\/2023\/11\/Chvalska-tvrz-Auto-roku-2024-skupina-900x505.jpg 900w, https:\/\/www.automakers.cz\/wp-content\/uploads\/2023\/11\/Chvalska-tvrz-Auto-roku-2024-skupina-1024x575.jpg 1024w, https:\/\/www.automakers.cz\/wp-content\/uploads\/2023\/11\/Chvalska-tvrz-Auto-roku-2024-skupina-768x431.jpg 768w, https:\/\/www.automakers.cz\/wp-content\/uploads\/2023\/11\/Chvalska-tvrz-Auto-roku-2024-skupina.jpg 1179w\" sizes=\"auto, (max-width: 900px) 100vw, 900px\" \/><\/p>\n<p>Diskuse byla pak v\u011bnov\u00e1na p\u0159\u00edprav\u011b ankety Auto roku 2024, valn\u00e1 hromada odstartovala anketu PR roku 2023, kter\u00e1 je vedlej\u0161\u00ed kategori\u00ed velk\u00e9 ankety a jej\u00ed v\u00fdsledky budou vyhl\u00e1\u0161eny 6. \u00fanora spole\u010dn\u011b s Autem roku.<\/p>\n<p>Dal\u0161\u00ed \u010d\u00e1st hromady pat\u0159ila person\u00e1ln\u00edm ot\u00e1zk\u00e1m. &#8222;Klub v posledn\u00edch dvan\u00e1cti m\u011bs\u00edc\u00edch opustilo 30 \u010dlen\u016f, p\u0159ijato bylo dev\u011bt lid\u00ed,&#8220; spo\u010d\u00edtal Busta.<\/p>\n<p>Z v\u00fdboru klubu odstoupil jeho letit\u00fd \u010dlen Luk\u00e1\u0161 Vaverka, na jeho m\u00edsto byl zvolen Erich Handl. Ten tak\u00e9 jako webmaster klubov\u00e9ho port\u00e1lu p\u0159edstavil pracovn\u00ed verzi nov\u00e9ho webu na adrese kmn.cz.<\/p>\n<p><strong>Zdroj: valn\u00e1 hromada KMN, Horn\u00ed Po\u010dernice<\/strong><\/p>\n<p><img loading=\"lazy\" decoding=\"async\" class=\"alignnone size-medium wp-image-618\" src=\"http:\/\/www.automakers.cz\/wp-content\/uploads\/2023\/11\/klubmn.cz-\u2013-Portal-Klubu-motoristickych-novinaru-900x413.png\" alt=\"\" width=\"900\" height=\"413\" srcset=\"https:\/\/www.automakers.cz\/wp-content\/uploads\/2023\/11\/klubmn.cz-\u2013-Portal-Klubu-motoristickych-novinaru-900x413.png 900w, https:\/\/www.automakers.cz\/wp-content\/uploads\/2023\/11\/klubmn.cz-\u2013-Portal-Klubu-motoristickych-novinaru-1024x470.png 1024w, https:\/\/www.automakers.cz\/wp-content\/uploads\/2023\/11\/klubmn.cz-\u2013-Portal-Klubu-motoristickych-novinaru-768x352.png 768w, https:\/\/www.automakers.cz\/wp-content\/uploads\/2023\/11\/klubmn.cz-\u2013-Portal-Klubu-motoristickych-novinaru-1536x704.png 1536w, https:\/\/www.automakers.cz\/wp-content\/uploads\/2023\/11\/klubmn.cz-\u2013-Portal-Klubu-motoristickych-novinaru.png 1919w\" sizes=\"auto, (max-width: 900px) 100vw, 900px\" \/><\/p>\n","protected":false},"excerpt":{"rendered":"<p>V po\u010dernick\u00e9 Chvalsk\u00e9 stodole zasedla 29. listopadu valn\u00e1 hromada Klubu motoristick\u00fdch novin\u00e1\u0159\u016f. \u0160\u00e9f klubu Michal&#8230;<\/p>\n","protected":false},"author":1,"featured_media":617,"comment_status":"open","ping_status":"open","sticky":false,"template":"","format":"standard","meta":{"footnotes":""},"categories":[27,5],"tags":[],"class_list":["post-615","post","type-post","status-publish","format-standard","has-post-thumbnail","hentry","category-novinari","category-personalie"],"_links":{"self":[{"href":"https:\/\/www.automakers.cz\/index.php?rest_route=\/wp\/v2\/posts\/615","targetHints":{"allow":["GET"]}}],"collection":[{"href":"https:\/\/www.automakers.cz\/index.php?rest_route=\/wp\/v2\/posts"}],"about":[{"href":"https:\/\/www.automakers.cz\/index.php?rest_route=\/wp\/v2\/types\/post"}],"author":[{"embeddable":true,"href":"https:\/\/www.automakers.cz\/index.php?rest_route=\/wp\/v2\/users\/1"}],"replies":[{"embeddable":true,"href":"https:\/\/www.automakers.cz\/index.php?rest_route=%2Fwp%2Fv2%2Fcomments&post=615"}],"version-history":[{"count":9,"href":"https:\/\/www.automakers.cz\/index.php?rest_route=\/wp\/v2\/posts\/615\/revisions"}],"predecessor-version":[{"id":627,"href":"https:\/\/www.automakers.cz\/index.php?rest_route=\/wp\/v2\/posts\/615\/revisions\/627"}],"wp:featuredmedia":[{"embeddable":true,"href":"https:\/\/www.automakers.cz\/index.php?rest_route=\/wp\/v2\/media\/617"}],"wp:attachment":[{"href":"https:\/\/www.automakers.cz\/index.php?rest_route=%2Fwp%2Fv2%2Fmedia&parent=615"}],"wp:term":[{"taxonomy":"category","embeddable":true,"href":"https:\/\/www.automakers.cz\/index.php?rest_route=%2Fwp%2Fv2%2Fcategories&post=615"},{"taxonomy":"post_tag","embeddable":true,"href":"https:\/\/www.automakers.cz\/index.php?rest_route=%2Fwp%2Fv2%2Ftags&post=615"}],"curies":[{"name":"wp","href":"https:\/\/api.w.org\/{rel}","templated":true}]}}