{"id":6190,"date":"2024-08-06T08:28:00","date_gmt":"2024-08-06T08:28:00","guid":{"rendered":"https:\/\/www.automakers.cz\/?p=6190"},"modified":"2024-08-07T07:54:06","modified_gmt":"2024-08-07T07:54:06","slug":"startuje-nejvetsi-cesky-vodikovy-projekt","status":"publish","type":"post","link":"https:\/\/www.automakers.cz\/?p=6190","title":{"rendered":"Startuje nejv\u011bt\u0161\u00ed \u010desk\u00fd vod\u00edkov\u00fd projekt"},"content":{"rendered":"<p><strong><b>Hejtmanka St\u0159edo\u010desk\u00e9ho kraje Petra Peckov\u00e1 p\u0159edstavila na tiskov\u00e9 konferenci projekt, kter\u00fd vsad\u00ed na nejv\u011bt\u0161\u00ed flotilu vod\u00edkov\u00fdch autobus\u016f v \u010cR. Jejich p<\/b><\/strong><strong><b>rovoz zajist\u00ed Integrovan\u00e1 doprava kraje a Martin Uher Bus. V\u00edt\u011bzem tendru na dod\u00e1vku vozidel je Solaris, kter\u00fd\u00a0 dod\u00e1 10 autobus\u016f Urbino 12 hydrogen.<\/b><\/strong><!--more--><\/p>\n<p>Dodavatelem vod\u00edkov\u00e9ho hospod\u00e1\u0159stv\u00ed, zahrnuj\u00edc\u00edho elektrolyz\u00e9r vyr\u00e1b\u011bj\u00edc\u00ed vod\u00edk, vod\u00edkovou stanici a z\u00e1sobn\u00edky, je spole\u010dnost \u010cEZ ESCO. Stoprocentn\u011b zelen\u00e1 elekt\u0159ina na v\u00fdrobu vod\u00edku bude poch\u00e1zet z vodn\u00ed elektr\u00e1rny \u010cEZ ve Vran\u00e9m nad Vltavou.<\/p>\n<p>A\u017e koncem roku 2025 nastoup\u00ed cestuj\u00edc\u00ed do bus\u016f <a href=\"https:\/\/pid.cz\/wp-content\/uploads\/mapy\/mesta-region\/Mnisek-pod-Brdy_mapa_A4.pdf\">linek 446, 517 a 688<\/a>\u00a0jezd\u00edc\u00edch v\u00a0kopcovit\u00e9m ter\u00e9nu okol\u00ed st\u0159edo\u010desk\u00e9ho Mn\u00ed\u0161ku pod Brdy, povezou je u\u017e nov\u00e9 vod\u00edkov\u00e9 autobusy Solaris Urbino 12 hydrogen. Jde o v\u00fdsledek inovativn\u00edho projektu bezemisn\u00ed dopravy, p\u0159i kter\u00e9m spojily sv\u00e9 s\u00edly St\u0159edo\u010desk\u00fd kraj, Skupina \u010cEZ a dopravce Martin Uher Bus.\u00a0 Dojezd autobusu je a\u017e 320 kilometr\u016f, ro\u010dn\u011b by m\u011bly sv\u00e9zt n\u011bkolik tis\u00edc cestuj\u00edc\u00edch a ujedou zhruba 550 tis\u00edc kilometr\u016f.<\/p>\n<p><strong><em><b><i>\u201eJsme nejlidnat\u011bj\u0161\u00ed region \u010cesk\u00e9 republiky a bedliv\u011b sledujeme inovace v\u00a0doprav\u011b i v dal\u0161\u00edch odv\u011btv\u00edch. Jako prvn\u00ed kraj v\u00a0republice jsme se tak rozhodli spustit velk\u00fd vod\u00edkov\u00fd projekt v\u00a0doprav\u011b. V\u00a0budoucnu m\u00e1 b\u00fdt cel\u00e1 doprava bezemisn\u00ed, a my si tak pot\u0159ebujeme otestovat nejnov\u011bj\u0161\u00ed technologie v\u00a0praxi. Na link\u00e1ch v Kutn\u00e9 Ho\u0159e, Kladn\u011b nebo nap\u0159\u00edklad na Bene\u0161ovsku u\u017e jezd\u00ed elektrobusy a te\u010f si vyzkou\u0161\u00edme i druh\u00e9 perspektivn\u00ed palivo \u2013 vod\u00edk. V\u011b\u0159\u00edme, \u017ee se nov\u00e9 autobusy poh\u00e1n\u011bn\u00e9 vod\u00edkem osv\u011bd\u010d\u00ed i v\u00a0n\u00e1ro\u010dn\u00e9m \u010dlenit\u00e9m ter\u00e9nu v\u00a0okol\u00ed Mn\u00ed\u0161ku pod Brdy,\u201c<\/i><\/b><\/em><\/strong><strong><b>\u00a0<\/b><\/strong>\u0159\u00edk\u00e1 hejtmanka St\u0159edo\u010desk\u00e9ho kraje Petra Peckov\u00e1.<\/p>\n<p><img loading=\"lazy\" decoding=\"async\" class=\"alignnone size-medium wp-image-6196\" src=\"http:\/\/www.automakers.cz\/wp-content\/uploads\/2024\/08\/Vodikove-hospodarstvi-Logan-900x416.jpg\" alt=\"\" width=\"900\" height=\"416\" \/>Palivem pro autobusy bude tzv. zelen\u00fd vod\u00edk, kter\u00e9ho cel\u00e1 flotila b\u011bhem ro\u010dn\u00edho provozu spot\u0159ebuje a\u017e 45 tun. Jeho zdrojem bude bezemisn\u00ed elekt\u0159ina z\u00a0nedalek\u00e9 vodn\u00ed elektr\u00e1rny Vran\u00e9 nad Vltavou, kterou provozuje \u010cEZ. Zelenou elekt\u0159inu energetici p\u0159em\u011bn\u00ed ve vod\u00edk v elektrolyz\u00e9ru o p\u0159\u00edkonu 540 kW. Sou\u010d\u00e1st\u00ed vod\u00edkov\u00e9ho hospod\u00e1\u0159stv\u00ed bude tak\u00e9 pln\u00edc\u00ed stanice a n\u011bkolik z\u00e1sobn\u00edk\u016f na vod\u00edk o celkov\u00e9m objemu 500 kg. V\u00a0sout\u011b\u017ei na dod\u00e1vku \u0159e\u0161en\u00ed zv\u00edt\u011bzila spole\u010dnost \u010cEZ ESCO, kter\u00e1 na dod\u00e1vce vod\u00edkov\u00fdch technologi\u00ed spolupracuje s renomovan\u00fdm britsk\u00fdm specialistou Logan Energy.<\/p>\n<p><strong><em><b><i>\u201eEkologizace dopravy a diverzifikace pohon\u016f je pevnou sou\u010d\u00e1st\u00ed energetick\u00e9 transformace i zvy\u0161ov\u00e1n\u00ed sob\u011bsta\u010dnosti a bezpe\u010dnosti \u010cesk\u00e9 republiky. \u010cEZ se v souladu se strategi\u00ed \u010cist\u00e1 Energie Z\u00edt\u0159ka soust\u0159ed\u00ed nejen na podporu rozvoje elektromobility ale i na rozvoj vod\u00edkov\u00fdch projekt\u016f. D\u011bkujeme St\u0159edo\u010desk\u00e9mu kraji za odvahu hledat a prosazovat pr\u016fkopnick\u00e1 \u0159e\u0161en\u00ed. D\u00edky tomu vybudujeme v Mn\u00ed\u0161ku pod Brdy prvn\u00ed velk\u00e9 dopravn\u00ed vod\u00edkov\u00e9 hospod\u00e1\u0159stv\u00ed v\u00a0\u010cesku. K v\u00fdrob\u011b vod\u00edku vyu\u017eijeme bezemisn\u00ed elekt\u0159inu z vodn\u00ed elektr\u00e1rny Vran\u00e9 nad Vltavou,\u201c<\/i><\/b><\/em><\/strong>\u00a0uv\u00e1d\u00ed m\u00edstop\u0159edseda p\u0159edstavenstva \u010cEZ Pavel Cyrani.<\/p>\n<p>Podle aktualizovan\u00e9 vod\u00edkov\u00e9 strategie \u010cR je odhadovan\u00e1 spot\u0159eba vod\u00edku v\u00a0roce 2050 je v\u00a0n\u00edzk\u00e9m 1,1 a ve vysok\u00e9m sc\u00e9n\u00e1\u0159i v\u00edce ne\u017e 1,8 milionu tun. Hlavn\u00ed uplatn\u011bn\u00ed by m\u011bl obnoviteln\u00fd vod\u00edk v\u00a0budoucnu naj\u00edt v t\u011b\u017eko elektrifikovateln\u00fdch oblastech, jako je nap\u0159. chemick\u00fd pr\u016fmysl, a tak\u00e9 v n\u00e1kladn\u00ed a d\u00e1lkov\u00e9 a region\u00e1ln\u00ed hromadn\u00e9 doprav\u011b.<\/p>\n<p>V\u011bt\u0161inu po\u0159izovac\u00edch n\u00e1klad\u016f pokryje dvojice evropsk\u00fdch dota\u010dn\u00edch titul\u016f \u2013 Integrovan\u00fd region\u00e1ln\u00ed opera\u010dn\u00ed program (IROP) a program ITI pro rozvoj metropolitn\u00ed oblasti. V\u00a0p\u0159\u00edpad\u011b programu ITI byl administr\u00e1torem projektu i z\u00e1stupce Magistr\u00e1tu hlavn\u00edho m\u011bsta Prahy.<\/p>\n<p><strong>Zdroj: TK St\u0159edo\u010desk\u00fd kraj, Erich Handl, TZ \u010cEZ<\/strong><\/p>\n<p><img loading=\"lazy\" decoding=\"async\" class=\"alignnone size-medium wp-image-6198\" src=\"http:\/\/www.automakers.cz\/wp-content\/uploads\/2024\/08\/TK-Stredocesky-hraj-Peckova-kamera-vodik-900x675.jpg\" alt=\"\" width=\"900\" height=\"675\" srcset=\"https:\/\/www.automakers.cz\/wp-content\/uploads\/2024\/08\/TK-Stredocesky-hraj-Peckova-kamera-vodik-900x675.jpg 900w, https:\/\/www.automakers.cz\/wp-content\/uploads\/2024\/08\/TK-Stredocesky-hraj-Peckova-kamera-vodik-1024x768.jpg 1024w, https:\/\/www.automakers.cz\/wp-content\/uploads\/2024\/08\/TK-Stredocesky-hraj-Peckova-kamera-vodik-768x576.jpg 768w, https:\/\/www.automakers.cz\/wp-content\/uploads\/2024\/08\/TK-Stredocesky-hraj-Peckova-kamera-vodik-1536x1152.jpg 1536w, https:\/\/www.automakers.cz\/wp-content\/uploads\/2024\/08\/TK-Stredocesky-hraj-Peckova-kamera-vodik.jpg 2040w\" sizes=\"auto, (max-width: 900px) 100vw, 900px\" \/><strong><b>Z\u00e1kladn\u00ed technick\u00e9 \u00fadaje autobusu Solaris Urbino 12 hydrogen<\/b><\/strong><\/p>\n<p>Dvoun\u00e1pravov\u00fd, dvoudve\u0159ov\u00fd autobus, pln\u011b n\u00edzkopodla\u017en\u00ed, poh\u00e1n\u011bn\u00fd vod\u00edkem, ur\u010den\u00fd pro hromadnou dopravu osob, ide\u00e1ln\u011b na p\u0159\u00edm\u011bstsk\u00fdch link\u00e1ch<\/p>\n<ul>\n<li>Spl\u0148uje Standardy kvality PID<\/li>\n<li>Pln\u011b klimatizovan\u00fd interi\u00e9r<\/li>\n<li>Pr\u016fchoz\u00ed prostor uvnit\u0159 autobusu bez schod\u016f<\/li>\n<li>Kneeling umo\u017e\u0148uj\u00edc\u00ed snaz\u0161\u00ed n\u00e1stup a v\u00fdstup cestuj\u00edc\u00edch<\/li>\n<li>Manu\u00e1ln\u011b ovl\u00e1dan\u00e1 vykl\u00e1p\u011bc\u00ed plo\u0161ina pro n\u00e1stup a v\u00fdstup osob na invalidn\u00edm voz\u00edku<\/li>\n<li>Prostor pro p\u0159epravu 1 ko\u010d\u00e1rku, nebo pro p\u0159epravu osoby na invalidn\u00edm voz\u00edku<\/li>\n<li>V\u0161echna bo\u010dn\u00ed skla v determ\u00e1ln\u00edm proveden\u00ed<\/li>\n<li>Podlahov\u00e1 krytina \u0161ed\u00e1 v protiskluzov\u00e9m proveden\u00ed<\/li>\n<li>Venkovn\u00ed i vnit\u0159n\u00ed osv\u011btlen\u00ed LED<\/li>\n<li>V prostoru pro cestuj\u00edc\u00ed um\u00edst\u011bny z\u00e1suvky USB pro nab\u00edjen\u00ed drobn\u00e9 elektroniky<\/li>\n<li>Vysok\u00e1 m\u011bkk\u00e1 sedadla pro cestuj\u00edc\u00ed, plastov\u00e1 sko\u0159epina v \u0161ed\u00e9 barv\u011b, celo\u010daloun\u011bn\u00e1<\/li>\n<li>D\u00e9lka vozidla: 12 m<\/li>\n<li>\u0160\u00ed\u0159ka autobusu bez zp\u011btn\u00fdch kamer: 2,55 m<\/li>\n<li>V\u00fd\u0161ka vozidla: 3,3 m<\/li>\n<li>Trak\u010dn\u00ed motor o jmenovit\u00e9m v\u00fdkonu: 150 kW<\/li>\n<li>V\u00fdkon palivov\u00e9ho \u010dl\u00e1nku: 70 kW<\/li>\n<\/ul>\n<p><img loading=\"lazy\" decoding=\"async\" class=\"alignnone size-medium wp-image-6195\" src=\"http:\/\/www.automakers.cz\/wp-content\/uploads\/2024\/08\/Solaris-Urbino-Hydrogen-2-900x599.jpeg\" alt=\"\" width=\"900\" height=\"599\" \/><\/p>\n","protected":false},"excerpt":{"rendered":"<p>Hejtmanka St\u0159edo\u010desk\u00e9ho kraje Petra Peckov\u00e1 p\u0159edstavila na tiskov\u00e9 konferenci projekt, kter\u00fd vsad\u00ed na nejv\u011bt\u0161\u00ed flotilu&#8230;<\/p>\n","protected":false},"author":1,"featured_media":6192,"comment_status":"closed","ping_status":"closed","sticky":false,"template":"","format":"standard","meta":{"footnotes":""},"categories":[20,39],"tags":[],"class_list":["post-6190","post","type-post","status-publish","format-standard","has-post-thumbnail","hentry","category-tiskovky","category-vodik"],"_links":{"self":[{"href":"https:\/\/www.automakers.cz\/index.php?rest_route=\/wp\/v2\/posts\/6190","targetHints":{"allow":["GET"]}}],"collection":[{"href":"https:\/\/www.automakers.cz\/index.php?rest_route=\/wp\/v2\/posts"}],"about":[{"href":"https:\/\/www.automakers.cz\/index.php?rest_route=\/wp\/v2\/types\/post"}],"author":[{"embeddable":true,"href":"https:\/\/www.automakers.cz\/index.php?rest_route=\/wp\/v2\/users\/1"}],"replies":[{"embeddable":true,"href":"https:\/\/www.automakers.cz\/index.php?rest_route=%2Fwp%2Fv2%2Fcomments&post=6190"}],"version-history":[{"count":6,"href":"https:\/\/www.automakers.cz\/index.php?rest_route=\/wp\/v2\/posts\/6190\/revisions"}],"predecessor-version":[{"id":6261,"href":"https:\/\/www.automakers.cz\/index.php?rest_route=\/wp\/v2\/posts\/6190\/revisions\/6261"}],"wp:featuredmedia":[{"embeddable":true,"href":"https:\/\/www.automakers.cz\/index.php?rest_route=\/wp\/v2\/media\/6192"}],"wp:attachment":[{"href":"https:\/\/www.automakers.cz\/index.php?rest_route=%2Fwp%2Fv2%2Fmedia&parent=6190"}],"wp:term":[{"taxonomy":"category","embeddable":true,"href":"https:\/\/www.automakers.cz\/index.php?rest_route=%2Fwp%2Fv2%2Fcategories&post=6190"},{"taxonomy":"post_tag","embeddable":true,"href":"https:\/\/www.automakers.cz\/index.php?rest_route=%2Fwp%2Fv2%2Ftags&post=6190"}],"curies":[{"name":"wp","href":"https:\/\/api.w.org\/{rel}","templated":true}]}}