{"id":6202,"date":"2024-08-06T06:44:38","date_gmt":"2024-08-06T06:44:38","guid":{"rendered":"https:\/\/www.automakers.cz\/?p=6202"},"modified":"2024-08-06T10:04:10","modified_gmt":"2024-08-06T10:04:10","slug":"seat-letos-zvysil-mezirocni-zisky","status":"publish","type":"post","link":"https:\/\/www.automakers.cz\/?p=6202","title":{"rendered":"SEAT letos zv\u00fd\u0161il meziro\u010dn\u00ed zisky"},"content":{"rendered":"<p><strong>SEAT vyk\u00e1zal historicky nejlep\u0161\u00ed finan\u010dn\u00ed v\u00fdsledky za obdob\u00ed od ledna do \u010dervna. Provozn\u00ed zisk dos\u00e1hl 406 milion\u016f eur (prvn\u00ed pololet\u00ed 2023: 371 milion\u016f eur, +9,4 %). Vzrostla tak\u00e9 provozn\u00ed mar\u017ee, a to na 5,2 % (+0,2 procentn\u00edho bodu oproti obdob\u00ed od ledna do \u010dervna 2023).<\/strong> <!--more--><\/p>\n<p>Celkov\u00e9 tr\u017eby spole\u010dnosti SEAT S.A. dos\u00e1hly 7,752 miliardy eur, co\u017e p\u0159edstavuje n\u00e1r\u016fst o 4,6 % v porovn\u00e1n\u00ed s p\u0159edchoz\u00edm rokem (7,411 miliardy eur).<\/p>\n<p><strong>\u201eSoust\u0159ed\u011bnou prac\u00ed na dal\u0161\u00edm zlep\u0161ov\u00e1n\u00ed na\u0161ich vynikaj\u00edc\u00edch v\u00fdkon\u016f jsme dos\u00e1hli historicky nejlep\u0161\u00edch v\u00fdsledk\u016f za prvn\u00ed pololet\u00ed, co\u017e je v\u00a0kontextu aktu\u00e1ln\u00edho v\u00fdvoje pozoruhodn\u00fd miln\u00edk,\u201c\u00a0<\/strong>\u0159ekl Wayne Griffiths, p\u0159edseda p\u0159edstavenstva zna\u010dek SEAT a CUPRA.<strong>\u00a0<\/strong><\/p>\n<p><strong>\u201eZna\u010dky SEAT a CUPRA jsou siln\u011bj\u0161\u00ed ne\u017e kdy d\u0159\u00edve a pokra\u010duj\u00ed ve zvy\u0161ov\u00e1n\u00ed po\u010dtu dodan\u00fdch voz\u016f. V\u00a0r\u00e1mci urychlov\u00e1n\u00ed elektrifikace roz\u0161i\u0159ujeme v\u00a0leto\u0161n\u00edm roce na\u0161i produktovou \u0159adu uv\u00e1d\u011bn\u00edm nov\u00fdch model\u016f,\u201c<\/strong>\u00a0dodal.<\/p>\n<p><strong>\u201eSEAT S.A. pokra\u010duje na sv\u00e9 cest\u011b k\u00a0udr\u017eiteln\u00e9 ziskovosti nejlep\u0161\u00edm provozn\u00edm ziskem, nejvy\u0161\u0161\u00edmi tr\u017ebami a nejvy\u0161\u0161\u00ed provozn\u00ed mar\u017e\u00ed za prvn\u00ed pololet\u00ed v\u00a0historii spole\u010dnosti,\u201c<\/strong>\u00a0vysv\u011btlil David Powels, \u010dlen p\u0159edstavenstva spole\u010dnosti SEAT S.A. odpov\u011bdn\u00fd za finance a IT.<\/p>\n<p><strong>\u201eNicm\u00e9n\u011b vn\u011bj\u0161\u00ed prost\u0159ed\u00ed spolu s konkuren\u010dn\u00edmi podm\u00ednkami nazna\u010duje, \u017ee m\u00e1me p\u0159ed sebou m\u011bs\u00edce, kter\u00e9 budou velkou v\u00fdzvou. Pro dosa\u017een\u00ed na\u0161ich c\u00edl\u016f se mus\u00edme je\u0161t\u011b c\u00edlen\u011bji zam\u011b\u0159it na strategick\u00e9 priority: \u0159\u00edzen\u00ed tr\u017eeb a zvy\u0161ov\u00e1n\u00ed efektivity,\u201c<\/strong>\u00a0doplnil.<\/p>\n<p><strong>Konzistentn\u00ed r\u016fst po\u010dtu dodan\u00fdch voz\u016f vede k v\u00fdsledk\u016fm<\/strong><\/p>\n<p>Pokra\u010duj\u00edc\u00ed r\u016fst po\u010dtu dodan\u00fdch automobil\u016f zna\u010dek CUPRA a SEAT stoj\u00ed za konzistentn\u00edm r\u016fstem finan\u010dn\u00edch v\u00fdsledk\u016f spole\u010dnosti SEAT S.A. Spole\u010dnost dodala v\u00a0obdob\u00ed od ledna do \u010dervna celkem 297\u00a0400 voz\u016f, o 13,8 % v\u00edce ne\u017e ve stejn\u00e9m obdob\u00ed roku 2023 (1. pololet\u00ed 2023: 261\u00a0400 voz\u016f).<\/p>\n<p>Prodeje elektrifikovan\u00fdch model\u016f vzrostly na 45\u00a0900 voz\u016f, co\u017e p\u0159edstavuje n\u00e1r\u016fst o 36,1 % v\u00a0porovn\u00e1n\u00ed se stejn\u00fdm obdob\u00edm v roce 2023 (33\u00a0800 voz\u016f). Na tomto v\u00fdsledku se pod\u00edlej\u00ed rostouc\u00ed \u00fasp\u011bchy plug-in hybridn\u00edch model\u016f nab\u00edzen\u00fdch spole\u010dnost\u00ed SEAT S.A.<\/p>\n<p><img loading=\"lazy\" decoding=\"async\" class=\"alignnone size-full wp-image-5367\" src=\"http:\/\/www.automakers.cz\/wp-content\/uploads\/2024\/07\/CUPRA-Formentor-6-small.jpg\" alt=\"\" width=\"500\" height=\"334\" \/><\/p>\n<p><strong>CUPRA prodlou\u017eila \u0161\u0148\u016fru<\/strong><\/p>\n<p>CUPRA prodlu\u017euje svou \u0161\u0148\u016fru rekordn\u00edch v\u00fdsledk\u016f nejlep\u0161\u00edm prvn\u00edm pololet\u00edm ve sv\u00e9 historii. Celkem 125 700 dodan\u00fdch voz\u016f znamen\u00e1 n\u00e1r\u016fst o 17,2 % v porovn\u00e1n\u00ed s rokem 2023 (107 300 voz\u016f). \u00dasp\u011bch zna\u010dky, kter\u00e1 zast\u00e1v\u00e1 roli nekonven\u010dn\u00edho vyz\u00fdvatele, dokl\u00e1d\u00e1 tak\u00e9 nesl\u00fdchan\u00fdch 27 500 voz\u016f dodan\u00fdch v \u010dervnu. Od zalo\u017een\u00ed zna\u010dky CUPRA v roce 2018 bylo z\u00e1kazn\u00edk\u016fm p\u0159ed\u00e1no ji\u017e v\u00edce ne\u017e 650 000 voz\u016f CUPRA. CUPRA tak i nad\u00e1le pozved\u00e1v\u00e1 v\u00fdsledky spole\u010dnosti SEAT S.A.<\/p>\n<p><strong>Zdroj: SEAT<\/strong><\/p>\n<p>&nbsp;<\/p>\n","protected":false},"excerpt":{"rendered":"<p>SEAT vyk\u00e1zal historicky nejlep\u0161\u00ed finan\u010dn\u00ed v\u00fdsledky za obdob\u00ed od ledna do \u010dervna. Provozn\u00ed zisk dos\u00e1hl&#8230;<\/p>\n","protected":false},"author":1,"featured_media":5254,"comment_status":"closed","ping_status":"closed","sticky":false,"template":"","format":"standard","meta":{"footnotes":""},"categories":[10,53],"tags":[],"class_list":["post-6202","post","type-post","status-publish","format-standard","has-post-thumbnail","hentry","category-statistika","category-vysledky"],"_links":{"self":[{"href":"https:\/\/www.automakers.cz\/index.php?rest_route=\/wp\/v2\/posts\/6202","targetHints":{"allow":["GET"]}}],"collection":[{"href":"https:\/\/www.automakers.cz\/index.php?rest_route=\/wp\/v2\/posts"}],"about":[{"href":"https:\/\/www.automakers.cz\/index.php?rest_route=\/wp\/v2\/types\/post"}],"author":[{"embeddable":true,"href":"https:\/\/www.automakers.cz\/index.php?rest_route=\/wp\/v2\/users\/1"}],"replies":[{"embeddable":true,"href":"https:\/\/www.automakers.cz\/index.php?rest_route=%2Fwp%2Fv2%2Fcomments&post=6202"}],"version-history":[{"count":2,"href":"https:\/\/www.automakers.cz\/index.php?rest_route=\/wp\/v2\/posts\/6202\/revisions"}],"predecessor-version":[{"id":6204,"href":"https:\/\/www.automakers.cz\/index.php?rest_route=\/wp\/v2\/posts\/6202\/revisions\/6204"}],"wp:featuredmedia":[{"embeddable":true,"href":"https:\/\/www.automakers.cz\/index.php?rest_route=\/wp\/v2\/media\/5254"}],"wp:attachment":[{"href":"https:\/\/www.automakers.cz\/index.php?rest_route=%2Fwp%2Fv2%2Fmedia&parent=6202"}],"wp:term":[{"taxonomy":"category","embeddable":true,"href":"https:\/\/www.automakers.cz\/index.php?rest_route=%2Fwp%2Fv2%2Fcategories&post=6202"},{"taxonomy":"post_tag","embeddable":true,"href":"https:\/\/www.automakers.cz\/index.php?rest_route=%2Fwp%2Fv2%2Ftags&post=6202"}],"curies":[{"name":"wp","href":"https:\/\/api.w.org\/{rel}","templated":true}]}}