{"id":6209,"date":"2024-08-06T09:44:17","date_gmt":"2024-08-06T09:44:17","guid":{"rendered":"https:\/\/www.automakers.cz\/?p=6209"},"modified":"2024-08-06T09:46:10","modified_gmt":"2024-08-06T09:46:10","slug":"novakova-a-pokorna-opustily-ceskou-televizi","status":"publish","type":"post","link":"https:\/\/www.automakers.cz\/?p=6209","title":{"rendered":"Nov\u00e1kov\u00e1 a Pokorn\u00e1 opustily redakci \u010cesk\u00e9 televize"},"content":{"rendered":"<p><strong>Televizn\u00ed novin\u00e1\u0159ky Michaela Nov\u00e1kov\u00e1 a Vendula Pokorn\u00e1, kter\u00e9 se v \u010cT hodn\u011b v\u011bnovaly autopr\u016fmyslu, ode\u0161ly z redakce ve\u0159ejnopr\u00e1vn\u00ed <em>\u010cesk\u00e9 televize<\/em> a nov\u011b povedou ekonomicky zam\u011b\u0159en\u00fd port\u00e1l.<br \/>\n<\/strong><!--more--><\/p>\n<p>Nov\u00e1kov\u00e1 bude p\u016fsobit jako \u0161\u00e9fredaktorka Investi\u010dn\u00edho webu, Pokorn\u00e1 jako z\u00e1stupkyn\u011b \u0161\u00e9fredaktorky. Budou \u0159\u00eddit st\u00e1vaj\u00edc\u00ed p\u011bti\u010dlennou redakci, kterou tvo\u0159\u00ed edito\u0159i <strong>Andrej R\u00e1dy<\/strong>\u00a0a\u00a0<strong>Tom\u00e1\u0161 Ber\u00e1nek<\/strong>, redakto\u0159i\u00a0<strong>Jana Z\u00e1me\u010dn\u00edkov\u00e1<\/strong>\u00a0a\u00a0<strong>Pavel Koh\u00e1r<\/strong>\u00a0a\u00a0videoeditor\u00a0<strong>Ji\u0159\u00ed Matou\u0161ek<\/strong>. Z\u00a0webu naopak po 15 letech odch\u00e1z\u00ed jeho dosavadn\u00ed \u0161\u00e9fredaktor\u00a0<strong>Petr Novotn\u00fd<\/strong>.<\/p>\n<p>M\u00e9dium funguje od \u010dervence 2009, nav\u0161t\u011bvuje je kolem 150.000 u\u017eivatel\u016f m\u011bs\u00ed\u010dn\u011b. \u201eInvesti\u010dn\u00ed web vyrostl v\u00a0respektovan\u00e9 medium zab\u00fdvaj\u00edc\u00ed se finan\u010dn\u00edmi trhy, za co\u017e si Petr Novotn\u00fd a\u00a0jeho t\u00fdm zaslou\u017e\u00ed velk\u00fd respekt. Na druhou stranu se domn\u00edv\u00e1m, \u017ee zdaleka nevy\u010derpal sv\u016fj potenci\u00e1l,\u201c uv\u00e1d\u00ed\u00a0<strong>Martin Kod\u00fddek<\/strong>, \u0161\u00e9f marketingu investi\u010dn\u00ed spole\u010dnosti\u00a0<strong>Wood &amp;\u00a0Company<\/strong>, kter\u00e1 port\u00e1l vlastn\u00ed.<\/p>\n<p>Veden\u00ed tak nyn\u00ed p\u0159eb\u00edr\u00e1 duo dam, kter\u00e9 spole\u010dn\u011b na obrazovce ve\u0159ejnopr\u00e1vn\u00ed televize p\u016fsobilo t\u00e9m\u011b\u0159 dek\u00e1du a\u00a0do \u010dela webu z\u00a0portfolia Wood &amp;\u00a0Company p\u0159ich\u00e1z\u00ed s\u00a0c\u00edlem uplatnit zku\u0161enosti a\u00a0s\u00ed\u0165 kontakt\u016f, kter\u00e9 nasb\u00edraly v\u00a0nejv\u011bt\u0161\u00ed zpravodajsk\u00e9 televizi, roz\u0161\u00ed\u0159it obsahov\u00fd z\u00e1b\u011br Investi\u010dn\u00edho webu a\u00a0tak\u00e9 z\u00edskat nov\u00e9 publikum t\u011bch, kte\u0159\u00ed je\u0161t\u011b do sv\u011bta investic, financ\u00ed a\u00a0byznysu nepronikli naplno.<\/p>\n<p>\u201eT\u011b\u0161\u00edme se, \u017ee se n\u00e1m spole\u010dn\u011b poda\u0159\u00ed vybudovat nejsiln\u011bj\u0161\u00ed m\u00e9dium na \u010desk\u00e9m medi\u00e1ln\u00edm trhu, kter\u00e9 se v\u011bnuje pen\u011bz\u016fm, investic\u00edm a\u00a0byznysu,\u201c dopl\u0148uje Kod\u00fddek. Z\u00e1sadn\u011bj\u0161\u00ed zm\u011bny ve strategii webu lze podle n\u011bj o\u010dek\u00e1vat v\u00a0prvn\u00edm kvart\u00e1lu p\u0159\u00ed\u0161t\u00edho roku, postupn\u011b se ale maj\u00ed za\u010d\u00edt projevovat u\u017e v\u00a0dal\u0161\u00edch t\u00fddnech. M\u00e1 p\u0159ib\u00fdt video, podcasty i\u00a0dal\u0161\u00ed t\u00e9mata.<\/p>\n<p>\u201eU\u017e del\u0161\u00ed dobu c\u00edt\u00edme, \u017ee ekonomick\u00e1 t\u00e9mata si zaslou\u017e\u00ed v\u00a0\u010desk\u00e9m medi\u00e1ln\u00edm prostoru jak hlub\u0161\u00ed a\u00a0analyti\u010dt\u011bj\u0161\u00ed vhled, tak zpravodajskou formu, kter\u00e1 zp\u0159\u00edstupn\u00ed ekonomiku a\u00a0sv\u011bt financ\u00ed \u0161ir\u0161\u00edmu publiku,\u201c \u0159\u00edk\u00e1 nov\u00e1 \u0161\u00e9fredaktorka Nov\u00e1kov\u00e1 k\u00a0dal\u0161\u00edmu zam\u011b\u0159en\u00ed webu. \u201eVideo vl\u00e1dne sv\u011btu a\u00a0je tak\u00e9 budoucnost\u00ed online \u017eurnalistiky. Chceme vsadit na na\u0161e dlouholet\u00e9 zku\u0161enosti z\u00a0audiovizu\u00e1ln\u00ed tvorby a\u00a0pos\u00edlit na Investi\u010dn\u00edm webu videoobsah nebo se naplno pustit do podcast\u016f. Chceme tak\u00e9 vsadit na dnes u\u017e siln\u00e9 soci\u00e1ln\u00ed s\u00edt\u011b Investi\u010dn\u00edho webu a\u00a0d\u00e1le je posilovat, o\u017eivit je a\u00a0vybudovat z\u00a0nich st\u011b\u017eejn\u00ed informa\u010dn\u00ed kan\u00e1l pro lidi zaj\u00edmaj\u00edc\u00ed se o\u00a0pen\u00edze a\u00a0investice,\u201c dopl\u0148uje zastupuj\u00edc\u00ed \u0161\u00e9fredaktorka Pokorn\u00e1.<\/p>\n<p>Nov\u00e1kov\u00e1 je absolventkou \u017eurnalistiky a\u00a0medi\u00e1ln\u00edch studi\u00ed na brn\u011bnsk\u00e9 Masarykov\u011b univerzit\u011b a\u00a0ekonomick\u00e9 \u017eurnalistice se v\u011bnuje od roku 2015. P\u0159ed \u010ceskou televiz\u00ed p\u016fsobila \u0161est let v\u00a0<em><strong>TV Prima<\/strong><\/em>. Pokorn\u00e1 studovala \u017eurnalistiku na Univerzit\u011b Palack\u00e9ho v\u00a0Olomouci a\u00a0jej\u00ed profesn\u00ed kari\u00e9ra byla s\u00a0\u010ceskou televiz\u00ed spojen\u00e1 od roku 2010.<\/p>\n<p class=\"iframe-wrap\"><iframe loading=\"lazy\" title=\"Investi\u010dn\u00ed web m\u011bn\u00ed veden\u00ed. Kam bude d\u00e1le sm\u011b\u0159ovat?\" src=\"https:\/\/www.youtube.com\/embed\/b0BObYN58V8?feature=oembed\" width=\"500\" height=\"281\" frameborder=\"0\" allowfullscreen=\"allowfullscreen\" data-mce-fragment=\"1\"><\/iframe><\/p>\n<p>Dosavadn\u00edm \u0161\u00e9fredaktorem Novotn\u00fdm zalo\u017een\u00fd Investi\u010dn\u00ed web d\u0159\u00edv vlastnila\u00a0<em><strong>\u010cesk\u00e1 spo\u0159itelna<\/strong><\/em>. K\u00a0nyn\u011bj\u0161\u00edmu vlastn\u00edkovi Wood &amp;\u00a0Company se p\u0159edloni m\u011bla p\u0159ipojit\u00a0<em><strong>Premium Media Group<\/strong><\/em>\u00a0<a href=\"https:\/\/www.mediar.cz\/premium-media-group-ziskava-50-v-investicnim-webu\/\">jako polovi\u010dn\u00ed vlastn\u00edk<\/a>, od leto\u0161ka je ale jedin\u00fdm majitelem webu op\u011bt Wood &amp; Company.<\/p>\n<p><strong>Zdroj: mediar.cz<\/strong><\/p>\n","protected":false},"excerpt":{"rendered":"<p>Televizn\u00ed novin\u00e1\u0159ky Michaela Nov\u00e1kov\u00e1 a Vendula Pokorn\u00e1, kter\u00e9 se v \u010cT hodn\u011b v\u011bnovaly autopr\u016fmyslu, ode\u0161ly&#8230;<\/p>\n","protected":false},"author":1,"featured_media":6215,"comment_status":"closed","ping_status":"closed","sticky":false,"template":"","format":"standard","meta":{"footnotes":""},"categories":[49,5,66],"tags":[],"class_list":["post-6209","post","type-post","status-publish","format-standard","has-post-thumbnail","hentry","category-media","category-personalie","category-video"],"_links":{"self":[{"href":"https:\/\/www.automakers.cz\/index.php?rest_route=\/wp\/v2\/posts\/6209","targetHints":{"allow":["GET"]}}],"collection":[{"href":"https:\/\/www.automakers.cz\/index.php?rest_route=\/wp\/v2\/posts"}],"about":[{"href":"https:\/\/www.automakers.cz\/index.php?rest_route=\/wp\/v2\/types\/post"}],"author":[{"embeddable":true,"href":"https:\/\/www.automakers.cz\/index.php?rest_route=\/wp\/v2\/users\/1"}],"replies":[{"embeddable":true,"href":"https:\/\/www.automakers.cz\/index.php?rest_route=%2Fwp%2Fv2%2Fcomments&post=6209"}],"version-history":[{"count":5,"href":"https:\/\/www.automakers.cz\/index.php?rest_route=\/wp\/v2\/posts\/6209\/revisions"}],"predecessor-version":[{"id":6213,"href":"https:\/\/www.automakers.cz\/index.php?rest_route=\/wp\/v2\/posts\/6209\/revisions\/6213"}],"wp:featuredmedia":[{"embeddable":true,"href":"https:\/\/www.automakers.cz\/index.php?rest_route=\/wp\/v2\/media\/6215"}],"wp:attachment":[{"href":"https:\/\/www.automakers.cz\/index.php?rest_route=%2Fwp%2Fv2%2Fmedia&parent=6209"}],"wp:term":[{"taxonomy":"category","embeddable":true,"href":"https:\/\/www.automakers.cz\/index.php?rest_route=%2Fwp%2Fv2%2Fcategories&post=6209"},{"taxonomy":"post_tag","embeddable":true,"href":"https:\/\/www.automakers.cz\/index.php?rest_route=%2Fwp%2Fv2%2Ftags&post=6209"}],"curies":[{"name":"wp","href":"https:\/\/api.w.org\/{rel}","templated":true}]}}