{"id":6265,"date":"2024-08-08T06:13:51","date_gmt":"2024-08-08T06:13:51","guid":{"rendered":"https:\/\/www.automakers.cz\/?p=6265"},"modified":"2024-08-08T06:36:24","modified_gmt":"2024-08-08T06:36:24","slug":"zkw-chce-uhlikovou-neutralitu-do-roku-2038","status":"publish","type":"post","link":"https:\/\/www.automakers.cz\/?p=6265","title":{"rendered":"ZKW chce uhl\u00edkovou neutralitu do roku 2038"},"content":{"rendered":"<p><strong>V\u00fdrobce automobilov\u00e9ho osv\u011btlen\u00ed ZKW, kter\u00fd provozuje z\u00e1vod v Kl\u00e1\u0161terci nad Oh\u0159\u00ed, chce dos\u00e1hnout nulov\u00fdch emis\u00ed do roku 2038 a ji\u017e v roce 2025 dekarbonizovat cel\u00fd v\u00fdrobn\u00ed proces. <\/strong><!--more--><\/p>\n<p>\u201eV roce 2023 dos\u00e1hla skupina rekordn\u00edch tr\u017eeb ve v\u00fd\u0161i p\u0159ibli\u017en\u011b 1,5 miliardy eur. Udr\u017eiteln\u011b ziskov\u00fd r\u016fst ale vy\u017eaduje odpov\u011bdn\u00e9 kroky. S na\u0161\u00ed strategi\u00ed udr\u017eitelnosti zauj\u00edm\u00e1me d\u016fsledn\u00fd p\u0159\u00edstup a p\u0159eb\u00edr\u00e1me odpov\u011bdnost za lidi a \u017eivotn\u00ed prost\u0159ed\u00ed,\u201c \u0159\u00edk\u00e1 Dr. Wilhelm Steger, gener\u00e1ln\u00ed \u0159editel skupiny ZKW.<\/p>\n<p>Aktu\u00e1ln\u00ed zpr\u00e1va o udr\u017eitelnosti skupiny ZKW ukazuje c\u00edle a v\u00fdsledky v nejd\u016fle\u017eit\u011bj\u0161\u00edch oblastech jej\u00ed \u010dinnosti. V oblasti ochrany klimatu se spole\u010dnost zam\u011b\u0159uje na energeticky \u00fa\u010dinn\u00e9 v\u00fdrobn\u00ed procesy a na vyu\u017e\u00edv\u00e1n\u00ed obnoviteln\u00fdch zdroj\u016f energie v r\u00e1mci sv\u00fdch z\u00e1vod\u016f a v navazuj\u00edc\u00edm hodnotov\u00e9m \u0159et\u011bzci. Za \u00fa\u010delem sn\u00ed\u017een\u00ed spot\u0159eby zdroj\u016f ve v\u00fdrob\u011b tak st\u00e1le v\u00edce vyu\u017e\u00edv\u00e1 udr\u017eiteln\u00e9 suroviny a stav\u00ed na principech ob\u011bhov\u00e9ho hospod\u00e1\u0159stv\u00ed.<\/p>\n<p>Spole\u010dnost tak\u00e9 nab\u00edz\u00ed sv\u00fdm zam\u011bstnanc\u016fm zdrav\u00e9 a bezpe\u010dn\u00e9 pracovn\u00ed prost\u0159ed\u00ed. Z toho d\u016fvodu aktivn\u011b podporuje \u0161kolen\u00ed a dal\u0161\u00ed formy vzd\u011bl\u00e1v\u00e1n\u00ed, db\u00e1 na spravedliv\u00e9 pracovn\u00ed podm\u00ednky a podporuje soci\u00e1ln\u00ed a ekologick\u00e9 projekty.<\/p>\n<p>Za sv\u016fj z\u00e1vazek z\u00edskala skupina ZKW ned\u00e1vno certifik\u00e1t syst\u00e9mu environment\u00e1ln\u00edho managementu ISO 14001:2015 od spole\u010dnosti Quality Austria. \u201eUdr\u017eiteln\u00e1 \u010dinnost pro n\u00e1s byla v\u017edy d\u016fle\u017eit\u00e1. Souvis\u00ed to s na\u0161\u00edm c\u00edlem zv\u00fd\u0161it prost\u0159ednictv\u00edm na\u0161ich v\u00fdrobk\u016f bezpe\u010dnost mobility a zajistit tak v\u011bt\u0161\u00ed bezpe\u010d\u00ed na silnic\u00edch,\u201d vysv\u011btluje Dr. Wilhelm Steger, gener\u00e1ln\u00ed \u0159editel skupiny ZKW.<\/p>\n<p><strong>M\u00e9n\u011b emis\u00ed d\u00edky energeticky efektivn\u00ed v\u00fdrob\u011b<\/strong><\/p>\n<p>C\u00edlem je vyv\u00edjet a vyr\u00e1b\u011bt v\u00fdrobky efektivn\u011bji a udr\u017eiteln\u011bji. Spole\u010dnost ZKW nap\u0159\u00edklad pou\u017e\u00edv\u00e1 energeticky \u00fa\u010dinn\u00e9 v\u00fdrobn\u00ed stroje, kter\u00e9 sni\u017euj\u00ed emise CO2. Od roku 2022 je v\u00fdroba v z\u00e1vodech Wieselburg, Wiener Neustadt a Dalian poh\u00e1n\u011bna v\u00fdhradn\u011b ekologickou elekt\u0159inou, od roku 2023 pak na tyto trendy nav\u00e1zalo 50 % v\u00fdroby v Mexiku a na Slovensku. Z\u00e1vod na Slovensku byl postaven s vyu\u017eit\u00edm mimo\u0159\u00e1dn\u011b energeticky \u00fa\u010dinn\u00fdch a ekologicky \u0161etrn\u00fdch stavebn\u00edch metod, vysok\u00e9 standardy udr\u017eitelnosti byly zavedeny tak\u00e9 p\u0159i roz\u0161i\u0159ov\u00e1n\u00ed z\u00e1vodu v Mexiku v roce 2023.<\/p>\n<p>Do roku 2025 se u\u017e m\u00e1 ve v\u0161ech v\u00fdrobn\u00edch z\u00e1vodech pou\u017e\u00edvat pouze zelen\u00e1 elekt\u0159ina. V l\u00e9t\u011b 2023 byl v \u010d\u00ednsk\u00e9m z\u00e1vod\u011b v Dalianu uveden do provozu prvn\u00ed fotovoltaick\u00fd syst\u00e9m, kter\u00fd by m\u011bl pokr\u00fdt p\u0159ibli\u017en\u011b osm procent ro\u010dn\u00ed spot\u0159eby elekt\u0159iny a zabr\u00e1n\u00ed tak potenci\u00e1ln\u00edm emis\u00edm CO2 ve v\u00fd\u0161i a\u017e 2 250 tun.<\/p>\n<p>V oblasti nakl\u00e1d\u00e1n\u00ed s odpady se ve Wieselburgu poda\u0159ilo sn\u00ed\u017eit objem zbytkov\u00e9ho odpadu, a to d\u00edky zprovozn\u011bn\u00ed lis\u016f na t\u0159\u00edd\u011bn\u00ed odpadu podle druh\u016f. V Dalianu se d\u00edky inovativn\u00edm opat\u0159en\u00edm poda\u0159ilo sn\u00ed\u017eit mno\u017estv\u00ed odpadu z lepidel. V z\u00e1vod\u011b Silao bylo optimalizov\u00e1no nakl\u00e1d\u00e1n\u00ed s odpadem d\u00edky t\u0159\u00edd\u011bn\u00ed p\u0159\u00edmo v m\u00edst\u011b v\u00fdroby a prodeji kovov\u00fdch komponent\u016f.<\/p>\n<p>\u201eFlexibiln\u00ed a modern\u00ed v\u00fdrobn\u00ed z\u00e1vody umo\u017e\u0148uj\u00ed z\u00e1kaznicky orientovan\u00fd sortiment v\u00fdrobk\u016f a technologi\u00ed na nejvy\u0161\u0161\u00ed \u00farovni kvality, kter\u00fd zohled\u0148uje i p\u0159\u00edslu\u0161n\u00e9 aspekty ochrany \u017eivotn\u00edho prost\u0159ed\u00ed a bezpe\u010dnosti pr\u00e1ce,\u201d \u0159\u00edk\u00e1 Dr. Steger.<\/p>\n<p><strong>V\u00fdzkum a v\u00fdvoj pro udr\u017eitelnou budoucnost<\/strong><\/p>\n<p>Kl\u00ed\u010dovou sou\u010d\u00e1st\u00ed strategie je neust\u00e1l\u00fd v\u00fdzkum a n\u00e1sledn\u00fd v\u00fdvoj osv\u011btlovac\u00edch syst\u00e9m\u016f s c\u00edlem dosa\u017een\u00ed udr\u017eiteln\u00fdch kone\u010dn\u00fdch produkt\u016f. Budouc\u00ed v\u00fdvoj je pr\u016fb\u011b\u017en\u011b prezentov\u00e1n na setk\u00e1n\u00edch se z\u00e1kazn\u00edky, technick\u00fdch v\u00fdstav\u00e1ch a veletrz\u00edch a na z\u00e1klad\u011b zp\u011btn\u00e9 vazby jsou strategie neust\u00e1le upravov\u00e1ny.<\/p>\n<p>Velk\u00fd d\u016fraz je kladen p\u0159edev\u0161\u00edm na v\u00fdzkum plast\u016f, kter\u00e9 pat\u0159\u00ed mezi nejd\u016fle\u017eit\u011bj\u0161\u00ed materi\u00e1ly ve v\u00fdrob\u011b spole\u010dnosti ZKW. Od roku 2022 prov\u00e1d\u00ed spole\u010dnost intenzivn\u00ed v\u00fdzkum alternativn\u00edch \u0159e\u0161en\u00ed ve v\u0161ech kategori\u00edch v\u00fdrobk\u016f. V\u00fdzkumn\u00e9 projekty jako je \u201eSustMat4carLight\u201d maj\u00ed umo\u017enit v\u00fdrazn\u00e9 \u00faspory CO2 \u2013 nap\u0159\u00edklad d\u00edky v\u011bt\u0161\u00edmu vyu\u017eit\u00ed recykl\u00e1t\u016f a biogenn\u00edch a sm\u00ed\u0161en\u00fdch surovin.<\/p>\n<p>V dal\u0161\u00edm v\u00fdzkumn\u00e9m projektu spole\u010dnost zkoum\u00e1 biologicky rozlo\u017eiteln\u00e9 substr\u00e1ty, kter\u00e9 lze pou\u017e\u00edt jako z\u00e1klad pro desky s plo\u0161n\u00fdmi spoji. To by m\u011blo umo\u017enit sn\u00ed\u017een\u00ed emis\u00ed CO2 a\u017e o 60 %. \u201ePodporujeme inovace pomoc\u00ed iniciativ pro ekologickou elektroniku a d\u00edky v\u00fdvoji efektivn\u00edch v\u00fdrobkov\u00fdch modul\u016f a v\u00fdzkumu udr\u017eiteln\u011bj\u0161\u00edch materi\u00e1l\u016f v dodavatelsk\u00e9m \u0159et\u011bzci,\u201d \u0159\u00edk\u00e1 Dr. Steger.<\/p>\n<p><strong>Zam\u011b\u0159en\u00ed na zam\u011bstnance<\/strong><\/p>\n<p>V pobo\u010dk\u00e1ch skupiny ZKW v Rakousku, \u010cesk\u00e9 republice, na Slovensku, v Indii, \u010c\u00edn\u011b, USA a Mexiku pracuje p\u0159ibli\u017en\u011b 10 000 zam\u011bstnanc\u016f. C\u00edlen\u00e1 opat\u0159en\u00ed v oblasti bezpe\u010dnosti a ochrany zdrav\u00ed p\u0159i pr\u00e1ci (v\u010detn\u011b certifikace ISO 45001:2018, \u0161kolen\u00ed, ochrann\u00fdch pom\u016fcek, bezpe\u010dnostn\u00edch bulletin\u016f, ve\u0159ejn\u00fdch displej\u016f a aplikace myZKW) sn\u00ed\u017eila od roku 2017 po\u010det pracovn\u00edch \u00faraz\u016f o 71 %.<\/p>\n<p>Ve spole\u010dnosti ZKW se v\u0161ichni zam\u011bstnanci d\u00e1le vzd\u011bl\u00e1vaj\u00ed podle zam\u011b\u0159en\u00ed sv\u00e9 pr\u00e1ce v na\u0161em vlastn\u00edm Kompeten\u010dn\u00edm vzd\u011bl\u00e1vac\u00edm centru, kde se v\u011bnujeme v\u0161em \u2013 od u\u010d\u0148\u016f a\u017e po mana\u017eery. Politika pr\u00e1ce z domova tak\u00e9 umo\u017e\u0148uje zam\u011bstnanc\u016fm pracovat z domova, a to a\u017e osm dn\u00ed v m\u011bs\u00edci. Spole\u010dnost ZKW se d\u00e1le star\u00e1 i o pohodu sv\u00fdch zam\u011bstnanc\u016f, a to prost\u0159ednictv\u00edm podnikov\u00fdch restaurac\u00ed t\u00e9m\u011b\u0159 na v\u0161ech pracovi\u0161t\u00edch, fitness center a preventivn\u00edch program\u016f a jesl\u00ed.<\/p>\n<p><strong>Diverzita jako konkuren\u010dn\u00ed v\u00fdhoda<\/strong><\/p>\n<p>Diverzita je ve spole\u010dnosti ZKW vn\u00edm\u00e1na jako v\u00fdhoda a investice do budoucnosti. Jako glob\u00e1ln\u00ed zam\u011bstnavatel sdru\u017euje spole\u010dnost pod jednou firemn\u00ed st\u0159echou 54 n\u00e1rodnost\u00ed, z toho v\u00edce ne\u017e 14 v rakousk\u00e9m \u00fast\u0159ed\u00ed. Strategie diverzity spole\u010dnosti ZKW se soust\u0159ed\u00ed na p\u011btibodov\u00fd pl\u00e1n, jeho\u017e c\u00edlem je zv\u00fd\u0161it pov\u011bdom\u00ed o diverzit\u011b a inkluzi, \u017een\u00e1ch ve veden\u00ed, osob\u00e1ch se zdravotn\u00edm posti\u017een\u00edm, mezikulturn\u00ed diverzit\u011b a rovnov\u00e1ze mezi pracovn\u00edm a soukrom\u00fdm \u017eivotem.<\/p>\n<p>\u201e\u00dacta k na\u0161im zam\u011bstnanc\u016fm a z\u00e1kazn\u00edk\u016fm je st\u0159edobodem v\u0161eho, co d\u011bl\u00e1me. Jsme si v\u011bdomi sv\u00e9 spole\u010densk\u00e9 odpov\u011bdnosti a bereme ji v\u00e1\u017en\u011b,\u201d \u0159\u00edk\u00e1 Dr. Steger.<\/p>\n<p><strong>Zdroj: ZKW<\/strong><\/p>\n<p>&nbsp;<\/p>\n","protected":false},"excerpt":{"rendered":"<p>V\u00fdrobce automobilov\u00e9ho osv\u011btlen\u00ed ZKW, kter\u00fd provozuje z\u00e1vod v Kl\u00e1\u0161terci nad Oh\u0159\u00ed, chce dos\u00e1hnout nulov\u00fdch emis\u00ed&#8230;<\/p>\n","protected":false},"author":2,"featured_media":6266,"comment_status":"closed","ping_status":"closed","sticky":false,"template":"","format":"standard","meta":{"footnotes":""},"categories":[23,41],"tags":[],"class_list":["post-6265","post","type-post","status-publish","format-standard","has-post-thumbnail","hentry","category-dodavatele","category-ekologie"],"_links":{"self":[{"href":"https:\/\/www.automakers.cz\/index.php?rest_route=\/wp\/v2\/posts\/6265","targetHints":{"allow":["GET"]}}],"collection":[{"href":"https:\/\/www.automakers.cz\/index.php?rest_route=\/wp\/v2\/posts"}],"about":[{"href":"https:\/\/www.automakers.cz\/index.php?rest_route=\/wp\/v2\/types\/post"}],"author":[{"embeddable":true,"href":"https:\/\/www.automakers.cz\/index.php?rest_route=\/wp\/v2\/users\/2"}],"replies":[{"embeddable":true,"href":"https:\/\/www.automakers.cz\/index.php?rest_route=%2Fwp%2Fv2%2Fcomments&post=6265"}],"version-history":[{"count":8,"href":"https:\/\/www.automakers.cz\/index.php?rest_route=\/wp\/v2\/posts\/6265\/revisions"}],"predecessor-version":[{"id":6297,"href":"https:\/\/www.automakers.cz\/index.php?rest_route=\/wp\/v2\/posts\/6265\/revisions\/6297"}],"wp:featuredmedia":[{"embeddable":true,"href":"https:\/\/www.automakers.cz\/index.php?rest_route=\/wp\/v2\/media\/6266"}],"wp:attachment":[{"href":"https:\/\/www.automakers.cz\/index.php?rest_route=%2Fwp%2Fv2%2Fmedia&parent=6265"}],"wp:term":[{"taxonomy":"category","embeddable":true,"href":"https:\/\/www.automakers.cz\/index.php?rest_route=%2Fwp%2Fv2%2Fcategories&post=6265"},{"taxonomy":"post_tag","embeddable":true,"href":"https:\/\/www.automakers.cz\/index.php?rest_route=%2Fwp%2Fv2%2Ftags&post=6265"}],"curies":[{"name":"wp","href":"https:\/\/api.w.org\/{rel}","templated":true}]}}