{"id":6277,"date":"2024-08-08T06:11:28","date_gmt":"2024-08-08T06:11:28","guid":{"rendered":"https:\/\/www.automakers.cz\/?p=6277"},"modified":"2024-08-08T06:11:28","modified_gmt":"2024-08-08T06:11:28","slug":"globalni-prodej-volvo-cars-vzrostl-o-6","status":"publish","type":"post","link":"https:\/\/www.automakers.cz\/?p=6277","title":{"rendered":"Glob\u00e1ln\u00ed prodej Volvo Cars vzrostl o 6 %"},"content":{"rendered":"<p><strong>Volvo Cars prodala v \u010dervenci 57 447 voz\u016f, co\u017e ve srovn\u00e1n\u00ed se stejn\u00fdm obdob\u00edm p\u0159edchoz\u00edho roku znamen\u00e1 zv\u00fd\u0161en\u00ed prodeje o 6 %. Za t\u00edmto n\u00e1r\u016fstem stoj\u00ed p\u0159edev\u0161\u00edm odbyt na\u0161ich pln\u011b elektrick\u00fdch voz\u016f v Evrop\u011b.<\/strong><!--more--><\/p>\n<p>V r\u00e1mci prodeje elektrifikovan\u00fdch, tedy pln\u011b elektrick\u00fdch (BEV) a plug-in hybridn\u00edch (PHEV) model\u016f se spole\u010dnosti poda\u0159ilo v r\u00e1mci meziro\u010dn\u00edho srovn\u00e1n\u00ed dos\u00e1hnout n\u00e1r\u016fstu 49 %, p\u0159i\u010dem\u017e tyto vozy maj\u00ed sou\u010dasn\u011b 49procentn\u00ed pod\u00edl na ve\u0161ker\u00fdch \u010dervencov\u00fdch prodej\u00edch. Pod\u00edl pln\u011b elektrick\u00fdch voz\u016f tvo\u0159il ve zm\u00edn\u011bn\u00e9m m\u011bs\u00edci 25 % ze v\u0161ech prodan\u00fdch voz\u016f.<\/p>\n<p>Za obdob\u00ed od ledna do \u010dervna prodala spole\u010dnost celosv\u011btov\u011b 445 520 voz\u016f \u2013 o 13 % v\u00edce ne\u017e ve stejn\u00e9m obdob\u00ed lo\u0148sk\u00e9ho roku.<\/p>\n<p>\u201eM\u00e1me radost, \u017ee m\u016f\u017eeme ohl\u00e1sit dal\u0161\u00ed m\u011bs\u00edc prodejn\u00edho r\u016fstu, kter\u00fd je i p\u0159es obecn\u011b se m\u011bn\u00edc\u00ed tr\u017en\u00ed prost\u0159ed\u00ed z velk\u00e9 \u010d\u00e1sti d\u00e1n odbytem v Evrop\u011b,\u201c uvedl Bj\u00f6rn Annwall, obchodn\u00ed \u0159editel a z\u00e1stupce gener\u00e1ln\u00edho \u0159editele spole\u010dnosti Volvo Cars.<\/p>\n<p>V Evrop\u011b se v \u010dervnu prodalo celkem 28 390 voz\u016f, co\u017e p\u0159i srovn\u00e1n\u00ed se stejn\u00fdm obdob\u00edm lo\u0148sk\u00e9ho roku znamen\u00e1 n\u00e1r\u016fst prodeje o 40 %. Mimoto se v Evrop\u011b v \u010dervnu zvedl prodej elektrifikovan\u00fdch voz\u016f spole\u010dnosti Volvo Cars v meziro\u010dn\u00edm srovn\u00e1n\u00ed o 64 % a jejich pod\u00edl na celkov\u00e9m prodeji zde tvo\u0159il 65 %. V USA se v \u010dervnu p\u0159i 9 597 prodan\u00fdch kusech sn\u00ed\u017eil prodej voz\u016f Volvo o 11 %. Ve srovn\u00e1n\u00ed se stejn\u00fdm obdob\u00edm p\u0159edchoz\u00edho roku v\u0161ak zna\u010dn\u011b stoupl z\u00e1jem o koupi plug-in hybridn\u00edch voz\u016f, a to o 73 %.<\/p>\n<p>V \u010c\u00edn\u011b se b\u011bhem \u010dervna prodalo celkem 9 775 automobil\u016f, co\u017e ve srovn\u00e1n\u00ed se stejn\u00fdm m\u011bs\u00edcem p\u0159edchoz\u00edho roku znamen\u00e1 31procentn\u00ed pokles prodeje. Elektrifikovan\u00fdch (BEV i PHEV) model\u016f se zde prodalo celkem 1 130, co\u017e v meziro\u010dn\u00edm srovn\u00e1n\u00ed p\u0159edstavuje pokles o 3 procenta.<\/p>\n<figure id=\"attachment_3364\" aria-describedby=\"caption-attachment-3364\" style=\"width: 900px\" class=\"wp-caption alignnone\"><img loading=\"lazy\" decoding=\"async\" class=\"size-medium wp-image-3364\" src=\"http:\/\/www.automakers.cz\/wp-content\/uploads\/2024\/04\/Volvo-EX90-ruka-900x675.jpg\" alt=\"\" width=\"900\" height=\"675\" srcset=\"https:\/\/www.automakers.cz\/wp-content\/uploads\/2024\/04\/Volvo-EX90-ruka-900x675.jpg 900w, https:\/\/www.automakers.cz\/wp-content\/uploads\/2024\/04\/Volvo-EX90-ruka-1024x768.jpg 1024w, https:\/\/www.automakers.cz\/wp-content\/uploads\/2024\/04\/Volvo-EX90-ruka-768x576.jpg 768w, https:\/\/www.automakers.cz\/wp-content\/uploads\/2024\/04\/Volvo-EX90-ruka-1536x1152.jpg 1536w, https:\/\/www.automakers.cz\/wp-content\/uploads\/2024\/04\/Volvo-EX90-ruka.jpg 2040w\" sizes=\"auto, (max-width: 900px) 100vw, 900px\" \/><figcaption id=\"caption-attachment-3364\" class=\"wp-caption-text\">V Praze se letos uk\u00e1zalo v premi\u00e9\u0159e Volvo EX90<\/figcaption><\/figure>\n<p>Nej\u017e\u00e1dan\u011bj\u0161\u00edm modelem se v \u010dervnu 2024 stalo Volvo XC60, jeho\u017e prodej se vy\u0161plhal na 15 577 voz\u016f (2023: 18 259), po n\u011bm\u017e n\u00e1sledovalo Volvo XC40\/EX40, kter\u00e9ho se prodalo celkem 13 818 kus\u016f (2023: 14 594), a nej\u00fasp\u011b\u0161n\u011bj\u0161\u00ed trojici uzav\u00edr\u00e1 model EX30 s celkem prodan\u00fdmi 9 201 vozy (2023: 0).<\/p>\n<p><strong>Zdroj: Volvo Cars<\/strong><\/p>\n","protected":false},"excerpt":{"rendered":"<p>Volvo Cars prodala v \u010dervenci 57 447 voz\u016f, co\u017e ve srovn\u00e1n\u00ed se stejn\u00fdm obdob\u00edm p\u0159edchoz\u00edho&#8230;<\/p>\n","protected":false},"author":2,"featured_media":6278,"comment_status":"closed","ping_status":"closed","sticky":false,"template":"","format":"standard","meta":{"footnotes":""},"categories":[10,53],"tags":[],"class_list":["post-6277","post","type-post","status-publish","format-standard","has-post-thumbnail","hentry","category-statistika","category-vysledky"],"_links":{"self":[{"href":"https:\/\/www.automakers.cz\/index.php?rest_route=\/wp\/v2\/posts\/6277","targetHints":{"allow":["GET"]}}],"collection":[{"href":"https:\/\/www.automakers.cz\/index.php?rest_route=\/wp\/v2\/posts"}],"about":[{"href":"https:\/\/www.automakers.cz\/index.php?rest_route=\/wp\/v2\/types\/post"}],"author":[{"embeddable":true,"href":"https:\/\/www.automakers.cz\/index.php?rest_route=\/wp\/v2\/users\/2"}],"replies":[{"embeddable":true,"href":"https:\/\/www.automakers.cz\/index.php?rest_route=%2Fwp%2Fv2%2Fcomments&post=6277"}],"version-history":[{"count":3,"href":"https:\/\/www.automakers.cz\/index.php?rest_route=\/wp\/v2\/posts\/6277\/revisions"}],"predecessor-version":[{"id":6286,"href":"https:\/\/www.automakers.cz\/index.php?rest_route=\/wp\/v2\/posts\/6277\/revisions\/6286"}],"wp:featuredmedia":[{"embeddable":true,"href":"https:\/\/www.automakers.cz\/index.php?rest_route=\/wp\/v2\/media\/6278"}],"wp:attachment":[{"href":"https:\/\/www.automakers.cz\/index.php?rest_route=%2Fwp%2Fv2%2Fmedia&parent=6277"}],"wp:term":[{"taxonomy":"category","embeddable":true,"href":"https:\/\/www.automakers.cz\/index.php?rest_route=%2Fwp%2Fv2%2Fcategories&post=6277"},{"taxonomy":"post_tag","embeddable":true,"href":"https:\/\/www.automakers.cz\/index.php?rest_route=%2Fwp%2Fv2%2Ftags&post=6277"}],"curies":[{"name":"wp","href":"https:\/\/api.w.org\/{rel}","templated":true}]}}