{"id":6292,"date":"2024-08-08T06:22:31","date_gmt":"2024-08-08T06:22:31","guid":{"rendered":"https:\/\/www.automakers.cz\/?p=6292"},"modified":"2024-08-08T06:23:32","modified_gmt":"2024-08-08T06:23:32","slug":"skupina-e-on-meni-sefa-komunikace","status":"publish","type":"post","link":"https:\/\/www.automakers.cz\/?p=6292","title":{"rendered":"Skupina E.on m\u011bn\u00ed \u0161\u00e9fa komunikace"},"content":{"rendered":"<p><strong>Komunikaci E.onu dosud \u0161\u00e9fovala Martina Slav\u00edkov\u00e1, kter\u00e1 se po sedmi letech rozhodla sv\u00e9 p\u016fsoben\u00ed ve skupin\u011b ukon\u010dit. Energetick\u00e9 skupina najala nov\u00e9ho mluv\u010d\u00edho, kter\u00fd bude m\u00edt na starost i public affairs a ESG.<br \/>\n<\/strong><!--more--><\/p>\n<p>Martin Pavl\u00ed\u010dek v\u011bt\u0161inu sv\u00e9 profesn\u00ed kari\u00e9ry str\u00e1vil v energetice, petrochemick\u00e9m a plyn\u00e1rensk\u00e9m pr\u016fmyslu. Jako tiskov\u00fd mluv\u010d\u00ed a mana\u017eer komunikace<em><strong>\u00a0\u010cEZ<\/strong><\/em>\u00a0se pod\u00edlel na projektech souvisej\u00edc\u00edch s\u00a0chytr\u00fdmi s\u00edt\u011bmi, elektromobilitou a\u00a0netechnick\u00fdmi ztr\u00e1tami. Pracoval tak\u00e9 jako \u0159editel komunikace\u00a0<em><strong>Unipetrolu<\/strong><\/em>, naposledy \u0161\u00e9foval PR a marketing ve skupin\u011b MOL.<\/p>\n<p>P\u0159ed n\u00e1stupem do MOL p\u016fsobil n\u011bkolik let v\u00a0komunika\u010dn\u00ed agentu\u0159e\u00a0<em><strong>Havas<\/strong><\/em>\u00a0jako v\u00fdkonn\u00fd \u0159editel dce\u0159in\u00e9 spole\u010dnosti\u00a0<em><strong>Havas PR<\/strong><\/em>, kde poskytoval poradenstv\u00ed klient\u016fm z\u00a0oblasti bankovnictv\u00ed a\u00a0financ\u00ed, farmaceutick\u00e9ho sektoru a\u00a0maloobchodu. Je hostuj\u00edc\u00edm profesorem na University of New York in Prague, kde vyu\u010duje na kated\u0159e public relations.<\/p>\n<p><strong>Zdroj: mediar.cz<\/strong><\/p>\n","protected":false},"excerpt":{"rendered":"<p>Komunikaci E.onu dosud \u0161\u00e9fovala Martina Slav\u00edkov\u00e1, kter\u00e1 se po sedmi letech rozhodla sv\u00e9 p\u016fsoben\u00ed ve&#8230;<\/p>\n","protected":false},"author":1,"featured_media":6293,"comment_status":"closed","ping_status":"closed","sticky":false,"template":"","format":"standard","meta":{"footnotes":""},"categories":[23,5,21],"tags":[],"class_list":["post-6292","post","type-post","status-publish","format-standard","has-post-thumbnail","hentry","category-dodavatele","category-personalie","category-pr"],"_links":{"self":[{"href":"https:\/\/www.automakers.cz\/index.php?rest_route=\/wp\/v2\/posts\/6292","targetHints":{"allow":["GET"]}}],"collection":[{"href":"https:\/\/www.automakers.cz\/index.php?rest_route=\/wp\/v2\/posts"}],"about":[{"href":"https:\/\/www.automakers.cz\/index.php?rest_route=\/wp\/v2\/types\/post"}],"author":[{"embeddable":true,"href":"https:\/\/www.automakers.cz\/index.php?rest_route=\/wp\/v2\/users\/1"}],"replies":[{"embeddable":true,"href":"https:\/\/www.automakers.cz\/index.php?rest_route=%2Fwp%2Fv2%2Fcomments&post=6292"}],"version-history":[{"count":3,"href":"https:\/\/www.automakers.cz\/index.php?rest_route=\/wp\/v2\/posts\/6292\/revisions"}],"predecessor-version":[{"id":6296,"href":"https:\/\/www.automakers.cz\/index.php?rest_route=\/wp\/v2\/posts\/6292\/revisions\/6296"}],"wp:featuredmedia":[{"embeddable":true,"href":"https:\/\/www.automakers.cz\/index.php?rest_route=\/wp\/v2\/media\/6293"}],"wp:attachment":[{"href":"https:\/\/www.automakers.cz\/index.php?rest_route=%2Fwp%2Fv2%2Fmedia&parent=6292"}],"wp:term":[{"taxonomy":"category","embeddable":true,"href":"https:\/\/www.automakers.cz\/index.php?rest_route=%2Fwp%2Fv2%2Fcategories&post=6292"},{"taxonomy":"post_tag","embeddable":true,"href":"https:\/\/www.automakers.cz\/index.php?rest_route=%2Fwp%2Fv2%2Ftags&post=6292"}],"curies":[{"name":"wp","href":"https:\/\/api.w.org\/{rel}","templated":true}]}}