{"id":631,"date":"2023-12-03T18:25:28","date_gmt":"2023-12-03T18:25:28","guid":{"rendered":"https:\/\/www.automakers.cz\/?p=631"},"modified":"2023-12-03T18:26:43","modified_gmt":"2023-12-03T18:26:43","slug":"bude-nova-podpora-statu-game-changer-v-elektromobilite","status":"publish","type":"post","link":"https:\/\/www.automakers.cz\/?p=631","title":{"rendered":"Bude nov\u00e1 podpora st\u00e1tu Game Changer v elektromobilit\u011b?"},"content":{"rendered":"<p><strong>Podle pr\u016fzkumu EY pro \u010ceskou leasingovou a finan\u010dn\u00ed asociaci (\u010cLFA) uvedlo 35 % firem jako d\u016fvod nez\u00e1jmu o elektromobily chyb\u011bj\u00edc\u00ed dota\u010dn\u00ed podporu pro jejich v\u00fdhodn\u011bj\u0161\u00ed n\u00e1kup. <\/strong><!--more--><\/p>\n<p>Absence podpory st\u00e1tu tak m\u016f\u017ee b\u00fdt jedn\u00edm z\u00a0hlavn\u00edch d\u016fvod\u016f, pro\u010d jsou prodeje elektromobil\u016f v\u00a0\u010cR hluboko pod pr\u016fm\u011brem evropsk\u00fdch zem\u00ed. Zat\u00edmco v\u00a0cel\u00e9 EU \u010din\u00ed pod\u00edl elektromobil\u016f na prodeji nov\u00fdch osobn\u00edch voz\u016f u\u017e 13,2 %, v\u00a0\u010cR je to pouze 2,7 %.<\/p>\n<p><em>\u201eSyst\u00e9movou podporu na n\u00e1kup bezemisn\u00edch vozidel jednozna\u010dn\u011b v\u00edt\u00e1me. Nejde p\u0159itom a\u017e tolik o\u00a0samotnou finan\u010dn\u00ed podporu jako o jasn\u00fd sign\u00e1l, \u017ee to \u010cesk\u00e1 republika mysl\u00ed s\u00a0p\u0159echodem k\u00a0bezemisn\u00ed mobilit\u011b v\u00e1\u017en\u011b. Na stran\u011b financuj\u00edc\u00edch spole\u010dnost\u00ed p\u0159ipravujeme ekosyst\u00e9m pro elektromobilitu a\u00a0v\u011b\u0159\u00edm, \u017ee syst\u00e9mov\u00e1 podpora m\u016f\u017ee pomoci nastartovat popt\u00e1vku tak\u00e9 na stran\u011b klient\u016f uva\u017euj\u00edc\u00edch o koupi nov\u00e9ho vozu,\u201c<\/em> uvedla Jana Hanu\u0161ov\u00e1, p\u0159edsedkyn\u011b p\u0159edstavenstva \u010cesk\u00e9 leasingov\u00e9 a\u00a0finan\u010dn\u00ed asociace.<\/p>\n<p>To potvrzuj\u00ed i v\u00fdsledky rozs\u00e1hl\u00e9ho v\u00fdzkumu. Absence finan\u010dn\u00ed podpory p\u0159i rozvoji elektromobil\u016f ze strany st\u00e1tu nen\u00ed jedin\u00fdm d\u016fvodem, pro\u010d si firmy zat\u00edm nena\u0161ly k\u00a0v\u011bt\u0161\u00ed oblib\u011b elektromobil\u016f cestu. Jako bari\u00e9ru vn\u00edmaj\u00ed firmy i mal\u00fd v\u00fdb\u011br vozidel, vysokou po\u0159izovac\u00ed cenu elektromobil\u016f nebo pot\u0159ebu investovat do infrastruktury dob\u00edjen\u00ed \u010di zm\u011bn ve spr\u00e1v\u011b vozov\u00e9ho parku.<\/p>\n<p><em>\u201ePodpora bezemisn\u00ed mobility je jednou z\u00a0priorit\u00a0na\u0161\u00ed Asociace. I proto jsme na p\u0159\u00edprav\u011b nov\u00e9 podpory intenzivn\u011b spolupracovali s\u00a0Ministerstvem pr\u016fmyslu a obchodu \u010cR a\u00a0N\u00e1rodn\u00ed rozvojovou bankou. Spole\u010dn\u011b m\u00e1me jasn\u00fd c\u00edl \u2013 urychlit transformaci tuzemsk\u00e9ho vozov\u00e9ho parku a p\u0159ibl\u00ed\u017eit \u010ceskou republiku k bezemisn\u00ed doprav\u011b,\u201c <\/em>doplnila Jana Hanu\u0161ov\u00e1.<\/p>\n<p><strong>Co zve\u0159ejnilo MPO<\/strong><\/p>\n<p>Z\u00a0informac\u00ed zve\u0159ejn\u011bn\u00fdch MPO vypl\u00fdv\u00e1, \u017ee program Podpora Z\u00e1ruka Elektromobilita \u2013 I. v\u00fdzva se skl\u00e1d\u00e1 ze dvou \u010d\u00e1st\u00ed. Prvn\u00ed \u010d\u00e1st\u00ed je finan\u010dn\u00ed p\u0159\u00edsp\u011bvek na n\u00e1kup bezemisn\u00edch voz\u016f (elektromobil\u016f a\u00a0vod\u00edkov\u00fdch aut) \u010di dob\u00edje\u010dek. U osobn\u00edch voz\u016f m\u016f\u017ee podpora dos\u00e1hnout a\u017e dvou set tis\u00edc, u\u00a0n\u00e1kladn\u00edch \u010di vod\u00edkov\u00fdch voz\u016f a\u017e t\u0159\u00ed set tis\u00edc korun. Na po\u0159\u00edzen\u00ed dob\u00edjec\u00edch stanic lze z\u00edskat p\u0159\u00edsp\u011bvek od 50 do 150 tis\u00edc K\u010d.<\/p>\n<p>Druhou \u010d\u00e1st tvo\u0159\u00ed bankovn\u00ed z\u00e1ruka za komer\u010dn\u00ed \u00fav\u011br, kterou poskytne N\u00e1rodn\u00ed rozvojov\u00e1 banka \u00fav\u011brov\u00e9 spole\u010dnosti, u kter\u00e9 firma v\u016fz \u010di p\u0159\u00edpadn\u011b dob\u00edjec\u00ed stanici bude financovat.<\/p>\n<p>Firmy budou moci \u017e\u00e1dat o p\u0159\u00edsp\u011bvek u leasingov\u00fdch a \u00fav\u011brov\u00fdch spole\u010dnost\u00ed, kter\u00e9 budou m\u00edt uzav\u0159enou spolupr\u00e1ci s\u00a0N\u00e1rodn\u00ed rozvojovou bankou. P\u0159\u00edsp\u011bvek lze z\u00edskat na po\u0159\u00edzen\u00ed osobn\u00edch voz\u016f v\u00a0hodnot\u011b od zhruba p\u016fl milionu do 1,5 milionu K\u010d podle podm\u00ednek programu. V segmentu n\u00e1kladn\u00edch vozidel plat\u00ed a\u017e 2,5milionov\u00fd limit na jedno vozidlo.<\/p>\n<p><img loading=\"lazy\" decoding=\"async\" class=\"alignnone size-medium wp-image-394\" src=\"http:\/\/www.automakers.cz\/wp-content\/uploads\/2023\/11\/SE_Elektromobilita_dobijecka-900x600.jpg\" alt=\"\" width=\"900\" height=\"600\" srcset=\"https:\/\/www.automakers.cz\/wp-content\/uploads\/2023\/11\/SE_Elektromobilita_dobijecka-900x600.jpg 900w, https:\/\/www.automakers.cz\/wp-content\/uploads\/2023\/11\/SE_Elektromobilita_dobijecka-1024x683.jpg 1024w, https:\/\/www.automakers.cz\/wp-content\/uploads\/2023\/11\/SE_Elektromobilita_dobijecka-768x512.jpg 768w, https:\/\/www.automakers.cz\/wp-content\/uploads\/2023\/11\/SE_Elektromobilita_dobijecka-1536x1025.jpg 1536w, https:\/\/www.automakers.cz\/wp-content\/uploads\/2023\/11\/SE_Elektromobilita_dobijecka.jpg 2000w\" sizes=\"auto, (max-width: 900px) 100vw, 900px\" \/><\/p>\n<p>&nbsp;<\/p>\n","protected":false},"excerpt":{"rendered":"<p>Podle pr\u016fzkumu EY pro \u010ceskou leasingovou a finan\u010dn\u00ed asociaci (\u010cLFA) uvedlo 35 % firem jako&#8230;<\/p>\n","protected":false},"author":1,"featured_media":395,"comment_status":"open","ping_status":"open","sticky":false,"template":"","format":"standard","meta":{"footnotes":""},"categories":[42,14],"tags":[],"class_list":["post-631","post","type-post","status-publish","format-standard","has-post-thumbnail","hentry","category-analyza","category-komentar"],"_links":{"self":[{"href":"https:\/\/www.automakers.cz\/index.php?rest_route=\/wp\/v2\/posts\/631","targetHints":{"allow":["GET"]}}],"collection":[{"href":"https:\/\/www.automakers.cz\/index.php?rest_route=\/wp\/v2\/posts"}],"about":[{"href":"https:\/\/www.automakers.cz\/index.php?rest_route=\/wp\/v2\/types\/post"}],"author":[{"embeddable":true,"href":"https:\/\/www.automakers.cz\/index.php?rest_route=\/wp\/v2\/users\/1"}],"replies":[{"embeddable":true,"href":"https:\/\/www.automakers.cz\/index.php?rest_route=%2Fwp%2Fv2%2Fcomments&post=631"}],"version-history":[{"count":4,"href":"https:\/\/www.automakers.cz\/index.php?rest_route=\/wp\/v2\/posts\/631\/revisions"}],"predecessor-version":[{"id":635,"href":"https:\/\/www.automakers.cz\/index.php?rest_route=\/wp\/v2\/posts\/631\/revisions\/635"}],"wp:featuredmedia":[{"embeddable":true,"href":"https:\/\/www.automakers.cz\/index.php?rest_route=\/wp\/v2\/media\/395"}],"wp:attachment":[{"href":"https:\/\/www.automakers.cz\/index.php?rest_route=%2Fwp%2Fv2%2Fmedia&parent=631"}],"wp:term":[{"taxonomy":"category","embeddable":true,"href":"https:\/\/www.automakers.cz\/index.php?rest_route=%2Fwp%2Fv2%2Fcategories&post=631"},{"taxonomy":"post_tag","embeddable":true,"href":"https:\/\/www.automakers.cz\/index.php?rest_route=%2Fwp%2Fv2%2Ftags&post=631"}],"curies":[{"name":"wp","href":"https:\/\/api.w.org\/{rel}","templated":true}]}}