{"id":6317,"date":"2024-08-12T11:08:14","date_gmt":"2024-08-12T11:08:14","guid":{"rendered":"https:\/\/www.automakers.cz\/?p=6317"},"modified":"2024-08-12T11:09:18","modified_gmt":"2024-08-12T11:09:18","slug":"mg-motor-postavi-vyrobni-zavod-v-mexiku","status":"publish","type":"post","link":"https:\/\/www.automakers.cz\/?p=6317","title":{"rendered":"MG Motor postav\u00ed v\u00fdrobn\u00ed z\u00e1vod v Mexiku"},"content":{"rendered":"<p><strong>\u010c\u00ednsk\u00e1 MG Motor pl\u00e1nuje v Mexiku postavit v\u00fdrobn\u00ed z\u00e1vod. Vedle tov\u00e1rny tam chce m\u00edt tak\u00e9 v\u00fdzkumn\u00e9 a v\u00fdvojov\u00e9 centrum. M\u00e1 to b\u00fdt za\u010d\u00e1tek \u00fatoku na Latinskou Ameriku.<br \/>\n<\/strong><!--more--><\/p>\n<p>\u010cang Wej, prezident MG Motor M\u00e9xico, ozn\u00e1mil\u00a0 pl\u00e1n ve st\u0159edu v prohl\u00e1\u0161en\u00ed, v n\u011bm\u017e zd\u016fraznil, \u017ee zna\u010dka u\u017e prodala v Mexiku 150 000 voz\u016f jen \u010dty\u0159i roky po vstupu na trh.<\/p>\n<p>&#8222;Jsme nad\u0161eni, \u017ee m\u016f\u017eeme ozn\u00e1mit pl\u00e1ny na vytvo\u0159en\u00ed Mexika jako centra pro Latinskou Ameriku. Tento krok n\u00e1m umo\u017en\u00ed vyr\u00e1b\u011bt vozidla speci\u00e1ln\u011b navr\u017een\u00e1 pro Latinskou Ameriku a Latinskou Ameriku,&#8220; \u0159ekl.<\/p>\n<p>\u010cang Wej ne\u0159ekl, kolik MG pl\u00e1nuje investovat do tov\u00e1rny a v\u00fdzkumn\u00e9ho a v\u00fdvojov\u00e9ho centra, kde budou za\u0159\u00edzen\u00ed um\u00edst\u011bna, ani kdy bude zah\u00e1jena v\u00fdstavba.<\/p>\n<p>Noviny El Economista v\u0161ak uvedly, \u017ee tov\u00e1rna se bude nach\u00e1zet ve st\u0159edn\u00edm Mexiku nebo v regionu Baj\u00edo a v po\u010d\u00e1te\u010dn\u00ed f\u00e1zi provozu bude vyr\u00e1b\u011bt 100 000 vozidel ro\u010dn\u011b.<\/p>\n<p><img loading=\"lazy\" decoding=\"async\" class=\"alignnone size-medium wp-image-5514\" src=\"http:\/\/www.automakers.cz\/wp-content\/uploads\/2024\/07\/All-New-MG-HS-1-small-900x488.jpg\" alt=\"\" width=\"900\" height=\"488\" srcset=\"https:\/\/www.automakers.cz\/wp-content\/uploads\/2024\/07\/All-New-MG-HS-1-small-900x488.jpg 900w, https:\/\/www.automakers.cz\/wp-content\/uploads\/2024\/07\/All-New-MG-HS-1-small-1024x555.jpg 1024w, https:\/\/www.automakers.cz\/wp-content\/uploads\/2024\/07\/All-New-MG-HS-1-small-768x416.jpg 768w, https:\/\/www.automakers.cz\/wp-content\/uploads\/2024\/07\/All-New-MG-HS-1-small.jpg 1280w\" sizes=\"auto, (max-width: 900px) 100vw, 900px\" \/>Automobilka s\u00e1zkou na Mexiko n\u00e1sleduje konkuren\u010dn\u00ed v\u00fdrobce elektromobil\u016f jako jsou BYD nebo Tesla.<\/p>\n<p><strong>Zdroj: El Economista<\/strong><\/p>\n","protected":false},"excerpt":{"rendered":"<p>\u010c\u00ednsk\u00e1 MG Motor pl\u00e1nuje v Mexiku postavit v\u00fdrobn\u00ed z\u00e1vod. Vedle tov\u00e1rny tam chce m\u00edt tak\u00e9&#8230;<\/p>\n","protected":false},"author":1,"featured_media":5518,"comment_status":"closed","ping_status":"closed","sticky":false,"template":"","format":"standard","meta":{"footnotes":""},"categories":[9,3,18],"tags":[],"class_list":["post-6317","post","type-post","status-publish","format-standard","has-post-thumbnail","hentry","category-elektromobily","category-investice","category-vyroba"],"_links":{"self":[{"href":"https:\/\/www.automakers.cz\/index.php?rest_route=\/wp\/v2\/posts\/6317","targetHints":{"allow":["GET"]}}],"collection":[{"href":"https:\/\/www.automakers.cz\/index.php?rest_route=\/wp\/v2\/posts"}],"about":[{"href":"https:\/\/www.automakers.cz\/index.php?rest_route=\/wp\/v2\/types\/post"}],"author":[{"embeddable":true,"href":"https:\/\/www.automakers.cz\/index.php?rest_route=\/wp\/v2\/users\/1"}],"replies":[{"embeddable":true,"href":"https:\/\/www.automakers.cz\/index.php?rest_route=%2Fwp%2Fv2%2Fcomments&post=6317"}],"version-history":[{"count":5,"href":"https:\/\/www.automakers.cz\/index.php?rest_route=\/wp\/v2\/posts\/6317\/revisions"}],"predecessor-version":[{"id":6322,"href":"https:\/\/www.automakers.cz\/index.php?rest_route=\/wp\/v2\/posts\/6317\/revisions\/6322"}],"wp:featuredmedia":[{"embeddable":true,"href":"https:\/\/www.automakers.cz\/index.php?rest_route=\/wp\/v2\/media\/5518"}],"wp:attachment":[{"href":"https:\/\/www.automakers.cz\/index.php?rest_route=%2Fwp%2Fv2%2Fmedia&parent=6317"}],"wp:term":[{"taxonomy":"category","embeddable":true,"href":"https:\/\/www.automakers.cz\/index.php?rest_route=%2Fwp%2Fv2%2Fcategories&post=6317"},{"taxonomy":"post_tag","embeddable":true,"href":"https:\/\/www.automakers.cz\/index.php?rest_route=%2Fwp%2Fv2%2Ftags&post=6317"}],"curies":[{"name":"wp","href":"https:\/\/api.w.org\/{rel}","templated":true}]}}